{"id":1000,"date":"2016-09-06T11:00:39","date_gmt":"2016-09-06T09:00:39","guid":{"rendered":"http:\/\/fernwehkinder.de\/?p=1000"},"modified":"2016-09-06T10:52:17","modified_gmt":"2016-09-06T08:52:17","slug":"taegliches-fernweh","status":"publish","type":"post","link":"http:\/\/fernwehkinder.de\/?p=1000","title":{"rendered":"T\u00e4gliches Fernweh"},"content":{"rendered":"<p>Von Aurelia und Bathida kenne ich es schon lange, nun hat es auch Nele erwischt: chronisches Fernweh.<\/p>\n<p>Aurelia fragt mich ja schon abends immer &#8222;Wohin fahren wir morgen?&#8220; und morgens noch einmal. Bathida will immer mit dabei sein, selbst wenn ich nur einkaufen fahre und sie zuhause nicht einmal allein w\u00e4re.<\/p>\n<figure id=\"attachment_1034\" aria-describedby=\"caption-attachment-1034\" style=\"width: 300px\" class=\"wp-caption alignleft\"><img loading=\"lazy\" decoding=\"async\" class=\"wp-image-1034 size-medium\" src=\"http:\/\/fernwehkinder.de\/wp-content\/uploads\/2016\/09\/20160905_081639-300x169.jpg\" alt=\"20160905_081639\" width=\"300\" height=\"169\" srcset=\"http:\/\/fernwehkinder.de\/wp-content\/uploads\/2016\/09\/20160905_081639-300x169.jpg 300w, http:\/\/fernwehkinder.de\/wp-content\/uploads\/2016\/09\/20160905_081639-768x432.jpg 768w, http:\/\/fernwehkinder.de\/wp-content\/uploads\/2016\/09\/20160905_081639-1024x576.jpg 1024w\" sizes=\"auto, (max-width: 300px) 100vw, 300px\" \/><figcaption id=\"caption-attachment-1034\" class=\"wp-caption-text\">Wandern ist mein Hobby<\/figcaption><\/figure>\n<figure id=\"attachment_1033\" aria-describedby=\"caption-attachment-1033\" style=\"width: 300px\" class=\"wp-caption alignright\"><img loading=\"lazy\" decoding=\"async\" class=\"wp-image-1033 size-medium\" src=\"http:\/\/fernwehkinder.de\/wp-content\/uploads\/2016\/09\/20160905_081910-300x169.jpg\" alt=\"20160905_081910\" width=\"300\" height=\"169\" srcset=\"http:\/\/fernwehkinder.de\/wp-content\/uploads\/2016\/09\/20160905_081910-300x169.jpg 300w, http:\/\/fernwehkinder.de\/wp-content\/uploads\/2016\/09\/20160905_081910-768x432.jpg 768w, http:\/\/fernwehkinder.de\/wp-content\/uploads\/2016\/09\/20160905_081910-1024x576.jpg 1024w\" sizes=\"auto, (max-width: 300px) 100vw, 300px\" \/><figcaption id=\"caption-attachment-1033\" class=\"wp-caption-text\">Lange Schatten im Fr\u00fchherbst<\/figcaption><\/figure>\n<p>Seit unserer R\u00fcckkehr aus der Eifel ist es Nele zuhause langweilig, scheint mir. Wenn die Garage offen steht, versucht sie in den Buggy zu klettern oder steigt in den Fahrradanh\u00e4nger, klatscht in die H\u00e4nde und kreischt &#8222;Los!&#8220;. Seit Freitag ist sie nicht zu halten, wenn ich Aurelia zum Kindergarten fahre. Meine Fr\u00fchaufsteherin st\u00fcrzt schneller zum Auto, als Bathida und Aurelia zusammen. Also kommt sie mit, bringt mit mir Aurelia in ihre Gruppe und l\u00e4uft die Hunderunde schon komplett zu Fu\u00df. Ich werde ihr wohl bald zu den normalen Schuhen auch Wanderschuhe kaufen m\u00fcssen. Sie findet die Hunderunden total spannend, weil sie dort nicht nur mit Bathida l\u00e4uft und kuschelt, sondern auch andere Hunde streicheln kann. Bathida scheint auch gemerkt zu haben, dass Nele jedes Tier liebt, denn sie knurrt nicht mehr, wenn sich ein anderer Hund ihrem &#8222;Lieblingswelpen&#8220; n\u00e4hert. Selbst Bathidas beste Feindin Lena durfte Nele sogar einen nassen Hundekuss geben.<\/p>\n<figure id=\"attachment_1035\" aria-describedby=\"caption-attachment-1035\" style=\"width: 300px\" class=\"wp-caption alignleft\"><img loading=\"lazy\" decoding=\"async\" class=\"wp-image-1035 size-medium\" src=\"http:\/\/fernwehkinder.de\/wp-content\/uploads\/2016\/09\/20160905_0820010-300x169.jpg\" alt=\"20160905_082001(0)\" width=\"300\" height=\"169\" srcset=\"http:\/\/fernwehkinder.de\/wp-content\/uploads\/2016\/09\/20160905_0820010-300x169.jpg 300w, http:\/\/fernwehkinder.de\/wp-content\/uploads\/2016\/09\/20160905_0820010-768x432.jpg 768w, http:\/\/fernwehkinder.de\/wp-content\/uploads\/2016\/09\/20160905_0820010-1024x576.jpg 1024w\" sizes=\"auto, (max-width: 300px) 100vw, 300px\" \/><figcaption id=\"caption-attachment-1035\" class=\"wp-caption-text\">So gro\u00df bin ich schon<\/figcaption><\/figure>\n<figure id=\"attachment_1032\" aria-describedby=\"caption-attachment-1032\" style=\"width: 300px\" class=\"wp-caption alignright\"><img loading=\"lazy\" decoding=\"async\" class=\"wp-image-1032 size-medium\" src=\"http:\/\/fernwehkinder.de\/wp-content\/uploads\/2016\/09\/20160905_082003-300x169.jpg\" alt=\"20160905_082003\" width=\"300\" height=\"169\" srcset=\"http:\/\/fernwehkinder.de\/wp-content\/uploads\/2016\/09\/20160905_082003-300x169.jpg 300w, http:\/\/fernwehkinder.de\/wp-content\/uploads\/2016\/09\/20160905_082003-768x432.jpg 768w, http:\/\/fernwehkinder.de\/wp-content\/uploads\/2016\/09\/20160905_082003-1024x576.jpg 1024w\" sizes=\"auto, (max-width: 300px) 100vw, 300px\" \/><figcaption id=\"caption-attachment-1032\" class=\"wp-caption-text\">Komm in meine Arme!<\/figcaption><\/figure>\n<p>Kommen wir dann kurz vor neun nach Hause, muss ich Cari f\u00fcr den Kindergarten wecken, w\u00e4hrend Nele schon langsam m\u00fcde wird.<\/p>\n<p>Hach, manchmal w\u00e4re ich froh \u00fcber Zwillinge mit identischem Biorhythmus. Auf der anderen Seite hat mich auf diese Weise abends Cari f\u00fcr sich und morgens Nele. Aber die Eingew\u00f6hnung schreitet trotzdem gut voran, heute hole ich die beiden erst nach dem Mittagessen ab.<\/p>\n","protected":false},"excerpt":{"rendered":"<p>Von Aurelia und Bathida kenne ich es schon lange, nun hat es auch Nele erwischt: chronisches Fernweh. Aurelia fragt mich ja schon abends&#8230;<\/p>\n","protected":false},"author":1,"featured_media":1032,"comment_status":"open","ping_status":"open","sticky":false,"template":"","format":"standard","meta":{"jetpack_post_was_ever_published":false,"_jetpack_newsletter_access":"","_jetpack_dont_email_post_to_subs":false,"_jetpack_newsletter_tier_id":0,"_jetpack_memberships_contains_paywalled_content":false,"_jetpack_memberships_contains_paid_content":false,"footnotes":""},"categories":[7],"tags":[67,40],"class_list":["post-1000","post","type-post","status-publish","format-standard","has-post-thumbnail","hentry","category-kinder","tag-tiere","tag-wandern"],"jetpack_featured_media_url":"http:\/\/fernwehkinder.de\/wp-content\/uploads\/2016\/09\/20160905_082003.jpg","jetpack_sharing_enabled":true,"jetpack-related-posts":[],"jetpack_likes_enabled":true,"_links":{"self":[{"href":"http:\/\/fernwehkinder.de\/index.php?rest_route=\/wp\/v2\/posts\/1000","targetHints":{"allow":["GET"]}}],"collection":[{"href":"http:\/\/fernwehkinder.de\/index.php?rest_route=\/wp\/v2\/posts"}],"about":[{"href":"http:\/\/fernwehkinder.de\/index.php?rest_route=\/wp\/v2\/types\/post"}],"author":[{"embeddable":true,"href":"http:\/\/fernwehkinder.de\/index.php?rest_route=\/wp\/v2\/users\/1"}],"replies":[{"embeddable":true,"href":"http:\/\/fernwehkinder.de\/index.php?rest_route=%2Fwp%2Fv2%2Fcomments&post=1000"}],"version-history":[{"count":0,"href":"http:\/\/fernwehkinder.de\/index.php?rest_route=\/wp\/v2\/posts\/1000\/revisions"}],"wp:featuredmedia":[{"embeddable":true,"href":"http:\/\/fernwehkinder.de\/index.php?rest_route=\/wp\/v2\/media\/1032"}],"wp:attachment":[{"href":"http:\/\/fernwehkinder.de\/index.php?rest_route=%2Fwp%2Fv2%2Fmedia&parent=1000"}],"wp:term":[{"taxonomy":"category","embeddable":true,"href":"http:\/\/fernwehkinder.de\/index.php?rest_route=%2Fwp%2Fv2%2Fcategories&post=1000"},{"taxonomy":"post_tag","embeddable":true,"href":"http:\/\/fernwehkinder.de\/index.php?rest_route=%2Fwp%2Fv2%2Ftags&post=1000"}],"curies":[{"name":"wp","href":"https:\/\/api.w.org\/{rel}","templated":true}]}}