{"id":1401,"date":"2016-09-29T20:07:23","date_gmt":"2016-09-29T18:07:23","guid":{"rendered":"http:\/\/fernwehkinder.de\/?p=1401"},"modified":"2021-03-13T07:46:21","modified_gmt":"2021-03-13T06:46:21","slug":"regen-in-retterath","status":"publish","type":"post","link":"http:\/\/fernwehkinder.de\/?p=1401","title":{"rendered":"Ausflugstipp: Regen in Retterath"},"content":{"rendered":"<figure id=\"attachment_24\" aria-describedby=\"caption-attachment-24\" style=\"width: 300px\" class=\"wp-caption alignright\"><img loading=\"lazy\" decoding=\"async\" class=\"size-medium wp-image-24\" src=\"http:\/\/fernwehkinder.de\/wp-content\/uploads\/2016\/03\/P8020313-300x225.jpg\" alt=\"OLYMPUS DIGITAL CAMERA\" width=\"300\" height=\"225\"><figcaption id=\"caption-attachment-24\" class=\"wp-caption-text\">Die Retteraths in Retterath<\/figcaption><\/figure>\n<p>Die Tour von Gunderath \u00fcber Uersfeld und Retterath zum Baumhaus und zum Spielschiff am Heilbachsee sind wir zwar schon im vergangenen Jahr gewandert, aber wegen meines <a href=\"http:\/\/fernwehkinder.de\/?p=64\">Datencrashes <\/a>fehlen mir die Fotos von damals. Nur noch dieses hier konnte aus einer Mail gerettet werden.<\/p>\n<p>Also zog ich mit Bathida noch einmal los und wir schauten uns Retterath, Uersfeld und Gunderath&nbsp;ein zweites Mal an.<\/p>\n<figure id=\"attachment_1396\" aria-describedby=\"caption-attachment-1396\" style=\"width: 225px\" class=\"wp-caption alignleft\"><img loading=\"lazy\" decoding=\"async\" class=\"wp-image-1396 size-medium\" src=\"http:\/\/fernwehkinder.de\/wp-content\/uploads\/2016\/09\/P9231988-225x300.jpg\" alt=\"OLYMPUS DIGITAL CAMERA\" width=\"225\" height=\"300\" srcset=\"http:\/\/fernwehkinder.de\/wp-content\/uploads\/2016\/09\/P9231988-225x300.jpg 225w, http:\/\/fernwehkinder.de\/wp-content\/uploads\/2016\/09\/P9231988-768x1024.jpg 768w\" sizes=\"auto, (max-width: 225px) 100vw, 225px\" \/><figcaption id=\"caption-attachment-1396\" class=\"wp-caption-text\">Ulkige H\u00e4ngebr\u00fccke<\/figcaption><\/figure>\n<p>Gut so, denn auf der Strecke vom Baumhaus zum Heilbachsee sind seit unserer ersten Recherche einige spannende neue Holzbauwerke entstanden: ein Mini-Kletterparcours und zwei lustige H\u00e4ngebr\u00fccken. Schade, dass ich die Kinder nicht dabei hatte, die h\u00e4tten bestimmt Spass daran gehabt.<\/p>\n<p>Schade, dass das Wetter sich im Laufe unserer Wanderung immer weiter verschlechterte, sodass wir nass wurden und ich zwar von der zweiten Runde grunds\u00e4tzlich Fotos habe, aber keine so sch\u00f6nen Aufnahmen wie bei der ersten Tour. Zum Wandern gefiel es uns gut. es war nicht so hei\u00df und der Spr\u00fchregen k\u00fchlte uns angenehm auf eine normale Betriebstemperatur. Naja, vielleicht machen wir uns nach der Mallorcarecherche noch einmal auf den Weg. Im dichten Buchenwald spielt es ja bei den Fotos kaum eine Rolle, ob sie im Sommer oder im Winter geschossen wurden.<\/p>\n<p>Ich \u00fcberlege ohnehin, ob ich eine Tradition einf\u00fchre, wonach wir jedes Jahr einmal nach Retterath fahren und uns neben dem Ortsschild fotografieren lassen.<\/p>\n<figure id=\"attachment_1394\" aria-describedby=\"caption-attachment-1394\" style=\"width: 300px\" class=\"wp-caption alignleft\"><img loading=\"lazy\" decoding=\"async\" class=\"wp-image-1394 size-medium\" src=\"http:\/\/fernwehkinder.de\/wp-content\/uploads\/2016\/09\/P9231942-300x225.jpg\" alt=\"OLYMPUS DIGITAL CAMERA\" width=\"300\" height=\"225\" srcset=\"http:\/\/fernwehkinder.de\/wp-content\/uploads\/2016\/09\/P9231942-300x225.jpg 300w, http:\/\/fernwehkinder.de\/wp-content\/uploads\/2016\/09\/P9231942-768x576.jpg 768w, http:\/\/fernwehkinder.de\/wp-content\/uploads\/2016\/09\/P9231942-1024x768.jpg 1024w\" sizes=\"auto, (max-width: 300px) 100vw, 300px\" \/><figcaption id=\"caption-attachment-1394\" class=\"wp-caption-text\">Start und Ziel am Heilbachsee<\/figcaption><\/figure>\n<figure id=\"attachment_1397\" aria-describedby=\"caption-attachment-1397\" style=\"width: 300px\" class=\"wp-caption alignleft\"><img loading=\"lazy\" decoding=\"async\" class=\"wp-image-1397 size-medium\" src=\"http:\/\/fernwehkinder.de\/wp-content\/uploads\/2016\/09\/P9232011-300x225.jpg\" alt=\"OLYMPUS DIGITAL CAMERA\" width=\"300\" height=\"225\"><figcaption id=\"caption-attachment-1397\" class=\"wp-caption-text\">Das Baumhaus, bis zu 8 m hohe Kletterfreude<\/figcaption><\/figure>\n<figure id=\"attachment_1395\" aria-describedby=\"caption-attachment-1395\" style=\"width: 300px\" class=\"wp-caption alignleft\"><img loading=\"lazy\" decoding=\"async\" class=\"wp-image-1395 size-medium\" src=\"http:\/\/fernwehkinder.de\/wp-content\/uploads\/2016\/09\/P9231970-300x225.jpg\" alt=\"OLYMPUS DIGITAL CAMERA\" width=\"300\" height=\"225\" srcset=\"http:\/\/fernwehkinder.de\/wp-content\/uploads\/2016\/09\/P9231970-300x225.jpg 300w, http:\/\/fernwehkinder.de\/wp-content\/uploads\/2016\/09\/P9231970-768x576.jpg 768w, http:\/\/fernwehkinder.de\/wp-content\/uploads\/2016\/09\/P9231970-1024x768.jpg 1024w\" sizes=\"auto, (max-width: 300px) 100vw, 300px\" \/><figcaption id=\"caption-attachment-1395\" class=\"wp-caption-text\">Wie gut, dass mich niemand beim Ausprobieren des Parcours gesehen hat&#8230;<\/figcaption><\/figure>\n<figure id=\"attachment_1398\" aria-describedby=\"caption-attachment-1398\" style=\"width: 300px\" class=\"wp-caption alignleft\"><img loading=\"lazy\" decoding=\"async\" class=\"wp-image-1398 size-medium\" src=\"http:\/\/fernwehkinder.de\/wp-content\/uploads\/2016\/09\/P9232014-300x225.jpg\" alt=\"OLYMPUS DIGITAL CAMERA\" width=\"300\" height=\"225\" srcset=\"http:\/\/fernwehkinder.de\/wp-content\/uploads\/2016\/09\/P9232014-300x225.jpg 300w, http:\/\/fernwehkinder.de\/wp-content\/uploads\/2016\/09\/P9232014-768x576.jpg 768w, http:\/\/fernwehkinder.de\/wp-content\/uploads\/2016\/09\/P9232014-1024x768.jpg 1024w\" sizes=\"auto, (max-width: 300px) 100vw, 300px\" \/><figcaption id=\"caption-attachment-1398\" class=\"wp-caption-text\">Fast wieder am Ziel<\/figcaption><\/figure>\n","protected":false},"excerpt":{"rendered":"<p>Die Tour von Gunderath \u00fcber Uersfeld und Retterath zum Baumhaus und zum Spielschiff am Heilbachsee sind wir zwar schon im vergangenen Jahr gewandert,&#8230;<\/p>\n","protected":false},"author":1,"featured_media":1397,"comment_status":"open","ping_status":"open","sticky":false,"template":"","format":"standard","meta":{"jetpack_post_was_ever_published":false,"_jetpack_newsletter_access":"","_jetpack_dont_email_post_to_subs":true,"_jetpack_newsletter_tier_id":0,"_jetpack_memberships_contains_paywalled_content":false,"_jetpack_memberships_contains_paid_content":false,"footnotes":""},"categories":[181,4],"tags":[82,26,11],"class_list":["post-1401","post","type-post","status-publish","format-standard","has-post-thumbnail","hentry","category-fernweh-schreiberin","category-recherchetour","tag-bathida","tag-conrad-stein-verlag","tag-eifel"],"jetpack_featured_media_url":"http:\/\/fernwehkinder.de\/wp-content\/uploads\/2016\/09\/P9232011-e1475156710364.jpg","jetpack_sharing_enabled":true,"jetpack-related-posts":[],"jetpack_likes_enabled":true,"_links":{"self":[{"href":"http:\/\/fernwehkinder.de\/index.php?rest_route=\/wp\/v2\/posts\/1401","targetHints":{"allow":["GET"]}}],"collection":[{"href":"http:\/\/fernwehkinder.de\/index.php?rest_route=\/wp\/v2\/posts"}],"about":[{"href":"http:\/\/fernwehkinder.de\/index.php?rest_route=\/wp\/v2\/types\/post"}],"author":[{"embeddable":true,"href":"http:\/\/fernwehkinder.de\/index.php?rest_route=\/wp\/v2\/users\/1"}],"replies":[{"embeddable":true,"href":"http:\/\/fernwehkinder.de\/index.php?rest_route=%2Fwp%2Fv2%2Fcomments&post=1401"}],"version-history":[{"count":1,"href":"http:\/\/fernwehkinder.de\/index.php?rest_route=\/wp\/v2\/posts\/1401\/revisions"}],"predecessor-version":[{"id":8373,"href":"http:\/\/fernwehkinder.de\/index.php?rest_route=\/wp\/v2\/posts\/1401\/revisions\/8373"}],"wp:featuredmedia":[{"embeddable":true,"href":"http:\/\/fernwehkinder.de\/index.php?rest_route=\/wp\/v2\/media\/1397"}],"wp:attachment":[{"href":"http:\/\/fernwehkinder.de\/index.php?rest_route=%2Fwp%2Fv2%2Fmedia&parent=1401"}],"wp:term":[{"taxonomy":"category","embeddable":true,"href":"http:\/\/fernwehkinder.de\/index.php?rest_route=%2Fwp%2Fv2%2Fcategories&post=1401"},{"taxonomy":"post_tag","embeddable":true,"href":"http:\/\/fernwehkinder.de\/index.php?rest_route=%2Fwp%2Fv2%2Ftags&post=1401"}],"curies":[{"name":"wp","href":"https:\/\/api.w.org\/{rel}","templated":true}]}}