{"id":1625,"date":"2016-11-20T09:58:04","date_gmt":"2016-11-20T08:58:04","guid":{"rendered":"http:\/\/fernwehkinder.de\/?p=1625"},"modified":"2016-11-20T09:58:04","modified_gmt":"2016-11-20T08:58:04","slug":"sand-muscheln-und-kippen","status":"publish","type":"post","link":"http:\/\/fernwehkinder.de\/?p=1625","title":{"rendered":"Sand, Muscheln und Kippen"},"content":{"rendered":"<p><img loading=\"lazy\" decoding=\"async\" class=\"alignleft wp-image-1642 size-medium\" src=\"http:\/\/fernwehkinder.de\/wp-content\/uploads\/2016\/11\/PB134151-300x225.jpg\" alt=\"OLYMPUS DIGITAL CAMERA\" width=\"300\" height=\"225\" srcset=\"http:\/\/fernwehkinder.de\/wp-content\/uploads\/2016\/11\/PB134151-300x225.jpg 300w, http:\/\/fernwehkinder.de\/wp-content\/uploads\/2016\/11\/PB134151-768x576.jpg 768w, http:\/\/fernwehkinder.de\/wp-content\/uploads\/2016\/11\/PB134151-1024x768.jpg 1024w\" sizes=\"auto, (max-width: 300px) 100vw, 300px\" \/><\/p>\n<p>1986 war ich l\u00e4ngere Zeit in Indien. Seither bringe ich mir von all meinen Reisen als Andenken etwas Sand mit. Das bringt bei Fernwanderungen mitunter erhebliches Extragewicht in den Rucksack. Stets sammle ich authentischen Sand, also einschlie\u00dflich Muscheln, Steinen, Kronkorken, Kiefernzapfen und Zigarettenkippen.<\/p>\n<p><img loading=\"lazy\" decoding=\"async\" class=\"alignright wp-image-1646 size-medium\" src=\"http:\/\/fernwehkinder.de\/wp-content\/uploads\/2016\/11\/PB134150-300x225.jpg\" alt=\"OLYMPUS DIGITAL CAMERA\" width=\"300\" height=\"225\" srcset=\"http:\/\/fernwehkinder.de\/wp-content\/uploads\/2016\/11\/PB134150-300x225.jpg 300w, http:\/\/fernwehkinder.de\/wp-content\/uploads\/2016\/11\/PB134150-768x576.jpg 768w, http:\/\/fernwehkinder.de\/wp-content\/uploads\/2016\/11\/PB134150-1024x768.jpg 1024w\" sizes=\"auto, (max-width: 300px) 100vw, 300px\" \/><\/p>\n<p>Zuhause f\u00fclle ich den Sand in leere Honiggl\u00e4ser und freue mich an den vielen verschiedenen Arten von Sand: fast wei\u00df aus Kerala, vulkanisch schwarz von Madeira, grau von der Nordsee, orangerot aus der <a href=\"http:\/\/fernwehkinder.de\/?p=1092\">Sahara\u00a0<\/a>und aus der Namib-W\u00fcste. Er ist staubfein wie aus dem <a href=\"http:\/\/fernwehkinder.de\/?p=557\">Mullertal <\/a>oder grobk\u00f6rnig wie aus der Toskana.<\/p>\n<p>Einer meiner Lieblinge kommt aus Wales von einem Strand namens Whispering Sands. Wenn man dort \u00fcber den Sand l\u00e4uft, scheint er zu fl\u00fcstern. Der besonders hohe Anteil an Muschelschalen erzeugt wohl dieses Ger\u00e4usch.<\/p>\n<p><img loading=\"lazy\" decoding=\"async\" class=\"size-medium wp-image-1615 alignleft\" src=\"http:\/\/fernwehkinder.de\/wp-content\/uploads\/2016\/11\/20161112_171834-300x169.jpg\" alt=\"20161112_171834\" width=\"300\" height=\"169\" srcset=\"http:\/\/fernwehkinder.de\/wp-content\/uploads\/2016\/11\/20161112_171834-300x169.jpg 300w, http:\/\/fernwehkinder.de\/wp-content\/uploads\/2016\/11\/20161112_171834-768x432.jpg 768w, http:\/\/fernwehkinder.de\/wp-content\/uploads\/2016\/11\/20161112_171834-1024x576.jpg 1024w\" sizes=\"auto, (max-width: 300px) 100vw, 300px\" \/>Am Wochenende haben wir uns die Zeit genommen, sieben sandige Mitbringsel von Mallorca und einen Eifelsand abzuf\u00fcllen. Genau das richtige f\u00fcr ein kaltes Herbstwochenende. Aurelia ist dabei schon eine gro\u00dfe Hilfe, sie f\u00fcllt den Sand ab, verschraubt und beklebt die Gl\u00e4ser, ich musste nur die Namensschilder drucken.<\/p>\n<p><img loading=\"lazy\" decoding=\"async\" class=\"size-medium wp-image-1613 alignright\" src=\"http:\/\/fernwehkinder.de\/wp-content\/uploads\/2016\/11\/20161112_173828-300x169.jpg\" alt=\"20161112_173828\" width=\"300\" height=\"169\" srcset=\"http:\/\/fernwehkinder.de\/wp-content\/uploads\/2016\/11\/20161112_173828-300x169.jpg 300w, http:\/\/fernwehkinder.de\/wp-content\/uploads\/2016\/11\/20161112_173828-768x432.jpg 768w, http:\/\/fernwehkinder.de\/wp-content\/uploads\/2016\/11\/20161112_173828-1024x576.jpg 1024w\" sizes=\"auto, (max-width: 300px) 100vw, 300px\" \/>Ich freue mich \u00fcber die Neuzug\u00e4nge in meiner Sammlung. Dabei schaue ich auch voller Sehnsucht und Dankbarkeit die vielen schon gef\u00fcllten Gl\u00e4ser an. Wie sch\u00f6n, dass ich schon an so vielen sandigen Stellen auf der Welt war.\u00a0Gleichzeitig habe ich Fernweh bei jedem leeren Honigglas, das ich f\u00fcr den n\u00e4chsten Sand verwahre. Wo mag der Sand f\u00fcr dieses Glas gesammelt werden?<\/p>\n<p>Was sammelt ihr?<\/p>\n<p>Ist Sammeln von realen Dingen \u00fcberhaupt noch up to date in Zeiten, in denen man virtuelle Freunde bei Facebook und virtuelle Anh\u00e4nger bei Instagramm sammelt?<\/p>\n","protected":false},"excerpt":{"rendered":"<p>1986 war ich l\u00e4ngere Zeit in Indien. Seither bringe ich mir von all meinen Reisen als Andenken etwas Sand mit. Das bringt bei&#8230;<\/p>\n","protected":false},"author":1,"featured_media":1642,"comment_status":"open","ping_status":"open","sticky":false,"template":"","format":"standard","meta":{"jetpack_post_was_ever_published":false,"_jetpack_newsletter_access":"","_jetpack_dont_email_post_to_subs":false,"_jetpack_newsletter_tier_id":0,"_jetpack_memberships_contains_paywalled_content":false,"_jetpack_memberships_contains_paid_content":false,"footnotes":""},"categories":[6,7,3,9],"tags":[11,108,140,141,114],"class_list":["post-1625","post","type-post","status-publish","format-standard","has-post-thumbnail","hentry","category-nachdenkliches","category-kinder","category-rabenmutter","category-ziele","tag-eifel","tag-mallorca","tag-namibia","tag-toskana","tag-tunesien"],"jetpack_featured_media_url":"http:\/\/fernwehkinder.de\/wp-content\/uploads\/2016\/11\/PB134151.jpg","jetpack_sharing_enabled":true,"jetpack-related-posts":[],"jetpack_likes_enabled":true,"_links":{"self":[{"href":"http:\/\/fernwehkinder.de\/index.php?rest_route=\/wp\/v2\/posts\/1625","targetHints":{"allow":["GET"]}}],"collection":[{"href":"http:\/\/fernwehkinder.de\/index.php?rest_route=\/wp\/v2\/posts"}],"about":[{"href":"http:\/\/fernwehkinder.de\/index.php?rest_route=\/wp\/v2\/types\/post"}],"author":[{"embeddable":true,"href":"http:\/\/fernwehkinder.de\/index.php?rest_route=\/wp\/v2\/users\/1"}],"replies":[{"embeddable":true,"href":"http:\/\/fernwehkinder.de\/index.php?rest_route=%2Fwp%2Fv2%2Fcomments&post=1625"}],"version-history":[{"count":0,"href":"http:\/\/fernwehkinder.de\/index.php?rest_route=\/wp\/v2\/posts\/1625\/revisions"}],"wp:featuredmedia":[{"embeddable":true,"href":"http:\/\/fernwehkinder.de\/index.php?rest_route=\/wp\/v2\/media\/1642"}],"wp:attachment":[{"href":"http:\/\/fernwehkinder.de\/index.php?rest_route=%2Fwp%2Fv2%2Fmedia&parent=1625"}],"wp:term":[{"taxonomy":"category","embeddable":true,"href":"http:\/\/fernwehkinder.de\/index.php?rest_route=%2Fwp%2Fv2%2Fcategories&post=1625"},{"taxonomy":"post_tag","embeddable":true,"href":"http:\/\/fernwehkinder.de\/index.php?rest_route=%2Fwp%2Fv2%2Ftags&post=1625"}],"curies":[{"name":"wp","href":"https:\/\/api.w.org\/{rel}","templated":true}]}}