{"id":1988,"date":"2016-12-26T17:28:07","date_gmt":"2016-12-26T16:28:07","guid":{"rendered":"http:\/\/fernwehkinder.de\/?p=1988"},"modified":"2016-12-31T12:12:12","modified_gmt":"2016-12-31T11:12:12","slug":"feliz-navidad-leev-lueck","status":"publish","type":"post","link":"http:\/\/fernwehkinder.de\/?p=1988","title":{"rendered":"Feliz Navidad, leev L\u00fcck!"},"content":{"rendered":"<p>Hallo, ihr Lieben!<\/p>\n<p>Hattet ihr sch\u00f6ne Weihnachtstage?<\/p>\n<p>Uns geht es gut hier, wenn auch mit kleinen &#8222;Abers&#8220;.<\/p>\n<p><img loading=\"lazy\" decoding=\"async\" class=\"size-medium wp-image-1993 alignright\" src=\"http:\/\/fernwehkinder.de\/wp-content\/uploads\/2016\/12\/20161225_100308-300x169.jpg\" alt=\"20161225_100308\" width=\"300\" height=\"169\" \/>Aurelia hatte im Miniclub sch\u00f6ne Tischdekoration gebastelt. Oma steuerte eine Reisekrippe und au\u00dferdem eine heilige Familie bei. Bei den Krippentieren wurde kurz improvisiert: Dorie und Nemo \u00fcbernahmen die Jobs von Ochs und Esel.<\/p>\n<p><img loading=\"lazy\" decoding=\"async\" class=\"size-medium wp-image-1994 alignleft\" src=\"http:\/\/fernwehkinder.de\/wp-content\/uploads\/2016\/12\/20161225_100159-e1483182446751-300x278.jpg\" alt=\"20161225_100159\" width=\"300\" height=\"278\" srcset=\"http:\/\/fernwehkinder.de\/wp-content\/uploads\/2016\/12\/20161225_100159-e1483182446751-300x278.jpg 300w, http:\/\/fernwehkinder.de\/wp-content\/uploads\/2016\/12\/20161225_100159-e1483182446751-768x710.jpg 768w, http:\/\/fernwehkinder.de\/wp-content\/uploads\/2016\/12\/20161225_100159-e1483182446751-1024x947.jpg 1024w, http:\/\/fernwehkinder.de\/wp-content\/uploads\/2016\/12\/20161225_100159-e1483182446751.jpg 1200w\" sizes=\"auto, (max-width: 300px) 100vw, 300px\" \/>Die\u00a0<a href=\"http:\/\/fernwehkinder.de\/?p=1940\">Diskussion<\/a> \u00fcber Nikolaus, Christkind, Weihnachtsmann und Santa Claus spitzte sich zu, als wir im Hotelprogramm lasen, dass sich f\u00fcr folgenden Vormittag der Pere Noel angemeldet hatte, um Weihnachtsgeschenke zu verteilen. Meine Mutter bestand auf Weihnachtsmann, ich favorisiere weiterhin das Christkind und Aurelia ist jeder Recht, der Geschenke anschleppt. Sie versteht aber auch, dass alle Zust\u00e4ndigen nur kleine Geschenke bringen k\u00f6nnen. Es ist Ihnen ja bekannt,dass wir alles mit dem Flugzeug nach hause transportieren m\u00fcssen.<\/p>\n<p><span style=\"line-height: 1.5;\">Am Heiligabend reisten nochmal 300 G\u00e4ste an, das Abendessen musste in zwei Schichten eingenommen werden. Der sonst f\u00fcr uns reservierte Tisch war trotz Reservierungsschild besetzt, wir sa\u00dfen hinten in einer Ecke und mussten bei jedem Gang zum Buffet etliche andere G\u00e4ste aufscheuchen. Nervig f\u00fcr alle Seiten. Daf\u00fcr gab es aber ein tolles Abendprogramm nach der Minidisko. Die Bescherung auf dem Zimmer fand erst nach 22 Uhr statt, unsere Tanzmaus Cari schlief \u00fcber ihrem Geschenk glatt ein.<\/span><\/p>\n<p><span style=\"line-height: 1.5;\">Mir brachte der Weihnachtsmann ein Glas Nutella, dass am Weihnachtsmorgen Rucksack zur H\u00e4lfte geleert wurde. Aurelia und ich dezent auf dem Brot, die Kleinen gen\u00fcsslich mit dem Teel\u00f6ffel.<\/span><\/p>\n<p><img loading=\"lazy\" decoding=\"async\" class=\"alignright wp-image-1995 size-medium\" src=\"http:\/\/fernwehkinder.de\/wp-content\/uploads\/2016\/12\/20161225_110438-300x169.jpg\" alt=\"20161225_110438\" width=\"300\" height=\"169\" srcset=\"http:\/\/fernwehkinder.de\/wp-content\/uploads\/2016\/12\/20161225_110438-300x169.jpg 300w, http:\/\/fernwehkinder.de\/wp-content\/uploads\/2016\/12\/20161225_110438-768x432.jpg 768w, http:\/\/fernwehkinder.de\/wp-content\/uploads\/2016\/12\/20161225_110438-1024x576.jpg 1024w\" sizes=\"auto, (max-width: 300px) 100vw, 300px\" \/>Der Saal war prall gef\u00fcllt mit Familien, die auch die \u00f6ffentliche Bescherung warteten. Auch Aurelia fieberte mit, ich war sehr froh, dass ich am Heiligen Abend noch rasch eine T\u00fcte mit drei Stofftieren an der Rezeption abgegeben hatte. Freude und Angst lieferten sich eine Kampf, als Aurelia Name aufgerufen wurde. Am Ende siegte die Neugier auf den Inhalt des P\u00e4ckchens.<\/p>\n<p>Nach der Bescherung wollte ich schnell los zu einer Wanderung, doch spontan fragte\u00a0Aurelia, ob ich sie mitnehme. In Lackschuhen! Also nochmal schnell hoch ins Zimmer f\u00fcr Wanderschuhe.<\/p>\n<p><img loading=\"lazy\" decoding=\"async\" class=\"size-medium wp-image-1997 alignleft\" src=\"http:\/\/fernwehkinder.de\/wp-content\/uploads\/2016\/12\/20161225_154939-e1482767286705-169x300.jpg\" alt=\"20161225_154939\" width=\"169\" height=\"300\" srcset=\"http:\/\/fernwehkinder.de\/wp-content\/uploads\/2016\/12\/20161225_154939-e1482767286705-169x300.jpg 169w, http:\/\/fernwehkinder.de\/wp-content\/uploads\/2016\/12\/20161225_154939-e1482767286705-768x1365.jpg 768w, http:\/\/fernwehkinder.de\/wp-content\/uploads\/2016\/12\/20161225_154939-e1482767286705-576x1024.jpg 576w, http:\/\/fernwehkinder.de\/wp-content\/uploads\/2016\/12\/20161225_154939-e1482767286705.jpg 1836w\" sizes=\"auto, (max-width: 169px) 100vw, 169px\" \/>Die kurze aber sch\u00f6ne Wanderung brachte uns zu einer Eremitenh\u00f6hle und zur Ermita de Trinita. An der Krippe sprachen wir \u00fcber Jesus, Josef und Maria. Aurelia drehte sich um und fragte, wer dieser arme blutende Mann ist. Wir verbrachten \u00fcber eine Stunde in der Klosterkapelle, sprachen \u00fcber Anfang und Ende des Lebens Jesu, \u00fcber sein Wirken, seine Botschaft und die gemeinen Leute, die ihn nicht nur einfach t\u00f6teten, sondern unn\u00f6tig qu\u00e4lten. Sie regte sich fast mehr \u00fcber die Dornenkrone, als \u00fcber die T\u00f6tung ansich auf. Das Happyend der Geschichte am Ostersonntag wirkte sehr beruhigend und befreiend. Ist es Zufall oder F\u00fcgung, dass wir ausgerechnet an seinem Geburtstag erstmals lange \u00fcber seinen Tod sprachen? Ich jedenfalls hatte eine G\u00e4nsehaut auf dem R\u00fccken.<\/p>\n<p><img loading=\"lazy\" decoding=\"async\" class=\"size-medium wp-image-1998 alignright\" src=\"http:\/\/fernwehkinder.de\/wp-content\/uploads\/2016\/12\/20161226_114612-e1482768056869-169x300.jpg\" alt=\"20161226_114612\" width=\"169\" height=\"300\" srcset=\"http:\/\/fernwehkinder.de\/wp-content\/uploads\/2016\/12\/20161226_114612-e1482768056869-169x300.jpg 169w, http:\/\/fernwehkinder.de\/wp-content\/uploads\/2016\/12\/20161226_114612-e1482768056869-768x1365.jpg 768w, http:\/\/fernwehkinder.de\/wp-content\/uploads\/2016\/12\/20161226_114612-e1482768056869-576x1024.jpg 576w, http:\/\/fernwehkinder.de\/wp-content\/uploads\/2016\/12\/20161226_114612-e1482768056869.jpg 1836w\" sizes=\"auto, (max-width: 169px) 100vw, 169px\" \/>F\u00fcr den heutigen zweiten Weihnachtstag hatte ich mir keine Wanderung vorgenommen, wir fuhren &#8211; vom Hotel organisiert &#8211; mit dem Linienbus nach Palma. An der Kathedrale trennten wir uns, weil meine Mutter den Buggy au\u00dfer herum fahren wollte, um mir eine Besichtigung zu erm\u00f6glichen, aber die Stufen zu ersparen. Leider hatten sie und der Animateur sich missverstanden und sie wartete an der falschen Stelle auf uns. Aurelia und ich blieben tapfer bei der Gruppe, um nicht verloren zu gehen. Wir wussten ja, dass Oma sich hier gut auskennt. In der Tat kam sie 20 Minuten nach uns hier an.<\/p>\n<p>Den ganzen Tag schon summe ich &#8222;Last Christmas&#8220; und trauere um George Michael, \u00a0der &#8222;This Christmas&#8220; mit nur 53 Jahren starb. Kommt es euch such so vor, dass dieses Jahr besonders viele Personen abberufen wurden, die euren Lebensweg an der einen oder anderen Stelle mit gepr\u00e4gt haben?<\/p>\n<p>Jhosef, der Chefanimateur, will heute Abend in die eigentlich geplante Comedy auch ein paar George Michael Songs &#8222;for tribute&#8220; einbauen. Ich bin gespannt.<\/p>\n<p>Lachen musste ich heute im Linienbus auf der Heimfahrt, als sich zwei \u00e4ltere Paare wortreich in grottenschlechtem Englisch um den letzten verbleibende Zweiersitz zankte. Eine einzelne Mitfahrerin um die 70 schlichte den Streit mit den Worten &#8222;Leev L\u00fcck, et is doch Weihnachten, sidd doch nit esu widderlich mitenander!&#8220; Alle brachen in lautes Gel\u00e4chter aus, als sich herausstellte, dass die Kontrahenten aus K\u00f6ln und D\u00fcsseldorf kamen, die Streitschlichterin aus Leverkusen. Sie \u00fcberlie\u00dfen den Platz auf meinen Vorschlag einer schwangeren Russin und einem Senior mit Stock aus unserer Gruppe. Noch vor der Autobahnabfahrt wurde &#8222;Viva Colonia&#8220; gesungen. Das lasse ich jetzt besser unkommentiert. ..<\/p>\n","protected":false},"excerpt":{"rendered":"<p>Hallo, ihr Lieben! Hattet ihr sch\u00f6ne Weihnachtstage? Uns geht es gut hier, wenn auch mit kleinen &#8222;Abers&#8220;. Aurelia hatte im Miniclub sch\u00f6ne Tischdekoration&#8230;<\/p>\n","protected":false},"author":1,"featured_media":1995,"comment_status":"open","ping_status":"open","sticky":false,"template":"","format":"standard","meta":{"jetpack_post_was_ever_published":false,"_jetpack_newsletter_access":"","_jetpack_dont_email_post_to_subs":true,"_jetpack_newsletter_tier_id":0,"_jetpack_memberships_contains_paywalled_content":false,"_jetpack_memberships_contains_paid_content":false,"footnotes":""},"categories":[7,3,4],"tags":[63,108,31,12],"class_list":["post-1988","post","type-post","status-publish","format-standard","has-post-thumbnail","hentry","category-kinder","category-rabenmutter","category-recherchetour","tag-gott","tag-mallorca","tag-trauer","tag-weihnachten"],"jetpack_featured_media_url":"http:\/\/fernwehkinder.de\/wp-content\/uploads\/2016\/12\/20161225_110438.jpg","jetpack_sharing_enabled":true,"jetpack-related-posts":[],"jetpack_likes_enabled":true,"_links":{"self":[{"href":"http:\/\/fernwehkinder.de\/index.php?rest_route=\/wp\/v2\/posts\/1988","targetHints":{"allow":["GET"]}}],"collection":[{"href":"http:\/\/fernwehkinder.de\/index.php?rest_route=\/wp\/v2\/posts"}],"about":[{"href":"http:\/\/fernwehkinder.de\/index.php?rest_route=\/wp\/v2\/types\/post"}],"author":[{"embeddable":true,"href":"http:\/\/fernwehkinder.de\/index.php?rest_route=\/wp\/v2\/users\/1"}],"replies":[{"embeddable":true,"href":"http:\/\/fernwehkinder.de\/index.php?rest_route=%2Fwp%2Fv2%2Fcomments&post=1988"}],"version-history":[{"count":0,"href":"http:\/\/fernwehkinder.de\/index.php?rest_route=\/wp\/v2\/posts\/1988\/revisions"}],"wp:featuredmedia":[{"embeddable":true,"href":"http:\/\/fernwehkinder.de\/index.php?rest_route=\/wp\/v2\/media\/1995"}],"wp:attachment":[{"href":"http:\/\/fernwehkinder.de\/index.php?rest_route=%2Fwp%2Fv2%2Fmedia&parent=1988"}],"wp:term":[{"taxonomy":"category","embeddable":true,"href":"http:\/\/fernwehkinder.de\/index.php?rest_route=%2Fwp%2Fv2%2Fcategories&post=1988"},{"taxonomy":"post_tag","embeddable":true,"href":"http:\/\/fernwehkinder.de\/index.php?rest_route=%2Fwp%2Fv2%2Ftags&post=1988"}],"curies":[{"name":"wp","href":"https:\/\/api.w.org\/{rel}","templated":true}]}}