{"id":2275,"date":"2017-03-10T11:44:07","date_gmt":"2017-03-10T10:44:07","guid":{"rendered":"http:\/\/fernwehkinder.de\/?p=2275"},"modified":"2017-03-10T11:44:07","modified_gmt":"2017-03-10T10:44:07","slug":"ist-der-ehrliche-wirklich-der-dumme","status":"publish","type":"post","link":"http:\/\/fernwehkinder.de\/?p=2275","title":{"rendered":"Ist der Ehrliche wirklich der Dumme?"},"content":{"rendered":"<p>Bestimmt kennt der eine oder andere von Euch Ulrich Wickert. Der den meisten als Tagesthemensprecher bekannte Fernsehjournalist ist in meinen Augen ein begnadeter Autor. &#8222;Und Gott schuf Paris&#8220; hat meine Sicht auf die Franzosen ver\u00e4ndert. &#8222;Der Ehrliche ist der Dumme: \u00dcber den Verlust der Werte&#8220; besch\u00e4ftigt mich auch 20 Jahre nach dem Lesen manchmal noch:<\/p>\n<p>Vor einigen Monaten riss meine Tochter an der Schule die Autot\u00fcr so weit auf, dass es Kratzer im Lack des benachbarten Fahrzeugs gab. Ehrlich (oder dumm?) wie ich bin, wartete ich brav neben dem besch\u00e4digten Auto, bis die Fahrerin zu ihm zur\u00fcck kam und schilderte das Malheur. Sie brachte den Wagen in die Werkstatt und pr\u00e4sentierte mir eine Rechnung von knapp 700 Euro. Stocksauer bezahlte ich und verabschiedete einige f\u00fcr die n\u00e4chsten Monate geplanten Ausgaben ins Reich der Tr\u00e4ume, denn ich w\u00fcsste nicht, wie ich mein Gef\u00fchl beweisen sollte, dass sie mich abgezockt hat.<\/p>\n<p>Anfang dieser Woche kehrte ich zu meinem Auto zur\u00fcck und fand\u00a0die eindeutigen Spuren eines Parkremplers am Heck vor. Bei mir meldete sich nat\u00fcrlich (!) kein Verursacher,\u00a0die mit anderen Aufgaben ziemlich ausgepowerte Polizei geht solchen Mini-Fahrerflucht-Delikten aus meiner Empfindung heraus eher halbherzig nach.<\/p>\n<p>Wickert hat also wohl Recht: <strong>Der Ehrliche ist der Dumme!<\/strong><\/p>\n<figure id=\"attachment_2278\" aria-describedby=\"caption-attachment-2278\" style=\"width: 300px\" class=\"wp-caption alignleft\"><img loading=\"lazy\" decoding=\"async\" class=\"wp-image-2278 size-medium\" src=\"http:\/\/fernwehkinder.de\/wp-content\/uploads\/2017\/03\/20170310_084305_resized_1-300x169.jpg\" alt=\"20170310_084305_resized_1\" width=\"300\" height=\"169\" srcset=\"http:\/\/fernwehkinder.de\/wp-content\/uploads\/2017\/03\/20170310_084305_resized_1-300x169.jpg 300w, http:\/\/fernwehkinder.de\/wp-content\/uploads\/2017\/03\/20170310_084305_resized_1-768x432.jpg 768w, http:\/\/fernwehkinder.de\/wp-content\/uploads\/2017\/03\/20170310_084305_resized_1-1024x576.jpg 1024w, http:\/\/fernwehkinder.de\/wp-content\/uploads\/2017\/03\/20170310_084305_resized_1.jpg 1632w\" sizes=\"auto, (max-width: 300px) 100vw, 300px\" \/><figcaption id=\"caption-attachment-2278\" class=\"wp-caption-text\">Der Fundanh\u00e4nger an meiner Fundsache<\/figcaption><\/figure>\n<p>R\u00fcckblende in den vergangenen Sommer: Abends sp\u00e4t bei einsetzendem Regen brachte ich eine Bestellung zur Packstation und sah\u00a0einen offenen Karton am Fu\u00df der Packstation stehen. Kein Mensch war weit und breit, der Regen wurde st\u00e4rker. Ich nahm also den Karton ins Auto und sah, dass es sich um eine S\u00fc\u00dfigkeitenlieferung von World of Sweets handelte, aus der ein paar Sachen vom Lieferschein fehlten. Auf der Rechnung war auch die Postanschrift zu finden. Die Empf\u00e4ngerin wohnte nicht weit entfernt, also fuhr ich kurz vorbei. Auf mein Klingeln \u00f6ffnete niemand, also warf ich einen Zettel mit meiner Anschrift und Telefonnummer in den Kasten. Nach 2 Tagen Warten bat ich den Versender, die Kundin \u00fcber meinen Fund zu informieren. Ihm war es relativ gleichg\u00fcltig, weil die Ware schon bezahlt war, er machte es aber trotzdem. Nach ein paar weiteren Tagen Warterei brachte ich den Karton zum st\u00e4dtischen Fundamt.<\/p>\n<figure id=\"attachment_2277\" aria-describedby=\"caption-attachment-2277\" style=\"width: 300px\" class=\"wp-caption alignright\"><img loading=\"lazy\" decoding=\"async\" class=\"wp-image-2277 size-medium\" src=\"http:\/\/fernwehkinder.de\/wp-content\/uploads\/2017\/03\/20170310_084256_resized_1-300x169.jpg\" alt=\"20170310_084256_resized_1\" width=\"300\" height=\"169\" srcset=\"http:\/\/fernwehkinder.de\/wp-content\/uploads\/2017\/03\/20170310_084256_resized_1-300x169.jpg 300w, http:\/\/fernwehkinder.de\/wp-content\/uploads\/2017\/03\/20170310_084256_resized_1-768x432.jpg 768w, http:\/\/fernwehkinder.de\/wp-content\/uploads\/2017\/03\/20170310_084256_resized_1-1024x576.jpg 1024w, http:\/\/fernwehkinder.de\/wp-content\/uploads\/2017\/03\/20170310_084256_resized_1.jpg 1632w\" sizes=\"auto, (max-width: 300px) 100vw, 300px\" \/><figcaption id=\"caption-attachment-2277\" class=\"wp-caption-text\">S\u00fc\u00df-salziger Fund<\/figcaption><\/figure>\n<p>Nun wurde ich \u00fcber den Ablauf der Aufbewahrungszeit informiert und durfte mir den Fund abholen. Ich bin nun die rechtm\u00e4\u00dfige Eigent\u00fcmerin von S\u00fc\u00dfigkeiten im Wert von etwa 45 Euro &#8211; die ich leider alle gar nicht mag. Isst von euch jemand gerne Vollmilchschokolade mit Salzlakritzf\u00fcllung? Oder Oreo mit Erdnussbutterf\u00fcllung? Oder Corny Erdnuss? Oder Kaugummi aus der Tube? Oder Snickers white? Dann kommt vorbei und holt euch euren Teil meines unerwarteten Schatzes ab!\u00a0Mitunter ist das MHD schon erreicht, aber das alles wurde im Fundkeller k\u00fchl und trocken gelagert.<\/p>\n<p>Hierzu f\u00e4llt mir eher der Spruch ein: <strong>Ehrlich w\u00e4hrt am l\u00e4ngsten!<\/strong><\/p>\n<p>Dieser Fund war ein Lehrst\u00fcck f\u00fcr meine Tochter, wie mit Fundsachen korrekt verfahren wird. Sie macht sich grade voller Genuss \u00fcber die f\u00fcnf fast meterlangen Weingummiw\u00fcrmer her, die auch in dem Paket waren. Wir haben beide ein gutes Gef\u00fchl. Ob wir das auch gehabt h\u00e4tten, wenn wir vor \u00fcber einem halben Jahr den Fund einfach einbehalten h\u00e4tten? Nein, bestimmt nicht.<\/p>\n<p>Ich merke n\u00e4mlich deutlich, wie unwohl ich mich f\u00fchle, wenn ich unehrlich bin. Das l\u00e4uft mir so lange nach, bis ich die Situation bereinige. So hatte mir z.B. vorigen Monat im Bauhaus die Kassiererin einen 10\u00a0Euro Schein zur\u00fcck gegeben, obwohl es nur ein 5 Euro Schein h\u00e4tte sein d\u00fcrfen. Mir fiel es erst auf, als ich das Wechselgeld im Auto in die Geldb\u00f6rse stecken wollte und alle schon angeschnallten M\u00e4dels waren weinerlich. Also fuhr ich sie erst nach Hause. Es lie\u00df mir aber keine Ruhe und ich brachte den falschen Schein sofort mir dem Rad zur\u00fcck. Das wohlig-warme Gef\u00fchl, korrekt gehandelt zu haben war mir mehr wert als 5 Euro. Auch wenn ich wei\u00df, dass andere meine Ehrlichkeit ausnutzen und Moralvorstellungen in der heutigen Gesellschaft nicht mehr hoch im Kurs stehen. Was andere denken ist mir dabei egal. Ich habe ein Bild von mir selbst, das ich nicht ramponieren will.<\/p>\n<p>Also: ihr solltet nicht so lange dar\u00fcber nachdenken, wie ihr bei anderen ankommt &#8211; sondern ganz ehrlich sagen, welche meiner S\u00fc\u00dfigkeiten ihr von mir haben wollt. (@Silke: im P\u00e4ckchen mit den CDs ist noch etwas Platz&#8230;)<\/p>\n","protected":false},"excerpt":{"rendered":"<p>Bestimmt kennt der eine oder andere von Euch Ulrich Wickert. Der den meisten als Tagesthemensprecher bekannte Fernsehjournalist ist in meinen Augen ein begnadeter&#8230;<\/p>\n","protected":false},"author":1,"featured_media":2277,"comment_status":"open","ping_status":"open","sticky":false,"template":"","format":"standard","meta":{"jetpack_post_was_ever_published":false,"_jetpack_newsletter_access":"","_jetpack_dont_email_post_to_subs":false,"_jetpack_newsletter_tier_id":0,"_jetpack_memberships_contains_paywalled_content":false,"_jetpack_memberships_contains_paid_content":false,"footnotes":""},"categories":[7,3],"tags":[169,167,168,158],"class_list":["post-2275","post","type-post","status-publish","format-standard","has-post-thumbnail","hentry","category-kinder","category-rabenmutter","tag-auto","tag-ehrlichkeit","tag-erziehung","tag-geld"],"jetpack_featured_media_url":"http:\/\/fernwehkinder.de\/wp-content\/uploads\/2017\/03\/20170310_084256_resized_1.jpg","jetpack_sharing_enabled":true,"jetpack-related-posts":[],"jetpack_likes_enabled":true,"_links":{"self":[{"href":"http:\/\/fernwehkinder.de\/index.php?rest_route=\/wp\/v2\/posts\/2275","targetHints":{"allow":["GET"]}}],"collection":[{"href":"http:\/\/fernwehkinder.de\/index.php?rest_route=\/wp\/v2\/posts"}],"about":[{"href":"http:\/\/fernwehkinder.de\/index.php?rest_route=\/wp\/v2\/types\/post"}],"author":[{"embeddable":true,"href":"http:\/\/fernwehkinder.de\/index.php?rest_route=\/wp\/v2\/users\/1"}],"replies":[{"embeddable":true,"href":"http:\/\/fernwehkinder.de\/index.php?rest_route=%2Fwp%2Fv2%2Fcomments&post=2275"}],"version-history":[{"count":0,"href":"http:\/\/fernwehkinder.de\/index.php?rest_route=\/wp\/v2\/posts\/2275\/revisions"}],"wp:featuredmedia":[{"embeddable":true,"href":"http:\/\/fernwehkinder.de\/index.php?rest_route=\/wp\/v2\/media\/2277"}],"wp:attachment":[{"href":"http:\/\/fernwehkinder.de\/index.php?rest_route=%2Fwp%2Fv2%2Fmedia&parent=2275"}],"wp:term":[{"taxonomy":"category","embeddable":true,"href":"http:\/\/fernwehkinder.de\/index.php?rest_route=%2Fwp%2Fv2%2Fcategories&post=2275"},{"taxonomy":"post_tag","embeddable":true,"href":"http:\/\/fernwehkinder.de\/index.php?rest_route=%2Fwp%2Fv2%2Ftags&post=2275"}],"curies":[{"name":"wp","href":"https:\/\/api.w.org\/{rel}","templated":true}]}}