{"id":2365,"date":"2017-04-21T21:06:15","date_gmt":"2017-04-21T19:06:15","guid":{"rendered":"http:\/\/fernwehkinder.de\/?p=2365"},"modified":"2017-04-21T11:42:58","modified_gmt":"2017-04-21T09:42:58","slug":"urlaubsgefuehle","status":"publish","type":"post","link":"http:\/\/fernwehkinder.de\/?p=2365","title":{"rendered":"Urlaubsgef\u00fchle"},"content":{"rendered":"<p>Viel zu tun f\u00fcr den Reisef\u00fchrer gab es f\u00fcr uns gar nicht mehr auf Mallorca, wir hatt<img loading=\"lazy\" decoding=\"async\" class=\"size-medium wp-image-2420 alignleft\" src=\"http:\/\/fernwehkinder.de\/wp-content\/uploads\/2017\/04\/P4080645-225x300.jpg\" alt=\"p4080645\" width=\"225\" height=\"300\" srcset=\"http:\/\/fernwehkinder.de\/wp-content\/uploads\/2017\/04\/P4080645-225x300.jpg 225w, http:\/\/fernwehkinder.de\/wp-content\/uploads\/2017\/04\/P4080645.jpg 450w\" sizes=\"auto, (max-width: 225px) 100vw, 225px\" \/>en also auch Zeit f\u00fcr typische Urlauber-Aktivit\u00e4ten. Es ist ganz komisch f\u00fcr mich, an ein Ziel zu fahren, nur weil es sch\u00f6n ist. Und nicht, weil ich dort recherchieren will. Das steckt schon so tief in mir drin, dass ich mir bei unserem Ausflug nach Sa Calobra grinsend dabei \u00fcber die Schulter sah, wie ich den Fahrplan des Linienschiffs von Port de S\u00f3ller abfotografierte.<\/p>\n<p><img loading=\"lazy\" decoding=\"async\" class=\"size-medium wp-image-2421 alignright\" src=\"http:\/\/fernwehkinder.de\/wp-content\/uploads\/2017\/04\/P4080656-300x225.jpg\" alt=\"p4080656\" width=\"300\" height=\"225\" srcset=\"http:\/\/fernwehkinder.de\/wp-content\/uploads\/2017\/04\/P4080656-300x225.jpg 300w, http:\/\/fernwehkinder.de\/wp-content\/uploads\/2017\/04\/P4080656-768x576.jpg 768w, http:\/\/fernwehkinder.de\/wp-content\/uploads\/2017\/04\/P4080656.jpg 800w\" sizes=\"auto, (max-width: 300px) 100vw, 300px\" \/>Jedenfalls war der Ausflug nach Sa Calobra rein privater Natur. Dort gibt es zwar einen sch\u00f6nen Wanderweg, der f\u00fchrt aber durch eine Schlucht und l\u00e4sst sich bei noch so viel gutem Willen nicht zu einem Rundwanderweg ausweiten. Also fuhren wir wirklich nur privat dort hin. An einem Aussichtspunkt machten wir kurz eine Rast, damit ich den M\u00e4dels die Aussicht zeigen konnte, die ich bei meiner Fornalutx-Wanderung genossen hatte.<\/p>\n<p><img loading=\"lazy\" decoding=\"async\" class=\"size-medium wp-image-2426 alignright\" src=\"http:\/\/fernwehkinder.de\/wp-content\/uploads\/2017\/04\/P4080713-300x225.jpg\" alt=\"p4080713\" width=\"300\" height=\"225\" srcset=\"http:\/\/fernwehkinder.de\/wp-content\/uploads\/2017\/04\/P4080713-300x225.jpg 300w, http:\/\/fernwehkinder.de\/wp-content\/uploads\/2017\/04\/P4080713-768x576.jpg 768w, http:\/\/fernwehkinder.de\/wp-content\/uploads\/2017\/04\/P4080713.jpg 800w\" sizes=\"auto, (max-width: 300px) 100vw, 300px\" \/>Ab Lluc musste ich auf einer Passstra\u00dfe fahren, die sich in bizarren Kurven und Schleifen hinab zur K\u00fcste windet. Busse d\u00fcrfen darauf nur zu bestimmten Zeiten in bestimmte Richtungen fahren, weil sie im Gegenverkehr nicht aneinander vorbei k\u00e4men. Die M\u00e4use schliefen in ihren Sitzen, meine Mutter sa\u00df hellwach auf dem Beifahrersitz. Ihr wird beim Autofahren ohnehin immer flau, auch auf den ebensten geradeaus-Strecken, warum sie mich also zu dieser Tour \u00fcberredet hatte, war mir ein R\u00e4tsel. Ich fuhr also so zahm wie m\u00f6glich, w\u00e4hrend ich aus dem rechten Augenwinkel beobachtete, wie sie mit den Wellen der \u00dcbelkeit k\u00e4mpfte.<\/p>\n<p>Vom Parkplatz waren es nur wenige Schritte bis zum unvermeidlichen Andenkenladen mit Eistruhe. Doch die war f\u00fcr die Kinder nicht von Interesse, sie hatten im Selbstbedienungsrestaurant nebenan riesige panierte Schweineschnitzel entdeckt und dr\u00fcckten sich zu dritt die Nasen an der Scheibe der Auslage platt. Okay, dann also erst Mittagessen f\u00fcr die Kinder, einen Sangria f\u00fcr die Oma und einen Tee f\u00fcr mich. Auch in Ordnung, immerhin hatten wir auf der Terrasse des Restaurants eine herrliche Aussicht aufs Meer.<\/p>\n<p><img loading=\"lazy\" decoding=\"async\" class=\"alignnone size-medium wp-image-2422\" src=\"http:\/\/fernwehkinder.de\/wp-content\/uploads\/2017\/04\/P4080682-300x225.jpg\" alt=\"p4080682\" width=\"300\" height=\"225\" srcset=\"http:\/\/fernwehkinder.de\/wp-content\/uploads\/2017\/04\/P4080682-300x225.jpg 300w, http:\/\/fernwehkinder.de\/wp-content\/uploads\/2017\/04\/P4080682-768x576.jpg 768w, http:\/\/fernwehkinder.de\/wp-content\/uploads\/2017\/04\/P4080682.jpg 800w\" sizes=\"auto, (max-width: 300px) 100vw, 300px\" \/> <img loading=\"lazy\" decoding=\"async\" class=\"alignnone size-medium wp-image-2423\" src=\"http:\/\/fernwehkinder.de\/wp-content\/uploads\/2017\/04\/P4080683-300x225.jpg\" alt=\"p4080683\" width=\"300\" height=\"225\" srcset=\"http:\/\/fernwehkinder.de\/wp-content\/uploads\/2017\/04\/P4080683-300x225.jpg 300w, http:\/\/fernwehkinder.de\/wp-content\/uploads\/2017\/04\/P4080683-768x576.jpg 768w, http:\/\/fernwehkinder.de\/wp-content\/uploads\/2017\/04\/P4080683.jpg 800w\" sizes=\"auto, (max-width: 300px) 100vw, 300px\" \/> <img loading=\"lazy\" decoding=\"async\" class=\"alignnone size-medium wp-image-2424\" src=\"http:\/\/fernwehkinder.de\/wp-content\/uploads\/2017\/04\/P4080688-300x225.jpg\" alt=\"p4080688\" width=\"300\" height=\"225\" srcset=\"http:\/\/fernwehkinder.de\/wp-content\/uploads\/2017\/04\/P4080688-300x225.jpg 300w, http:\/\/fernwehkinder.de\/wp-content\/uploads\/2017\/04\/P4080688-768x576.jpg 768w, http:\/\/fernwehkinder.de\/wp-content\/uploads\/2017\/04\/P4080688.jpg 800w\" sizes=\"auto, (max-width: 300px) 100vw, 300px\" \/> <img loading=\"lazy\" decoding=\"async\" class=\"alignnone size-medium wp-image-2425\" src=\"http:\/\/fernwehkinder.de\/wp-content\/uploads\/2017\/04\/P4080708-300x225.jpg\" alt=\"p4080708\" width=\"300\" height=\"225\" srcset=\"http:\/\/fernwehkinder.de\/wp-content\/uploads\/2017\/04\/P4080708-300x225.jpg 300w, http:\/\/fernwehkinder.de\/wp-content\/uploads\/2017\/04\/P4080708-768x576.jpg 768w, http:\/\/fernwehkinder.de\/wp-content\/uploads\/2017\/04\/P4080708.jpg 800w\" sizes=\"auto, (max-width: 300px) 100vw, 300px\" \/><\/p>\n<p>Ein Ausflugsboot legte an und nach drei Minuten war die Promenade von Menschen vollkommen\u00a0geflutet. Wie sch\u00f6n, dass wir vorher einen Sitzplatz gefunden hatten, nun wurde es eng.<\/p>\n<figure id=\"attachment_2427\" aria-describedby=\"caption-attachment-2427\" style=\"width: 300px\" class=\"wp-caption alignleft\"><img loading=\"lazy\" decoding=\"async\" class=\"wp-image-2427 size-medium\" src=\"http:\/\/fernwehkinder.de\/wp-content\/uploads\/2017\/04\/P4080718-300x225.jpg\" alt=\"p4080718\" width=\"300\" height=\"225\" srcset=\"http:\/\/fernwehkinder.de\/wp-content\/uploads\/2017\/04\/P4080718-300x225.jpg 300w, http:\/\/fernwehkinder.de\/wp-content\/uploads\/2017\/04\/P4080718-768x576.jpg 768w, http:\/\/fernwehkinder.de\/wp-content\/uploads\/2017\/04\/P4080718.jpg 800w\" sizes=\"auto, (max-width: 300px) 100vw, 300px\" \/><figcaption id=\"caption-attachment-2427\" class=\"wp-caption-text\">Wie gut, dass die drei nicht sahen, dass mir bei diesem Balanceakt die Haare zu Berge standen<\/figcaption><\/figure>\n<figure id=\"attachment_2428\" aria-describedby=\"caption-attachment-2428\" style=\"width: 300px\" class=\"wp-caption alignright\"><img loading=\"lazy\" decoding=\"async\" class=\"wp-image-2428 size-medium\" src=\"http:\/\/fernwehkinder.de\/wp-content\/uploads\/2017\/04\/P4080731-300x225.jpg\" alt=\"p4080731\" width=\"300\" height=\"225\" srcset=\"http:\/\/fernwehkinder.de\/wp-content\/uploads\/2017\/04\/P4080731-300x225.jpg 300w, http:\/\/fernwehkinder.de\/wp-content\/uploads\/2017\/04\/P4080731-768x576.jpg 768w, http:\/\/fernwehkinder.de\/wp-content\/uploads\/2017\/04\/P4080731.jpg 800w\" sizes=\"auto, (max-width: 300px) 100vw, 300px\" \/><figcaption id=\"caption-attachment-2428\" class=\"wp-caption-text\">Da gehen unsere Keksvorr\u00e4te dahin &#8211; diese M\u00f6we lie\u00df sich tats\u00e4chlich aus der Hand f\u00fcttern<\/figcaption><\/figure>\n<p>Nach dem Essen schlenderten wir auf der Promenade bzw. dem M\u00e4uerchen neben der Promenade zu der Stelle, an der in der Erinnerung meiner Mutter ein an der Felswand montierter Steg hin\u00fcber zu der ber\u00fchmten Cala de Sa Calobra f\u00fchrte. Dort wollten wir den TFK stehen lassen und zu Fu\u00df weiter laufen.<\/p>\n<p><img loading=\"lazy\" decoding=\"async\" class=\"size-medium wp-image-2429 alignleft\" src=\"http:\/\/fernwehkinder.de\/wp-content\/uploads\/2017\/04\/P4080738-300x225.jpg\" alt=\"p4080738\" width=\"300\" height=\"225\" srcset=\"http:\/\/fernwehkinder.de\/wp-content\/uploads\/2017\/04\/P4080738-300x225.jpg 300w, http:\/\/fernwehkinder.de\/wp-content\/uploads\/2017\/04\/P4080738-768x576.jpg 768w, http:\/\/fernwehkinder.de\/wp-content\/uploads\/2017\/04\/P4080738.jpg 800w\" sizes=\"auto, (max-width: 300px) 100vw, 300px\" \/> <img loading=\"lazy\" decoding=\"async\" class=\"size-medium wp-image-2430 alignright\" src=\"http:\/\/fernwehkinder.de\/wp-content\/uploads\/2017\/04\/P4080746-300x225.jpg\" alt=\"p4080746\" width=\"300\" height=\"225\" srcset=\"http:\/\/fernwehkinder.de\/wp-content\/uploads\/2017\/04\/P4080746-300x225.jpg 300w, http:\/\/fernwehkinder.de\/wp-content\/uploads\/2017\/04\/P4080746-768x576.jpg 768w, http:\/\/fernwehkinder.de\/wp-content\/uploads\/2017\/04\/P4080746.jpg 800w\" sizes=\"auto, (max-width: 300px) 100vw, 300px\" \/> <img loading=\"lazy\" decoding=\"async\" class=\"size-medium wp-image-2431 alignleft\" src=\"http:\/\/fernwehkinder.de\/wp-content\/uploads\/2017\/04\/P4080753-300x225.jpg\" alt=\"p4080753\" width=\"300\" height=\"225\" srcset=\"http:\/\/fernwehkinder.de\/wp-content\/uploads\/2017\/04\/P4080753-300x225.jpg 300w, http:\/\/fernwehkinder.de\/wp-content\/uploads\/2017\/04\/P4080753-768x576.jpg 768w, http:\/\/fernwehkinder.de\/wp-content\/uploads\/2017\/04\/P4080753.jpg 800w\" sizes=\"auto, (max-width: 300px) 100vw, 300px\" \/> <img loading=\"lazy\" decoding=\"async\" class=\"size-medium wp-image-2432 alignright\" src=\"http:\/\/fernwehkinder.de\/wp-content\/uploads\/2017\/04\/P4080754-300x225.jpg\" alt=\"p4080754\" width=\"300\" height=\"225\" srcset=\"http:\/\/fernwehkinder.de\/wp-content\/uploads\/2017\/04\/P4080754-300x225.jpg 300w, http:\/\/fernwehkinder.de\/wp-content\/uploads\/2017\/04\/P4080754-768x576.jpg 768w, http:\/\/fernwehkinder.de\/wp-content\/uploads\/2017\/04\/P4080754.jpg 800w\" sizes=\"auto, (max-width: 300px) 100vw, 300px\" \/>Der Steg war aber zwischenzeitlich durch zwei Fu\u00dfg\u00e4ngertunnel ersetzt worden. Das war f\u00fcr die drei M\u00e4dels nat\u00fcrlich noch viel spannender. Alle lachten und schwatzten durcheinander, als wir durch den Tunnel fuhren. Die Inselregierung hatte n\u00e4mlich sogar an Menschen mit eingeschr\u00e4nkter Mobilit\u00e4t gedacht und die Tunnel breit genug f\u00fcr Rollst\u00fchle gebaut. Also passte auch unser Zwillingsbuggy hindurch. Erst hinter dem zweiten Tunnel musste er stehen bleiben, von dort waren es aber auch nur noch eine Handvoll Stufen und wenige Schritte bis zu der m\u00e4chtigen Felsl\u00fccke an der Cala de Sa Calobra.<\/p>\n<p><img loading=\"lazy\" decoding=\"async\" class=\"alignnone size-medium wp-image-2433\" src=\"http:\/\/fernwehkinder.de\/wp-content\/uploads\/2017\/04\/P4080758-300x225.jpg\" alt=\"p4080758\" width=\"300\" height=\"225\" srcset=\"http:\/\/fernwehkinder.de\/wp-content\/uploads\/2017\/04\/P4080758-300x225.jpg 300w, http:\/\/fernwehkinder.de\/wp-content\/uploads\/2017\/04\/P4080758-768x576.jpg 768w, http:\/\/fernwehkinder.de\/wp-content\/uploads\/2017\/04\/P4080758.jpg 800w\" sizes=\"auto, (max-width: 300px) 100vw, 300px\" \/> \u00a0<img loading=\"lazy\" decoding=\"async\" class=\"alignnone size-medium wp-image-2435\" src=\"http:\/\/fernwehkinder.de\/wp-content\/uploads\/2017\/04\/P4080766-300x225.jpg\" alt=\"p4080766\" width=\"300\" height=\"225\" srcset=\"http:\/\/fernwehkinder.de\/wp-content\/uploads\/2017\/04\/P4080766-300x225.jpg 300w, http:\/\/fernwehkinder.de\/wp-content\/uploads\/2017\/04\/P4080766-768x576.jpg 768w, http:\/\/fernwehkinder.de\/wp-content\/uploads\/2017\/04\/P4080766.jpg 800w\" sizes=\"auto, (max-width: 300px) 100vw, 300px\" \/> <img loading=\"lazy\" decoding=\"async\" class=\"alignnone size-medium wp-image-2436\" src=\"http:\/\/fernwehkinder.de\/wp-content\/uploads\/2017\/04\/P4080770-300x225.jpg\" alt=\"p4080770\" width=\"300\" height=\"225\" srcset=\"http:\/\/fernwehkinder.de\/wp-content\/uploads\/2017\/04\/P4080770-300x225.jpg 300w, http:\/\/fernwehkinder.de\/wp-content\/uploads\/2017\/04\/P4080770-768x576.jpg 768w, http:\/\/fernwehkinder.de\/wp-content\/uploads\/2017\/04\/P4080770.jpg 800w\" sizes=\"auto, (max-width: 300px) 100vw, 300px\" \/>\u00a0\u00a0<img loading=\"lazy\" decoding=\"async\" class=\"alignnone size-medium wp-image-2439\" src=\"http:\/\/fernwehkinder.de\/wp-content\/uploads\/2017\/04\/P4080826-300x225.jpg\" alt=\"p4080826\" width=\"300\" height=\"225\" srcset=\"http:\/\/fernwehkinder.de\/wp-content\/uploads\/2017\/04\/P4080826-300x225.jpg 300w, http:\/\/fernwehkinder.de\/wp-content\/uploads\/2017\/04\/P4080826-768x576.jpg 768w, http:\/\/fernwehkinder.de\/wp-content\/uploads\/2017\/04\/P4080826.jpg 800w\" sizes=\"auto, (max-width: 300px) 100vw, 300px\" \/> <img loading=\"lazy\" decoding=\"async\" class=\"alignnone size-medium wp-image-2440\" src=\"http:\/\/fernwehkinder.de\/wp-content\/uploads\/2017\/04\/P4080839-300x225.jpg\" alt=\"p4080839\" width=\"300\" height=\"225\" srcset=\"http:\/\/fernwehkinder.de\/wp-content\/uploads\/2017\/04\/P4080839-300x225.jpg 300w, http:\/\/fernwehkinder.de\/wp-content\/uploads\/2017\/04\/P4080839-768x576.jpg 768w, http:\/\/fernwehkinder.de\/wp-content\/uploads\/2017\/04\/P4080839.jpg 800w\" sizes=\"auto, (max-width: 300px) 100vw, 300px\" \/> \u00a0<img loading=\"lazy\" decoding=\"async\" class=\"alignnone size-medium wp-image-2438\" src=\"http:\/\/fernwehkinder.de\/wp-content\/uploads\/2017\/04\/P4080798-300x225.jpg\" alt=\"p4080798\" width=\"300\" height=\"225\" srcset=\"http:\/\/fernwehkinder.de\/wp-content\/uploads\/2017\/04\/P4080798-300x225.jpg 300w, http:\/\/fernwehkinder.de\/wp-content\/uploads\/2017\/04\/P4080798-768x576.jpg 768w, http:\/\/fernwehkinder.de\/wp-content\/uploads\/2017\/04\/P4080798.jpg 800w\" sizes=\"auto, (max-width: 300px) 100vw, 300px\" \/><\/p>\n<p><img loading=\"lazy\" decoding=\"async\" class=\"size-medium wp-image-2441 alignright\" src=\"http:\/\/fernwehkinder.de\/wp-content\/uploads\/2017\/04\/P4080842-225x300.jpg\" alt=\"p4080842\" width=\"225\" height=\"300\" srcset=\"http:\/\/fernwehkinder.de\/wp-content\/uploads\/2017\/04\/P4080842-225x300.jpg 225w, http:\/\/fernwehkinder.de\/wp-content\/uploads\/2017\/04\/P4080842.jpg 450w\" sizes=\"auto, (max-width: 225px) 100vw, 225px\" \/><img loading=\"lazy\" decoding=\"async\" class=\"size-medium wp-image-2437 alignleft\" src=\"http:\/\/fernwehkinder.de\/wp-content\/uploads\/2017\/04\/P4080783-225x300.jpg\" alt=\"p4080783\" width=\"225\" height=\"300\" srcset=\"http:\/\/fernwehkinder.de\/wp-content\/uploads\/2017\/04\/P4080783-225x300.jpg 225w, http:\/\/fernwehkinder.de\/wp-content\/uploads\/2017\/04\/P4080783.jpg 450w\" sizes=\"auto, (max-width: 225px) 100vw, 225px\" \/>Dort vergn\u00fcgten sich Oma und Enkelinnen in den Kieselsteinen am Wasser, w\u00e4hrend ich zumindest einen halben Kilometer die Schlucht des Torrent de Pareis hinauf lief. Sch\u00f6n, wirklich sch\u00f6n.<\/p>\n<p>Aber wenn man sich einmal daf\u00fcr entschieden hat, ein Buch ausschlie\u00dflich mit Rundwanderungen zu machen, muss man sich auch treu bleiben. Wie gut, dass es schon in der Druckerei ist, sonst h\u00e4tten mich in dieser Schlucht die Zweifel vielleicht weich geklopft. Naja, vielleicht als Extratipp f\u00fcr die zweite Auflage&#8230;<\/p>\n<p>Auf dem R\u00fcckweg blieb zumindest die Gro\u00dfe wach und staunte nicht schlecht \u00fcber die Streckenf\u00fchrung: &#8222;Puh, und hier bist du auch ganz allein runter gefahren, Mama?! Super!!!&#8220;<\/p>\n<p>Also: Sa Calobra nebst Bucht und Schlucht sind einen Tagesausflug wert, schon die Anfahrt ist ein Erlebnis!<\/p>\n","protected":false},"excerpt":{"rendered":"<p>Viel zu tun f\u00fcr den Reisef\u00fchrer gab es f\u00fcr uns gar nicht mehr auf Mallorca, wir hatten also auch Zeit f\u00fcr typische Urlauber-Aktivit\u00e4ten&#8230;.<\/p>\n","protected":false},"author":1,"featured_media":2442,"comment_status":"open","ping_status":"open","sticky":false,"template":"","format":"standard","meta":{"jetpack_post_was_ever_published":false,"_jetpack_newsletter_access":"","_jetpack_dont_email_post_to_subs":false,"_jetpack_newsletter_tier_id":0,"_jetpack_memberships_contains_paywalled_content":false,"_jetpack_memberships_contains_paid_content":false,"footnotes":""},"categories":[8,4],"tags":[57,108,59,172,40],"class_list":["post-2365","post","type-post","status-publish","format-standard","has-post-thumbnail","hentry","category-tipps","category-recherchetour","tag-gesundheit","tag-mallorca","tag-tfk","tag-urlaub","tag-wandern"],"jetpack_featured_media_url":"http:\/\/fernwehkinder.de\/wp-content\/uploads\/2017\/04\/P4080860.jpg","jetpack_sharing_enabled":true,"jetpack-related-posts":[],"jetpack_likes_enabled":true,"_links":{"self":[{"href":"http:\/\/fernwehkinder.de\/index.php?rest_route=\/wp\/v2\/posts\/2365","targetHints":{"allow":["GET"]}}],"collection":[{"href":"http:\/\/fernwehkinder.de\/index.php?rest_route=\/wp\/v2\/posts"}],"about":[{"href":"http:\/\/fernwehkinder.de\/index.php?rest_route=\/wp\/v2\/types\/post"}],"author":[{"embeddable":true,"href":"http:\/\/fernwehkinder.de\/index.php?rest_route=\/wp\/v2\/users\/1"}],"replies":[{"embeddable":true,"href":"http:\/\/fernwehkinder.de\/index.php?rest_route=%2Fwp%2Fv2%2Fcomments&post=2365"}],"version-history":[{"count":0,"href":"http:\/\/fernwehkinder.de\/index.php?rest_route=\/wp\/v2\/posts\/2365\/revisions"}],"wp:featuredmedia":[{"embeddable":true,"href":"http:\/\/fernwehkinder.de\/index.php?rest_route=\/wp\/v2\/media\/2442"}],"wp:attachment":[{"href":"http:\/\/fernwehkinder.de\/index.php?rest_route=%2Fwp%2Fv2%2Fmedia&parent=2365"}],"wp:term":[{"taxonomy":"category","embeddable":true,"href":"http:\/\/fernwehkinder.de\/index.php?rest_route=%2Fwp%2Fv2%2Fcategories&post=2365"},{"taxonomy":"post_tag","embeddable":true,"href":"http:\/\/fernwehkinder.de\/index.php?rest_route=%2Fwp%2Fv2%2Ftags&post=2365"}],"curies":[{"name":"wp","href":"https:\/\/api.w.org\/{rel}","templated":true}]}}