{"id":2558,"date":"2017-05-05T22:43:11","date_gmt":"2017-05-05T20:43:11","guid":{"rendered":"http:\/\/fernwehkinder.de\/?p=2558"},"modified":"2017-05-11T22:10:27","modified_gmt":"2017-05-11T20:10:27","slug":"via-francigena-oder-so-muehsam-kann-das-schreiben-sein","status":"publish","type":"post","link":"http:\/\/fernwehkinder.de\/?p=2558","title":{"rendered":"Via Francigena &#8211; oder: so m\u00fchsam kann das Schreiben sein"},"content":{"rendered":"<p>Meine &#8222;dienst\u00e4lteren&#8220; Leser haben ja im vergangenen Jahr mitbekommen, dass meine externe <a href=\"http:\/\/fernwehkinder.de\/?p=64\">Festplatte <\/a>ihren Dienst quittiert hatte. Heute, ziemlich genau ein Jahr sp\u00e4ter, bin ich an dem Punkt, an dem ich vor diesem Desaster war.<\/p>\n<p>Denn ich musste ja nicht eingegebene Notizen noch einmal tippen, nicht gespeicherte Fotos noch einmal machen, nicht verwahrte Prospekte\/Visitenkarten noch einmal holen, nicht gespeicherte Tracks noch einmal abwandern. Wegen meiner parallel laufenden anderen Buchprojekte zog es sich nun \u00fcber ein Jahr, bis ich wieder an dem Stand vor dem Desaster bin, also den Einleitungsteil und die gesamte Wegbeschreibung im Kasten habe.<\/p>\n<p><img loading=\"lazy\" decoding=\"async\" class=\"size-medium wp-image-2564 alignright\" src=\"http:\/\/fernwehkinder.de\/wp-content\/uploads\/2017\/05\/20170325_153830_reszed-300x169.jpg\" alt=\"20170325_153830_reszed\" width=\"300\" height=\"169\" srcset=\"http:\/\/fernwehkinder.de\/wp-content\/uploads\/2017\/05\/20170325_153830_reszed-300x169.jpg 300w, http:\/\/fernwehkinder.de\/wp-content\/uploads\/2017\/05\/20170325_153830_reszed-768x432.jpg 768w, http:\/\/fernwehkinder.de\/wp-content\/uploads\/2017\/05\/20170325_153830_reszed-1024x576.jpg 1024w, http:\/\/fernwehkinder.de\/wp-content\/uploads\/2017\/05\/20170325_153830_reszed.jpg 1632w\" sizes=\"auto, (max-width: 300px) 100vw, 300px\" \/>Puh!<\/p>\n<p>Erleichterung vermischt sich mit immer noch anhaltendem Frust \u00fcber diese immense Zusatzarbeit. Warum kann ich bl\u00f6de Kuh denn nicht regelm\u00e4\u00dfig sichern?!<\/p>\n<p>Nun muss ich &#8222;nur noch&#8220;<\/p>\n<ul>\n<li>bei allen Hotels, B&amp;Bs, Herbergen und Privatleuten Infos zu ihren Unterk\u00fcnften einholen und einpflegen (das kann dauern&#8230;)<\/li>\n<li>den vorhandenen Text k\u00fcrzen (die Gesamtstrecke ist l\u00e4nger geworden, aber das Buch darf nicht dicker werden)<\/li>\n<li>den Anregungen und Infos meiner Leser nachgehen<\/li>\n<li>die Tracks bereinigen (Irrwege, Pippipausen, Spielplatzbesuche, Picknicks,&#8230;)<\/li>\n<li>die Tracks zusammenf\u00fcgen (keiner will sich alle 191 Minitracks auf sein GPS laden. Ich hatte n\u00e4mlich zur Sicherheit unterwegs lieber etwas \u00f6fter gespeichert.)<\/li>\n<li>die Tracks um Wegpunkte erg\u00e4nzen<\/li>\n<li>die Etappen festlegen<\/li>\n<li>f\u00fcr allen Etappen die L\u00e4nge, die H\u00f6henmeter und die Besonderheiten zusammentragen<\/li>\n<li>die Karten aktualisieren<\/li>\n<li>die Fotos sortieren<\/li>\n<li>mich den Fragen der Lektorin stellen<\/li>\n<li>mich den Fragen der Kartografin stellen<\/li>\n<li>die Druckfahne lesen und freigeben<\/li>\n<\/ul>\n<p>Wenn ihr euch also fragt, was eine Reisebuchautorin den lieben langen Tag macht, kann ich euch f\u00fcr die n\u00e4chsten Wochen eine Antwort geben: Mails in Franz\u00f6sisch und Italienisch austauschen, in die Schweiz und nach Italien telefonieren, Rechnen, Zeichnen, Erinnern&#8230;<\/p>\n","protected":false},"excerpt":{"rendered":"<p>Meine &#8222;dienst\u00e4lteren&#8220; Leser haben ja im vergangenen Jahr mitbekommen, dass meine externe Festplatte ihren Dienst quittiert hatte. Heute, ziemlich genau ein Jahr sp\u00e4ter,&#8230;<\/p>\n","protected":false},"author":1,"featured_media":2564,"comment_status":"open","ping_status":"open","sticky":false,"template":"","format":"standard","meta":{"jetpack_post_was_ever_published":false,"_jetpack_newsletter_access":"","_jetpack_dont_email_post_to_subs":true,"_jetpack_newsletter_tier_id":0,"_jetpack_memberships_contains_paywalled_content":false,"_jetpack_memberships_contains_paid_content":false,"footnotes":""},"categories":[5,181],"tags":[25,179,24],"class_list":["post-2558","post","type-post","status-publish","format-standard","has-post-thumbnail","hentry","category-buchprojekte","category-fernweh-schreiberin","tag-italien","tag-schreiben","tag-via-francigena"],"jetpack_featured_media_url":"http:\/\/fernwehkinder.de\/wp-content\/uploads\/2017\/05\/20170325_153830_reszed.jpg","jetpack_sharing_enabled":true,"jetpack-related-posts":[],"jetpack_likes_enabled":true,"_links":{"self":[{"href":"http:\/\/fernwehkinder.de\/index.php?rest_route=\/wp\/v2\/posts\/2558","targetHints":{"allow":["GET"]}}],"collection":[{"href":"http:\/\/fernwehkinder.de\/index.php?rest_route=\/wp\/v2\/posts"}],"about":[{"href":"http:\/\/fernwehkinder.de\/index.php?rest_route=\/wp\/v2\/types\/post"}],"author":[{"embeddable":true,"href":"http:\/\/fernwehkinder.de\/index.php?rest_route=\/wp\/v2\/users\/1"}],"replies":[{"embeddable":true,"href":"http:\/\/fernwehkinder.de\/index.php?rest_route=%2Fwp%2Fv2%2Fcomments&post=2558"}],"version-history":[{"count":0,"href":"http:\/\/fernwehkinder.de\/index.php?rest_route=\/wp\/v2\/posts\/2558\/revisions"}],"wp:featuredmedia":[{"embeddable":true,"href":"http:\/\/fernwehkinder.de\/index.php?rest_route=\/wp\/v2\/media\/2564"}],"wp:attachment":[{"href":"http:\/\/fernwehkinder.de\/index.php?rest_route=%2Fwp%2Fv2%2Fmedia&parent=2558"}],"wp:term":[{"taxonomy":"category","embeddable":true,"href":"http:\/\/fernwehkinder.de\/index.php?rest_route=%2Fwp%2Fv2%2Fcategories&post=2558"},{"taxonomy":"post_tag","embeddable":true,"href":"http:\/\/fernwehkinder.de\/index.php?rest_route=%2Fwp%2Fv2%2Ftags&post=2558"}],"curies":[{"name":"wp","href":"https:\/\/api.w.org\/{rel}","templated":true}]}}