{"id":2587,"date":"2017-05-11T23:48:28","date_gmt":"2017-05-11T21:48:28","guid":{"rendered":"http:\/\/fernwehkinder.de\/?p=2587"},"modified":"2017-05-11T22:01:11","modified_gmt":"2017-05-11T20:01:11","slug":"2-x-2-jahre","status":"publish","type":"post","link":"http:\/\/fernwehkinder.de\/?p=2587","title":{"rendered":"2 x 2 Jahre"},"content":{"rendered":"<p><img loading=\"lazy\" decoding=\"async\" class=\"alignnone size-medium wp-image-2592\" src=\"http:\/\/fernwehkinder.de\/wp-content\/uploads\/2017\/05\/20170510_183953_resized-300x169.jpg\" alt=\"20170510_183953_resized\" width=\"300\" height=\"169\" srcset=\"http:\/\/fernwehkinder.de\/wp-content\/uploads\/2017\/05\/20170510_183953_resized-300x169.jpg 300w, http:\/\/fernwehkinder.de\/wp-content\/uploads\/2017\/05\/20170510_183953_resized-768x432.jpg 768w, http:\/\/fernwehkinder.de\/wp-content\/uploads\/2017\/05\/20170510_183953_resized-1024x576.jpg 1024w, http:\/\/fernwehkinder.de\/wp-content\/uploads\/2017\/05\/20170510_183953_resized.jpg 1632w\" sizes=\"auto, (max-width: 300px) 100vw, 300px\" \/> <img loading=\"lazy\" decoding=\"async\" class=\"alignnone size-medium wp-image-2591\" src=\"http:\/\/fernwehkinder.de\/wp-content\/uploads\/2017\/05\/20170510_181403_resized-300x169.jpg\" alt=\"20170510_181403_resized\" width=\"300\" height=\"169\" srcset=\"http:\/\/fernwehkinder.de\/wp-content\/uploads\/2017\/05\/20170510_181403_resized-300x169.jpg 300w, http:\/\/fernwehkinder.de\/wp-content\/uploads\/2017\/05\/20170510_181403_resized-768x432.jpg 768w, http:\/\/fernwehkinder.de\/wp-content\/uploads\/2017\/05\/20170510_181403_resized-1024x576.jpg 1024w, http:\/\/fernwehkinder.de\/wp-content\/uploads\/2017\/05\/20170510_181403_resized.jpg 1632w\" sizes=\"auto, (max-width: 300px) 100vw, 300px\" \/><\/p>\n<p>Gestern und heute haben wir wieder flei\u00dfig gebacken. Unser Kuchen-Karlchen ist wieder mit Kleid unterwegs und hei\u00dft diesmal Karla. Den Rhabarberkuchen habe ich heute Vormittag allein gebacken und war in einem Viertel der Zeit fertig, die ich brauche, wenn wir zu viert backen.<\/p>\n<p>Heute sind Nele und Cari n\u00e4mlich zwei Jahre alt geworden. K\u00f6nnt ihr euch noch an die kleinen Minim\u00e4use erinnern? Das sind inzwischen zwei pfiffige Pers\u00f6nchen geworden, deren Forscherdrang und Elan nur schwer beizukommen ist.<\/p>\n<p>W\u00e4hrend wir im vergangenen Jahr den Geburtstag gar nicht feiern konnten, weil Oma einen DRK-Termin hatte, Papa verreist war und ich Aurelia zum <a href=\"http:\/\/fernwehkinder.de\/?p=74\">Schulsprachtest <\/a>begleiten musste, kamen wir heute aus dem Feiern gar nicht mehr heraus.<\/p>\n<p>Was in den Geburtstagsgeschenken von Oma, Mama und Aurelia war, ist eigentlich gar nicht wichtig. Hauptsache,\u00a0alles war in herrlich knistrigem Geschenkpapier eingepackt. Aurelia hatte am Dienstag extra Minikuchen gekauft, damit sie schon morgens Kerzen auspusten k\u00f6nnen. Im Laden rechnete meine Gro\u00dfe mir vor: &#8222;Wir brauchen vier Kerzen, denn two times two equals four! Das wei\u00dft du aber, Mama, du hattest ja Mathe Leierkurs.&#8220; Aha! Wieder was gelernt: &#8222;equals&#8220; hei\u00dft &#8222;ist gleich&#8220; in mathematischen Formeln. Ist eigentlich logisch, aber ich hatte mir noch nie Gedanken dar\u00fcber gemacht.<\/p>\n<p><img loading=\"lazy\" decoding=\"async\" class=\"size-medium wp-image-2590 alignright\" src=\"http:\/\/fernwehkinder.de\/wp-content\/uploads\/2017\/05\/20170510_181311_resized-169x300.jpg\" alt=\"20170510_181311_resized\" width=\"169\" height=\"300\" srcset=\"http:\/\/fernwehkinder.de\/wp-content\/uploads\/2017\/05\/20170510_181311_resized-169x300.jpg 169w, http:\/\/fernwehkinder.de\/wp-content\/uploads\/2017\/05\/20170510_181311_resized-768x1365.jpg 768w, http:\/\/fernwehkinder.de\/wp-content\/uploads\/2017\/05\/20170510_181311_resized-576x1024.jpg 576w, http:\/\/fernwehkinder.de\/wp-content\/uploads\/2017\/05\/20170510_181311_resized.jpg 918w\" sizes=\"auto, (max-width: 169px) 100vw, 169px\" \/>Mit vor Stolz geschwellter Brust trugen sie ihre T-Shirts mit der gro\u00dfen 2 in den Kindergarten, bekamen dort noch eine Krone aufgesetzt und teilten ihre Karla mit all ihren Freunden und Erziehern.<\/p>\n<p>Herbert, der schon um 14 Uhr zu Besuch kam, weil er nicht wusste, dass die beiden auch am Geburtstag im Kindergarten sind, wurde zwei Stunden von Oma hingehalten, um mir dann beim Abholen der Geburtstagskinder nebst gro\u00dfer Schwester zu helfen. Wieder daheim, wurde mit Oma, Papa, Exnachbarin Irmgard und Herbert der Rabarbara-Kuchen gegessen, geschaukelt, auf dem Trampolin geh\u00fcpft und das erste mal in diesem Jahr gegrillt. Dreckig und gl\u00fccklich schliefen sie uns schon auf dem Scho\u00df ein.<\/p>\n<p>Dieser zweite Geburtstag hat uns allen viel besser gefallen als sein Vorg\u00e4nger. Nun sind wir gespannt, was das neue Lebensjahr bringen wird.<\/p>\n","protected":false},"excerpt":{"rendered":"<p>Gestern und heute haben wir wieder flei\u00dfig gebacken. Unser Kuchen-Karlchen ist wieder mit Kleid unterwegs und hei\u00dft diesmal Karla. Den Rhabarberkuchen habe ich&#8230;<\/p>\n","protected":false},"author":1,"featured_media":2591,"comment_status":"open","ping_status":"open","sticky":false,"template":"","format":"standard","meta":{"jetpack_post_was_ever_published":false,"_jetpack_newsletter_access":"","_jetpack_dont_email_post_to_subs":false,"_jetpack_newsletter_tier_id":0,"_jetpack_memberships_contains_paywalled_content":false,"_jetpack_memberships_contains_paid_content":false,"footnotes":""},"categories":[7,3],"tags":[48,27,123],"class_list":["post-2587","post","type-post","status-publish","format-standard","has-post-thumbnail","hentry","category-kinder","category-rabenmutter","tag-backen","tag-geburtstag","tag-kreatives"],"jetpack_featured_media_url":"http:\/\/fernwehkinder.de\/wp-content\/uploads\/2017\/05\/20170510_181403_resized.jpg","jetpack_sharing_enabled":true,"jetpack-related-posts":[],"jetpack_likes_enabled":true,"_links":{"self":[{"href":"http:\/\/fernwehkinder.de\/index.php?rest_route=\/wp\/v2\/posts\/2587","targetHints":{"allow":["GET"]}}],"collection":[{"href":"http:\/\/fernwehkinder.de\/index.php?rest_route=\/wp\/v2\/posts"}],"about":[{"href":"http:\/\/fernwehkinder.de\/index.php?rest_route=\/wp\/v2\/types\/post"}],"author":[{"embeddable":true,"href":"http:\/\/fernwehkinder.de\/index.php?rest_route=\/wp\/v2\/users\/1"}],"replies":[{"embeddable":true,"href":"http:\/\/fernwehkinder.de\/index.php?rest_route=%2Fwp%2Fv2%2Fcomments&post=2587"}],"version-history":[{"count":0,"href":"http:\/\/fernwehkinder.de\/index.php?rest_route=\/wp\/v2\/posts\/2587\/revisions"}],"wp:featuredmedia":[{"embeddable":true,"href":"http:\/\/fernwehkinder.de\/index.php?rest_route=\/wp\/v2\/media\/2591"}],"wp:attachment":[{"href":"http:\/\/fernwehkinder.de\/index.php?rest_route=%2Fwp%2Fv2%2Fmedia&parent=2587"}],"wp:term":[{"taxonomy":"category","embeddable":true,"href":"http:\/\/fernwehkinder.de\/index.php?rest_route=%2Fwp%2Fv2%2Fcategories&post=2587"},{"taxonomy":"post_tag","embeddable":true,"href":"http:\/\/fernwehkinder.de\/index.php?rest_route=%2Fwp%2Fv2%2Ftags&post=2587"}],"curies":[{"name":"wp","href":"https:\/\/api.w.org\/{rel}","templated":true}]}}