{"id":2636,"date":"2017-05-22T13:00:13","date_gmt":"2017-05-22T11:00:13","guid":{"rendered":"http:\/\/fernwehkinder.de\/?p=2636"},"modified":"2017-05-22T13:01:17","modified_gmt":"2017-05-22T11:01:17","slug":"kreative-stille","status":"publish","type":"post","link":"http:\/\/fernwehkinder.de\/?p=2636","title":{"rendered":"Kreative Stille"},"content":{"rendered":"<p>Wenn meine Kinder ganz still sind, werde ich skeptisch. So geht es den meisten Eltern\/Gro\u00dfeltern. Die Erfahrung zeigt, dass die Kinder etwas mit voller Konzentration machen. Das h\u00f6rt sich nur einen Moment lang gut an. Denn meistens sind sie bei erlaubten Sachen eher laut und werden nur bei verbotenen Aktivit\u00e4ten\u00a0ruhig.<\/p>\n<figure id=\"attachment_2647\" aria-describedby=\"caption-attachment-2647\" style=\"width: 300px\" class=\"wp-caption alignleft\"><img loading=\"lazy\" decoding=\"async\" class=\"wp-image-2647 size-medium\" src=\"http:\/\/fernwehkinder.de\/wp-content\/uploads\/2017\/05\/20170501_174955_resized_1-300x169.jpg\" alt=\"\" width=\"300\" height=\"169\" srcset=\"http:\/\/fernwehkinder.de\/wp-content\/uploads\/2017\/05\/20170501_174955_resized_1-300x169.jpg 300w, http:\/\/fernwehkinder.de\/wp-content\/uploads\/2017\/05\/20170501_174955_resized_1-768x432.jpg 768w, http:\/\/fernwehkinder.de\/wp-content\/uploads\/2017\/05\/20170501_174955_resized_1-1024x576.jpg 1024w, http:\/\/fernwehkinder.de\/wp-content\/uploads\/2017\/05\/20170501_174955_resized_1.jpg 1632w\" sizes=\"auto, (max-width: 300px) 100vw, 300px\" \/><figcaption id=\"caption-attachment-2647\" class=\"wp-caption-text\">Caris Kunstwerk am lebenden Modell<\/figcaption><\/figure>\n<figure id=\"attachment_2646\" aria-describedby=\"caption-attachment-2646\" style=\"width: 300px\" class=\"wp-caption alignleft\"><img loading=\"lazy\" decoding=\"async\" class=\"wp-image-2646 size-medium\" src=\"http:\/\/fernwehkinder.de\/wp-content\/uploads\/2017\/05\/20170501_174829_resized-300x169.jpg\" alt=\"\" width=\"300\" height=\"169\" srcset=\"http:\/\/fernwehkinder.de\/wp-content\/uploads\/2017\/05\/20170501_174829_resized-300x169.jpg 300w, http:\/\/fernwehkinder.de\/wp-content\/uploads\/2017\/05\/20170501_174829_resized-768x432.jpg 768w, http:\/\/fernwehkinder.de\/wp-content\/uploads\/2017\/05\/20170501_174829_resized-1024x576.jpg 1024w, http:\/\/fernwehkinder.de\/wp-content\/uploads\/2017\/05\/20170501_174829_resized.jpg 1632w\" sizes=\"auto, (max-width: 300px) 100vw, 300px\" \/><figcaption id=\"caption-attachment-2646\" class=\"wp-caption-text\">Neles Kunstwerk am lebenden Modell<\/figcaption><\/figure>\n<figure id=\"attachment_2642\" aria-describedby=\"caption-attachment-2642\" style=\"width: 300px\" class=\"wp-caption alignleft\"><img loading=\"lazy\" decoding=\"async\" class=\"wp-image-2642 size-medium\" src=\"http:\/\/fernwehkinder.de\/wp-content\/uploads\/2017\/05\/20170503_164615_resized-300x169.jpg\" alt=\"\" width=\"300\" height=\"169\" srcset=\"http:\/\/fernwehkinder.de\/wp-content\/uploads\/2017\/05\/20170503_164615_resized-300x169.jpg 300w, http:\/\/fernwehkinder.de\/wp-content\/uploads\/2017\/05\/20170503_164615_resized-768x432.jpg 768w, http:\/\/fernwehkinder.de\/wp-content\/uploads\/2017\/05\/20170503_164615_resized-1024x576.jpg 1024w, http:\/\/fernwehkinder.de\/wp-content\/uploads\/2017\/05\/20170503_164615_resized.jpg 1632w\" sizes=\"auto, (max-width: 300px) 100vw, 300px\" \/><figcaption id=\"caption-attachment-2642\" class=\"wp-caption-text\">Mein Schreibtisch *heul*<\/figcaption><\/figure>\n<figure id=\"attachment_2641\" aria-describedby=\"caption-attachment-2641\" style=\"width: 300px\" class=\"wp-caption alignleft\"><img loading=\"lazy\" decoding=\"async\" class=\"wp-image-2641 size-medium\" src=\"http:\/\/fernwehkinder.de\/wp-content\/uploads\/2017\/05\/20170503_164607_resized-300x169.jpg\" alt=\"\" width=\"300\" height=\"169\" srcset=\"http:\/\/fernwehkinder.de\/wp-content\/uploads\/2017\/05\/20170503_164607_resized-300x169.jpg 300w, http:\/\/fernwehkinder.de\/wp-content\/uploads\/2017\/05\/20170503_164607_resized-768x432.jpg 768w, http:\/\/fernwehkinder.de\/wp-content\/uploads\/2017\/05\/20170503_164607_resized-1024x576.jpg 1024w, http:\/\/fernwehkinder.de\/wp-content\/uploads\/2017\/05\/20170503_164607_resized.jpg 1632w\" sizes=\"auto, (max-width: 300px) 100vw, 300px\" \/><figcaption id=\"caption-attachment-2641\" class=\"wp-caption-text\">Konzepthalter von hinten<\/figcaption><\/figure>\n<figure id=\"attachment_2648\" aria-describedby=\"caption-attachment-2648\" style=\"width: 300px\" class=\"wp-caption alignleft\"><img loading=\"lazy\" decoding=\"async\" class=\"wp-image-2648 size-medium\" src=\"http:\/\/fernwehkinder.de\/wp-content\/uploads\/2017\/05\/20170519_171622_resized-300x169.jpg\" alt=\"\" width=\"300\" height=\"169\" srcset=\"http:\/\/fernwehkinder.de\/wp-content\/uploads\/2017\/05\/20170519_171622_resized-300x169.jpg 300w, http:\/\/fernwehkinder.de\/wp-content\/uploads\/2017\/05\/20170519_171622_resized-768x432.jpg 768w, http:\/\/fernwehkinder.de\/wp-content\/uploads\/2017\/05\/20170519_171622_resized-1024x576.jpg 1024w, http:\/\/fernwehkinder.de\/wp-content\/uploads\/2017\/05\/20170519_171622_resized.jpg 1632w\" sizes=\"auto, (max-width: 300px) 100vw, 300px\" \/><figcaption id=\"caption-attachment-2648\" class=\"wp-caption-text\">Omas Haust\u00fcr<\/figcaption><\/figure>\n<figure id=\"attachment_2654\" aria-describedby=\"caption-attachment-2654\" style=\"width: 300px\" class=\"wp-caption alignleft\"><img loading=\"lazy\" decoding=\"async\" class=\"wp-image-2654 size-medium\" src=\"http:\/\/fernwehkinder.de\/wp-content\/uploads\/2017\/05\/20170521_164013_resized-300x169.jpg\" alt=\"\" width=\"300\" height=\"169\" srcset=\"http:\/\/fernwehkinder.de\/wp-content\/uploads\/2017\/05\/20170521_164013_resized-300x169.jpg 300w, http:\/\/fernwehkinder.de\/wp-content\/uploads\/2017\/05\/20170521_164013_resized-768x432.jpg 768w, http:\/\/fernwehkinder.de\/wp-content\/uploads\/2017\/05\/20170521_164013_resized-1024x576.jpg 1024w, http:\/\/fernwehkinder.de\/wp-content\/uploads\/2017\/05\/20170521_164013_resized.jpg 1632w\" sizes=\"auto, (max-width: 300px) 100vw, 300px\" \/><figcaption id=\"caption-attachment-2654\" class=\"wp-caption-text\">Oma freut sich gar nicht \u00fcber ihren goldigen Teppich<\/figcaption><\/figure>\n<p>\u00dcblicherweise bemalen sie dann n\u00e4mlich sich und ihre Umgebung: Arme, Beine, Gesichter, Matratzen, Tapeten, Tische, T\u00fcren, Fliesen. Das meiste geht irgendwie ab. Aber eben nur irgendwie, und l\u00e4ngst nicht alles. Kuli hinterl\u00e4sst in M\u00f6belholz kleine Rillen, die nur heraus geschliffen werden k\u00f6nnten.<\/p>\n<p>Ich bin nicht so pingelig mit den Ergebnissen dieser Kunst-Sessions. Wer\u00a0mit Neufundl\u00e4ndern lebt, macht sich \u00fcber die Wanddekoration unterhalb seiner eigenen Bauchnabelh\u00f6he ohnehin keine Gedanken, weil sich an allen W\u00e4nden ein gleichm\u00e4\u00dfiger brauner Streifen zeigt, der zustande kommt, weil diese faulen Zottelb\u00e4ren sich sogar beim Laufen gerne anlehnen. Aber auf Bettw\u00e4sche, neu gekaufter Kleidung und M\u00f6beln habe ich es nicht so gerne.<\/p>\n<p>Au\u00dferdem f\u00e4llt mir auf, dass meine Mutter und ich besonders empfindlich reagieren, wenn mit dekorativer Kosmetik gearbeitet wird. Vielleicht, weil wir uns beide\u00a0nicht schminken. Beim Kellerausmisten fielen Aurelia alte und uralte Schminksachen in die Finger: Die beiden Lippenstifte, die ich zu meinen Hochzeiten 1991 und 1993 nur jeweils einen Tag verwendet hatte (ranzig, aber noch wie neu), Kayal aus meiner Zeit in Th\u00fcringen (1995-1999), im Karnevalszug gefangener Nagellack (etwa 2002),&#8230; Und so konnte sich meine Mutter an einem mit goldenem Nagellack lackierten Kinderstuhl ebenso ausgelassen freuen wie ich an meinen mit Lippenstift bemalten, urspr\u00fcnglich wei\u00dfen, Sandalen. \ud83d\ude41<\/p>\n<p>Momentan bin ich krank: Auf meiner COPD-Lunge hat sich die Erk\u00e4ltung festgesetzt, die Cari aus dem Kindergarten mitgebracht hatte. Von Aurelia habe ich den Magen-Darm Infekt \u00fcbernommen. Das f\u00fchrt bei mir zu brutalen Kopf- und Gliederschmerzen, Sch\u00fcttelfrost, Ausfall aller Systeme &#8211; \u00a0und damit zu einer Verlangsamung all meiner Handlungen.<\/p>\n<figure id=\"attachment_2653\" aria-describedby=\"caption-attachment-2653\" style=\"width: 169px\" class=\"wp-caption alignright\"><img loading=\"lazy\" decoding=\"async\" class=\"wp-image-2653 size-medium\" src=\"http:\/\/fernwehkinder.de\/wp-content\/uploads\/2017\/05\/20170521_164027_resized-169x300.jpg\" alt=\"\" width=\"169\" height=\"300\" srcset=\"http:\/\/fernwehkinder.de\/wp-content\/uploads\/2017\/05\/20170521_164027_resized-169x300.jpg 169w, http:\/\/fernwehkinder.de\/wp-content\/uploads\/2017\/05\/20170521_164027_resized-768x1365.jpg 768w, http:\/\/fernwehkinder.de\/wp-content\/uploads\/2017\/05\/20170521_164027_resized-576x1024.jpg 576w, http:\/\/fernwehkinder.de\/wp-content\/uploads\/2017\/05\/20170521_164027_resized.jpg 918w\" sizes=\"auto, (max-width: 169px) 100vw, 169px\" \/><figcaption id=\"caption-attachment-2653\" class=\"wp-caption-text\">Ebenso goldiger Kinderstuhl<\/figcaption><\/figure>\n<p>Ich bin also eindeutig zu langsam f\u00fcr mein Kreativteam. Noch bevor ich der einen den Stift abgeschwatzt habe (&#8222;Schau mal, es muss doch nicht der schwarze Edding sein, wenn du dein Bein anmalst, nimm doch diese kunterbunten abwaschbaren Filzstifte!&#8220;), bringt die zweite grade ein Erdbeermarmeladenbrot-Gem\u00e4lde an der Flurtapete zum Abschluss und die dritte lackiert dem Hund die Krallen mit Nagellack. In Glittergelb! Davon m\u00fcsste ich mich sogar in gesundem Zustand \u00fcbergeben. Hoffentlich bin ich bald wieder fit und schneller als die Bande!<\/p>\n<p>Aurelia malt inzwischen allerdings nicht mehr so viel, sie zieht sich ebenso gerne zu so genannten &#8222;Experimenten&#8220; in eines der WCs zur\u00fcck. Am Handwaschbecken wird z.B. ausprobiert:<\/p>\n<ul>\n<li>wie lange es dauert, bis das Wasser so hei\u00df ist, dass sie ihre H\u00e4nde nicht mehr drunter halten kann<\/li>\n<li>wie lange es dauert, bis der Wasserhahn leer ist<\/li>\n<li>ob der Stopfen auch durch einen Waschlappen ersetzt werden kann<\/li>\n<li>was passiert, wenn man unten den Stopfen schlie\u00dft und in das obere Loch den Waschlappen steckt<\/li>\n<li>wie sch\u00f6n Wasser von in dicken Schichten auf das Becken aufgetragenem Lippenstift abperlt<\/li>\n<li>ob die Lehrerin die Wahrheit gesagt hat, als sie behauptete, dass gelb und blau zu gr\u00fcn vermischt werden k\u00f6nnen (okay, wir benutzen diese beiden Lebensmittelfarben ohnehin nicht so oft wie rot)<\/li>\n<li>ob durchsichtige oder undurchsichtige Seife besser schwimmt<\/li>\n<li>welche anderen Dinge schwimmen k\u00f6nnen<\/li>\n<li>wie viel Wasser in welchen Schwamm passt<\/li>\n<li>ob Pippi schneller flie\u00dft, wenn gleichzeitig das Wasser am Waschbecken l\u00e4uft<\/li>\n<li>ob sie stark genug ist, den laufenden Wasserhahn zuzuhalten<\/li>\n<\/ul>\n<p>Ihre Schwestern werden mit Sicherheit in ihre Fu\u00dfstampfen treten. Ich werde an dieser Stelle aber keine Details davon preis geben, welch kreative Idee eine der beiden Minis letzte Woche hatte, nachdem Aurelia nach dem gro\u00dfen Gesch\u00e4ft das Abziehen vergessen hatte&#8230;<\/p>\n<p>&nbsp;<\/p>\n","protected":false},"excerpt":{"rendered":"<p>Wenn meine Kinder ganz still sind, werde ich skeptisch. So geht es den meisten Eltern\/Gro\u00dfeltern. Die Erfahrung zeigt, dass die Kinder etwas mit&#8230;<\/p>\n","protected":false},"author":1,"featured_media":2647,"comment_status":"open","ping_status":"open","sticky":false,"template":"","format":"standard","meta":{"jetpack_post_was_ever_published":false,"_jetpack_newsletter_access":"","_jetpack_dont_email_post_to_subs":false,"_jetpack_newsletter_tier_id":0,"_jetpack_memberships_contains_paywalled_content":false,"_jetpack_memberships_contains_paid_content":false,"footnotes":""},"categories":[7,3],"tags":[168,123,51],"class_list":["post-2636","post","type-post","status-publish","format-standard","has-post-thumbnail","hentry","category-kinder","category-rabenmutter","tag-erziehung","tag-kreatives","tag-lernen"],"jetpack_featured_media_url":"http:\/\/fernwehkinder.de\/wp-content\/uploads\/2017\/05\/20170501_174955_resized_1.jpg","jetpack_sharing_enabled":true,"jetpack-related-posts":[],"jetpack_likes_enabled":true,"_links":{"self":[{"href":"http:\/\/fernwehkinder.de\/index.php?rest_route=\/wp\/v2\/posts\/2636","targetHints":{"allow":["GET"]}}],"collection":[{"href":"http:\/\/fernwehkinder.de\/index.php?rest_route=\/wp\/v2\/posts"}],"about":[{"href":"http:\/\/fernwehkinder.de\/index.php?rest_route=\/wp\/v2\/types\/post"}],"author":[{"embeddable":true,"href":"http:\/\/fernwehkinder.de\/index.php?rest_route=\/wp\/v2\/users\/1"}],"replies":[{"embeddable":true,"href":"http:\/\/fernwehkinder.de\/index.php?rest_route=%2Fwp%2Fv2%2Fcomments&post=2636"}],"version-history":[{"count":0,"href":"http:\/\/fernwehkinder.de\/index.php?rest_route=\/wp\/v2\/posts\/2636\/revisions"}],"wp:featuredmedia":[{"embeddable":true,"href":"http:\/\/fernwehkinder.de\/index.php?rest_route=\/wp\/v2\/media\/2647"}],"wp:attachment":[{"href":"http:\/\/fernwehkinder.de\/index.php?rest_route=%2Fwp%2Fv2%2Fmedia&parent=2636"}],"wp:term":[{"taxonomy":"category","embeddable":true,"href":"http:\/\/fernwehkinder.de\/index.php?rest_route=%2Fwp%2Fv2%2Fcategories&post=2636"},{"taxonomy":"post_tag","embeddable":true,"href":"http:\/\/fernwehkinder.de\/index.php?rest_route=%2Fwp%2Fv2%2Ftags&post=2636"}],"curies":[{"name":"wp","href":"https:\/\/api.w.org\/{rel}","templated":true}]}}