{"id":2719,"date":"2017-06-07T21:25:45","date_gmt":"2017-06-07T19:25:45","guid":{"rendered":"http:\/\/fernwehkinder.de\/?p=2719"},"modified":"2017-06-07T21:25:45","modified_gmt":"2017-06-07T19:25:45","slug":"wegmarkierungen","status":"publish","type":"post","link":"http:\/\/fernwehkinder.de\/?p=2719","title":{"rendered":"Wegmarkierungen"},"content":{"rendered":"<p>F\u00fcr die Reisef\u00fchrer, bei Hunderunden und beim Geocaching sind wir ja sehr oft auf Wanderwegen unterwegs. Erst im Mai fragte mich Aurelia, wie denn die Markierungen an die B\u00e4ume, Laternen und Schilder kommen. Ich erkl\u00e4rte es ihr ausf\u00fchrlich, war aber nicht sicher, ob sie es verstanden hatte.<\/p>\n<figure id=\"attachment_2720\" aria-describedby=\"caption-attachment-2720\" style=\"width: 300px\" class=\"wp-caption alignleft\"><img loading=\"lazy\" decoding=\"async\" class=\"wp-image-2720 size-medium\" src=\"http:\/\/fernwehkinder.de\/wp-content\/uploads\/2017\/06\/P6022049-300x225.jpg\" alt=\"\" width=\"300\" height=\"225\" srcset=\"http:\/\/fernwehkinder.de\/wp-content\/uploads\/2017\/06\/P6022049-300x225.jpg 300w, http:\/\/fernwehkinder.de\/wp-content\/uploads\/2017\/06\/P6022049-768x576.jpg 768w, http:\/\/fernwehkinder.de\/wp-content\/uploads\/2017\/06\/P6022049.jpg 800w\" sizes=\"auto, (max-width: 300px) 100vw, 300px\" \/><figcaption id=\"caption-attachment-2720\" class=\"wp-caption-text\">Was machst du da?<\/figcaption><\/figure>\n<p>Wie aufs Stichwort trafen wir in ihren Ferien beim Geocachen am Lingese-Stausee einen Mann, der den \u00f6rtlichen Wanderweg Nummer 6 \u00fcberpr\u00fcfte und fehlende Markierungen ersetzte. Sie fand es sehr spannend, ihm dabei zuzusehen, wie er aus seiner Aktentasche einen Aufkleber f\u00fcr den Weg und einen zweiten mit einem Richtungspfeil holte, das Papier abl\u00f6ste und die Aufkleber befestigte. Von selbst kam sie mit einem Blick auf seine Heckenschere auf die Idee, dass er damit die B\u00e4ume und Str\u00e4ucher zurecht schnitt, wenn deren Laub die Markierungen verdeckte.<\/p>\n<p>Sie hatte mir wirklich gut zugeh\u00f6rt, wie sich nun heraus stellte. Er war ihr wohl sympathisch und sie fragte ihn aus, ob er ein Wegpate ist oder nur ein Wegpatenhelfer. Sie wollte wissen ob er im Eifelverein ist und wunderte sich dar\u00fcber, dass im Bergischen Land der Sauerl\u00e4ndische Gebirgsverein und nicht der Bergische Gebirgsverein das Wegenetz betreut.<\/p>\n<p>Sie erz\u00e4hlte ihm wortreich, dass ich ihr das alles genau erkl\u00e4rt habe, weil &#8222;meine Mama auch ein Wegpatenhelfer war. Sie hat schon als Kind einem Wegpaten bei der Arbeit geholfen. Ich will das auch machen, wenn ich gr\u00f6\u00dfer bin, das ist ein sch\u00f6ner Beruf!&#8220;<\/p>\n<p>Tja, leider mussten wir dar\u00fcber aufkl\u00e4ren, dass es eher ein Hobby\/Ehrenamt, als ein Beruf ist. Aber es ist eine sehr sch\u00f6ne T\u00e4tigkeit. In der Tat habe ich als Grundsch\u00fclerin und Gymnasiastin meinem alten Vereinskollegen Hans Weil immer beim Markieren geholfen. Damals gab es noch keine Aufkleber. Wir zogen mit drei Eimerchen Farbe und drei Pinseln durch den Wald. Gr\u00fcn-wei\u00df waren die Naturfreundewege, rot-wei\u00df andere von ihm betreute Wege. Ich war stolz, wenn ich ihn begleiten durfte. Ich lernte, nur so viel Farbe zu verwenden, dass keine Nasen den Baum hinab liefen. H\u00f6chste Konzentration war erforderlich, um die Wegziffern und mancherorts n\u00f6tige Pfeile korrekt aufzumalen. Er lie\u00df mich die Topografische Karte tragen und ich merkte gar nicht, dass er mir an jeder Weggabelung das Kartenlesen beibrachte.<\/p>\n<p>Gerne denke ich an diese Zeit zur\u00fcck. Ich war viel im Wald unterwegs und mir war gar nicht bewusst, dass es sich um eine win-win-win-Situation handelte: Er war auf seinen langen Markierwanderungen nicht allein. Meine Mutter wusste mich in guten H\u00e4nden, w\u00e4hrend sie im Naturfreundehaus kochte, sp\u00fclte, putzte,&#8230; Und ich hatte eine Aufgabe, die mich forderte und mir Freude machte. Hans ist schon lange tot. Doch bei handgemalten Wegmarkierungen muss ich noch heute an ihn denken. Dabei ist sogar vollkommen egal, in welchem Land ich eine solche Markierung sehe. Freundschaft kennt keine Altersunterschiede und w\u00e4hrt \u00fcber den Tod hinaus!<\/p>\n","protected":false},"excerpt":{"rendered":"<p>F\u00fcr die Reisef\u00fchrer, bei Hunderunden und beim Geocaching sind wir ja sehr oft auf Wanderwegen unterwegs. Erst im Mai fragte mich Aurelia, wie&#8230;<\/p>\n","protected":false},"author":1,"featured_media":2720,"comment_status":"open","ping_status":"open","sticky":false,"template":"","format":"standard","meta":{"jetpack_post_was_ever_published":false,"_jetpack_newsletter_access":"","_jetpack_dont_email_post_to_subs":false,"_jetpack_newsletter_tier_id":0,"_jetpack_memberships_contains_paywalled_content":false,"_jetpack_memberships_contains_paid_content":false,"footnotes":""},"categories":[6,7],"tags":[66,174,40],"class_list":["post-2719","post","type-post","status-publish","format-standard","has-post-thumbnail","hentry","category-nachdenkliches","category-kinder","tag-freunde","tag-naturfreunde","tag-wandern"],"jetpack_featured_media_url":"http:\/\/fernwehkinder.de\/wp-content\/uploads\/2017\/06\/P6022049.jpg","jetpack_sharing_enabled":true,"jetpack-related-posts":[],"jetpack_likes_enabled":true,"_links":{"self":[{"href":"http:\/\/fernwehkinder.de\/index.php?rest_route=\/wp\/v2\/posts\/2719","targetHints":{"allow":["GET"]}}],"collection":[{"href":"http:\/\/fernwehkinder.de\/index.php?rest_route=\/wp\/v2\/posts"}],"about":[{"href":"http:\/\/fernwehkinder.de\/index.php?rest_route=\/wp\/v2\/types\/post"}],"author":[{"embeddable":true,"href":"http:\/\/fernwehkinder.de\/index.php?rest_route=\/wp\/v2\/users\/1"}],"replies":[{"embeddable":true,"href":"http:\/\/fernwehkinder.de\/index.php?rest_route=%2Fwp%2Fv2%2Fcomments&post=2719"}],"version-history":[{"count":0,"href":"http:\/\/fernwehkinder.de\/index.php?rest_route=\/wp\/v2\/posts\/2719\/revisions"}],"wp:featuredmedia":[{"embeddable":true,"href":"http:\/\/fernwehkinder.de\/index.php?rest_route=\/wp\/v2\/media\/2720"}],"wp:attachment":[{"href":"http:\/\/fernwehkinder.de\/index.php?rest_route=%2Fwp%2Fv2%2Fmedia&parent=2719"}],"wp:term":[{"taxonomy":"category","embeddable":true,"href":"http:\/\/fernwehkinder.de\/index.php?rest_route=%2Fwp%2Fv2%2Fcategories&post=2719"},{"taxonomy":"post_tag","embeddable":true,"href":"http:\/\/fernwehkinder.de\/index.php?rest_route=%2Fwp%2Fv2%2Ftags&post=2719"}],"curies":[{"name":"wp","href":"https:\/\/api.w.org\/{rel}","templated":true}]}}