{"id":3036,"date":"2017-07-23T17:54:07","date_gmt":"2017-07-23T15:54:07","guid":{"rendered":"http:\/\/fernwehkinder.de\/?p=3036"},"modified":"2019-10-31T05:50:47","modified_gmt":"2019-10-31T04:50:47","slug":"fernweh-nach-thueringen","status":"publish","type":"post","link":"http:\/\/fernwehkinder.de\/?p=3036","title":{"rendered":"Fernweh nach Th\u00fcringen?"},"content":{"rendered":"<p>Nein! So weit will ich nicht gehen, von Fernweh zu sprechen. Dazu waren die Umst\u00e4nde, die meine Berufst\u00e4tigkeit in Th\u00fcringen beendeten, zu unerfreulich und belastend. Aber mit dem n\u00f6tigen r\u00e4umlichen und zeitlichen Abstand l\u00e4sst sich \u00fcber manch ein Detail dann doch schmunzeln und ich denke wehm\u00fctig an viele sch\u00f6ne Naturerlebnisse im Th\u00fcringer Wald zur\u00fcck.<\/p>\n<p><img loading=\"lazy\" decoding=\"async\" class=\"size-medium wp-image-3038 alignleft\" src=\"http:\/\/fernwehkinder.de\/wp-content\/uploads\/2017\/07\/P7193677-300x225.jpg\" alt=\"\" width=\"300\" height=\"225\" srcset=\"http:\/\/fernwehkinder.de\/wp-content\/uploads\/2017\/07\/P7193677-300x225.jpg 300w, http:\/\/fernwehkinder.de\/wp-content\/uploads\/2017\/07\/P7193677-768x576.jpg 768w, http:\/\/fernwehkinder.de\/wp-content\/uploads\/2017\/07\/P7193677.jpg 800w\" sizes=\"auto, (max-width: 300px) 100vw, 300px\" \/>Nicht nur schmunzeln, sondern laut lachen musste ich, als ich bei meiner aktuellen Verkaufsrunde bei eBay Kleinanzeigen einen Th\u00fcringen-Globus aus dem Verkaufskarton zog. Ja, richtig gelesen: &#8222;Th\u00fcringen-Globus&#8220;. Ein Globus, auf dem Th\u00fcringen als einziger Kontinent zu sehen ist. Die benachbarten Bundesl\u00e4nder werden als Ozeane dargestellt und der \u00c4quator verl\u00e4uft fast genau auf der BAB 4. Den hatte ich von meinen Mitarbeitern geschenkt erhalten und mich damals schon k\u00f6stlich dar\u00fcber am\u00fcsiert. Gibt es so etwas auch f\u00fcr NRW? Ich kann es mir kaum vorstellen! Verkauft wird das Teil trotzdem. Ich brauche Platz und er hat keinen Nutzen in meinem aktuellen Leben. Die Fotos werden archiviert und die Erinnerung an die Geschenk\u00fcbergabe liegt ohnehin tief in meinem Herzen verankert.<\/p>\n<p>Bleibt das Quasi-Fernweh nach dem Th\u00fcringer Wald. Fast w\u00e4re ich einer Einladung zu einer Bloggerreise nach Oberhof gefolgt. Doch so sch\u00f6n ich mir ein Wochenende mit anderen Bloggern vorstelle, so wenig wird diese Vorstellung in der Realit\u00e4t umsetzbar sein. Es geht um Wanderblogger und das Programm ist auf Erwachsene zugeschnitten. Eine Wanderbloggerin mit drei Kindern w\u00fcrde dort nicht in die Planung passen. Man m\u00fcsste zu viel R\u00fccksicht auf uns nehmen und am Ende w\u00e4ren die M\u00e4use trotzdem \u00fcberfordert &#8211; und ich total frustriert. Schade. Aber besser so.<\/p>\n","protected":false},"excerpt":{"rendered":"<p>Nein! So weit will ich nicht gehen, von Fernweh zu sprechen. Dazu waren die Umst\u00e4nde, die meine Berufst\u00e4tigkeit in Th\u00fcringen beendeten, zu unerfreulich&#8230;<\/p>\n","protected":false},"author":1,"featured_media":3037,"comment_status":"open","ping_status":"open","sticky":false,"template":"","format":"standard","meta":{"jetpack_post_was_ever_published":false,"_jetpack_newsletter_access":"","_jetpack_dont_email_post_to_subs":false,"_jetpack_newsletter_tier_id":0,"_jetpack_memberships_contains_paywalled_content":false,"_jetpack_memberships_contains_paid_content":false,"footnotes":""},"categories":[6,3],"tags":[18,189,205,40],"class_list":["post-3036","post","type-post","status-publish","format-standard","has-post-thumbnail","hentry","category-nachdenkliches","category-rabenmutter","tag-entruempeln","tag-globus","tag-thueringen","tag-wandern"],"jetpack_featured_media_url":"http:\/\/fernwehkinder.de\/wp-content\/uploads\/2017\/07\/P7193678.jpg","jetpack_sharing_enabled":true,"jetpack-related-posts":[],"jetpack_likes_enabled":true,"_links":{"self":[{"href":"http:\/\/fernwehkinder.de\/index.php?rest_route=\/wp\/v2\/posts\/3036","targetHints":{"allow":["GET"]}}],"collection":[{"href":"http:\/\/fernwehkinder.de\/index.php?rest_route=\/wp\/v2\/posts"}],"about":[{"href":"http:\/\/fernwehkinder.de\/index.php?rest_route=\/wp\/v2\/types\/post"}],"author":[{"embeddable":true,"href":"http:\/\/fernwehkinder.de\/index.php?rest_route=\/wp\/v2\/users\/1"}],"replies":[{"embeddable":true,"href":"http:\/\/fernwehkinder.de\/index.php?rest_route=%2Fwp%2Fv2%2Fcomments&post=3036"}],"version-history":[{"count":2,"href":"http:\/\/fernwehkinder.de\/index.php?rest_route=\/wp\/v2\/posts\/3036\/revisions"}],"predecessor-version":[{"id":6850,"href":"http:\/\/fernwehkinder.de\/index.php?rest_route=\/wp\/v2\/posts\/3036\/revisions\/6850"}],"wp:featuredmedia":[{"embeddable":true,"href":"http:\/\/fernwehkinder.de\/index.php?rest_route=\/wp\/v2\/media\/3037"}],"wp:attachment":[{"href":"http:\/\/fernwehkinder.de\/index.php?rest_route=%2Fwp%2Fv2%2Fmedia&parent=3036"}],"wp:term":[{"taxonomy":"category","embeddable":true,"href":"http:\/\/fernwehkinder.de\/index.php?rest_route=%2Fwp%2Fv2%2Fcategories&post=3036"},{"taxonomy":"post_tag","embeddable":true,"href":"http:\/\/fernwehkinder.de\/index.php?rest_route=%2Fwp%2Fv2%2Ftags&post=3036"}],"curies":[{"name":"wp","href":"https:\/\/api.w.org\/{rel}","templated":true}]}}