{"id":3204,"date":"2017-08-11T22:27:07","date_gmt":"2017-08-11T20:27:07","guid":{"rendered":"http:\/\/fernwehkinder.de\/?p=3204"},"modified":"2025-08-31T11:34:06","modified_gmt":"2025-08-31T09:34:06","slug":"vulkaneifelwanderung-mit-herz","status":"publish","type":"post","link":"http:\/\/fernwehkinder.de\/?p=3204","title":{"rendered":"Vulkaneifel-Wanderung mit Herz"},"content":{"rendered":"<figure id=\"attachment_3205\" aria-describedby=\"caption-attachment-3205\" style=\"width: 192px\" class=\"wp-caption alignleft\"><img loading=\"lazy\" decoding=\"async\" class=\"wp-image-3205\" src=\"http:\/\/fernwehkinder.de\/wp-content\/uploads\/2017\/08\/P7300075-300x225.jpg\" alt=\"\" width=\"192\" height=\"144\" srcset=\"http:\/\/fernwehkinder.de\/wp-content\/uploads\/2017\/08\/P7300075-300x225.jpg 300w, http:\/\/fernwehkinder.de\/wp-content\/uploads\/2017\/08\/P7300075.jpg 330w\" sizes=\"auto, (max-width: 192px) 100vw, 192px\" \/><figcaption id=\"caption-attachment-3205\" class=\"wp-caption-text\">Nur dieses Foto blieb \u00fcbrig<\/figcaption><\/figure>\n<p>Vor zwei Jahren war ich schon einmal in Strohn. Begleitet hatten mich damals Aurelia, Nele, Cari und unser Babysitter Greta. Sie schob den Zwillingsbuggy auf der Stra\u00dfe an den schmalen Passagen und Trampelpfaden vorbei, die ich mit Aurelia allein f\u00fcr die Recherche lief.<\/p>\n<p>Leider sind auch die Fotos und der Track dieser Tour dem Rechner-Totalschaden zum Opfer gefallen, w\u00e4ren aber ohnehin nun schon veraltet.<\/p>\n<p>Also liefen Bathida und ich die Runde noch einmal. Das ist gar nicht schlimm, denn ich bin sehr gerne in Strohn. Das Vulkanhaus, die Lavabombe und die abwechslungsreiche Gegens sind immer wieder einen Besuch wert.<\/p>\n<figure id=\"attachment_3206\" aria-describedby=\"caption-attachment-3206\" style=\"width: 300px\" class=\"wp-caption alignleft\"><img loading=\"lazy\" decoding=\"async\" class=\"wp-image-3206 size-medium\" src=\"http:\/\/fernwehkinder.de\/wp-content\/uploads\/2017\/08\/P8074123-300x225.jpg\" alt=\"\" width=\"300\" height=\"225\" srcset=\"http:\/\/fernwehkinder.de\/wp-content\/uploads\/2017\/08\/P8074123-300x225.jpg 300w, http:\/\/fernwehkinder.de\/wp-content\/uploads\/2017\/08\/P8074123-768x576.jpg 768w, http:\/\/fernwehkinder.de\/wp-content\/uploads\/2017\/08\/P8074123.jpg 800w\" sizes=\"auto, (max-width: 300px) 100vw, 300px\" \/><figcaption id=\"caption-attachment-3206\" class=\"wp-caption-text\">Start am Vulkanhaus<\/figcaption><\/figure>\n<figure id=\"attachment_3217\" aria-describedby=\"caption-attachment-3217\" style=\"width: 300px\" class=\"wp-caption alignright\"><img loading=\"lazy\" decoding=\"async\" class=\"wp-image-3217 size-medium\" src=\"http:\/\/fernwehkinder.de\/wp-content\/uploads\/2017\/08\/P8074291-300x225.jpg\" alt=\"\" width=\"300\" height=\"225\" srcset=\"http:\/\/fernwehkinder.de\/wp-content\/uploads\/2017\/08\/P8074291-300x225.jpg 300w, http:\/\/fernwehkinder.de\/wp-content\/uploads\/2017\/08\/P8074291-768x576.jpg 768w, http:\/\/fernwehkinder.de\/wp-content\/uploads\/2017\/08\/P8074291.jpg 800w\" sizes=\"auto, (max-width: 300px) 100vw, 300px\" \/><figcaption id=\"caption-attachment-3217\" class=\"wp-caption-text\">An der Lavabombe<\/figcaption><\/figure>\n<p>Vom Vulkanhaus in Strohn f\u00fchrte uns der Weg zur Lavabombe. Das ist eines der interessantesten Ph\u00e4nomene des Vulkanismus: Wenn bei einem Vulkanausbruch ein Gesteinsklumpen zu schwer ist, um aus dem Krater heraus geschleudert zu werden, rollt er durch Lava, Ru\u00df und Asche zur\u00fcck in die Tiefe, wird wieder hoch geschleudert und es beginnt wieder von vorne. Dabei wird er dicker und dicker &#8211; wie ein Schneeball, den wir durch eine Schneeschicht rollen, bis er dick genug ist, um den Bauch des Schneemanns darzustellen.<\/p>\n<figure id=\"attachment_3207\" aria-describedby=\"caption-attachment-3207\" style=\"width: 300px\" class=\"wp-caption aligncenter\"><img loading=\"lazy\" decoding=\"async\" class=\"wp-image-3207 size-medium\" src=\"http:\/\/fernwehkinder.de\/wp-content\/uploads\/2017\/08\/P8074141-300x225.jpg\" alt=\"\" width=\"300\" height=\"225\" srcset=\"http:\/\/fernwehkinder.de\/wp-content\/uploads\/2017\/08\/P8074141-300x225.jpg 300w, http:\/\/fernwehkinder.de\/wp-content\/uploads\/2017\/08\/P8074141-768x576.jpg 768w, http:\/\/fernwehkinder.de\/wp-content\/uploads\/2017\/08\/P8074141.jpg 800w\" sizes=\"auto, (max-width: 300px) 100vw, 300px\" \/><figcaption id=\"caption-attachment-3207\" class=\"wp-caption-text\">Metallrahmen mit lustig dargestellten Erkl\u00e4rungen auf der Lavabombe<\/figcaption><\/figure>\n<figure id=\"attachment_3209\" aria-describedby=\"caption-attachment-3209\" style=\"width: 300px\" class=\"wp-caption alignright\"><img loading=\"lazy\" decoding=\"async\" class=\"wp-image-3209 size-medium\" src=\"http:\/\/fernwehkinder.de\/wp-content\/uploads\/2017\/08\/P8074179-300x225.jpg\" alt=\"\" width=\"300\" height=\"225\" srcset=\"http:\/\/fernwehkinder.de\/wp-content\/uploads\/2017\/08\/P8074179-300x225.jpg 300w, http:\/\/fernwehkinder.de\/wp-content\/uploads\/2017\/08\/P8074179-768x576.jpg 768w, http:\/\/fernwehkinder.de\/wp-content\/uploads\/2017\/08\/P8074179.jpg 800w\" sizes=\"auto, (max-width: 300px) 100vw, 300px\" \/><figcaption id=\"caption-attachment-3209\" class=\"wp-caption-text\">Herzig und giftig zugleich<\/figcaption><\/figure>\n<figure id=\"attachment_3208\" aria-describedby=\"caption-attachment-3208\" style=\"width: 300px\" class=\"wp-caption alignleft\"><img loading=\"lazy\" decoding=\"async\" class=\"wp-image-3208 size-medium\" src=\"http:\/\/fernwehkinder.de\/wp-content\/uploads\/2017\/08\/P8074161-300x225.jpg\" alt=\"\" width=\"300\" height=\"225\" srcset=\"http:\/\/fernwehkinder.de\/wp-content\/uploads\/2017\/08\/P8074161-300x225.jpg 300w, http:\/\/fernwehkinder.de\/wp-content\/uploads\/2017\/08\/P8074161-768x576.jpg 768w, http:\/\/fernwehkinder.de\/wp-content\/uploads\/2017\/08\/P8074161.jpg 800w\" sizes=\"auto, (max-width: 300px) 100vw, 300px\" \/><figcaption id=\"caption-attachment-3208\" class=\"wp-caption-text\">Meine sch\u00f6ne Eifelb\u00e4rin<\/figcaption><\/figure>\n<p>Weiter ging es eine Nebenstra\u00dfe hinab und durch die so genannte Strohner Schweiz. Das Felstal war sch\u00f6n wie eh\u00a0und je. Aber &#8211; huch &#8211; da fehlte doch etwas?! Richtig, die Br\u00fccke \u00fcber den Bach war weg. Egal. Ein freundlicher Pilz am Wegesrand hatte mir das Zeichen gegeben, hier willkommen zu sein. Also picknickten wir mit Wurstbrot und Kauknochen, Wasser aus dem Bach und aus der Tupperflasche (ich bin aktuell leider ohne <a href=\"http:\/\/fernwehkinder.de\/?page_id=1131\">Saufsack <\/a>unterwegs) und genossen die Einsamkeit. Je l\u00e4nger wir sa\u00dfen, desto mehr Pilze entdeckte ich in unserem unmittelbaren Umfeld.<\/p>\n<figure id=\"attachment_3210\" aria-describedby=\"caption-attachment-3210\" style=\"width: 300px\" class=\"wp-caption aligncenter\"><img loading=\"lazy\" decoding=\"async\" class=\"wp-image-3210 size-medium\" src=\"http:\/\/fernwehkinder.de\/wp-content\/uploads\/2017\/08\/P8074182-300x225.jpg\" alt=\"\" width=\"300\" height=\"225\" srcset=\"http:\/\/fernwehkinder.de\/wp-content\/uploads\/2017\/08\/P8074182-300x225.jpg 300w, http:\/\/fernwehkinder.de\/wp-content\/uploads\/2017\/08\/P8074182-768x576.jpg 768w, http:\/\/fernwehkinder.de\/wp-content\/uploads\/2017\/08\/P8074182.jpg 800w\" sizes=\"auto, (max-width: 300px) 100vw, 300px\" \/><figcaption id=\"caption-attachment-3210\" class=\"wp-caption-text\">Strohner Schweiz<\/figcaption><\/figure>\n<figure id=\"attachment_3216\" aria-describedby=\"caption-attachment-3216\" style=\"width: 300px\" class=\"wp-caption alignleft\"><img loading=\"lazy\" decoding=\"async\" class=\"wp-image-3216 size-medium\" src=\"http:\/\/fernwehkinder.de\/wp-content\/uploads\/2017\/08\/P8074280-300x225.jpg\" alt=\"\" width=\"300\" height=\"225\" srcset=\"http:\/\/fernwehkinder.de\/wp-content\/uploads\/2017\/08\/P8074280-300x225.jpg 300w, http:\/\/fernwehkinder.de\/wp-content\/uploads\/2017\/08\/P8074280-768x576.jpg 768w, http:\/\/fernwehkinder.de\/wp-content\/uploads\/2017\/08\/P8074280.jpg 800w\" sizes=\"auto, (max-width: 300px) 100vw, 300px\" \/><figcaption id=\"caption-attachment-3216\" class=\"wp-caption-text\">Hier sieht man richtig, wie er sich durch den Waldboden ans Licht k\u00e4mpft<\/figcaption><\/figure>\n<figure id=\"attachment_3215\" aria-describedby=\"caption-attachment-3215\" style=\"width: 300px\" class=\"wp-caption alignright\"><img loading=\"lazy\" decoding=\"async\" class=\"wp-image-3215 size-medium\" src=\"http:\/\/fernwehkinder.de\/wp-content\/uploads\/2017\/08\/P8074268-300x225.jpg\" alt=\"\" width=\"300\" height=\"225\" srcset=\"http:\/\/fernwehkinder.de\/wp-content\/uploads\/2017\/08\/P8074268-300x225.jpg 300w, http:\/\/fernwehkinder.de\/wp-content\/uploads\/2017\/08\/P8074268-768x576.jpg 768w, http:\/\/fernwehkinder.de\/wp-content\/uploads\/2017\/08\/P8074268.jpg 800w\" sizes=\"auto, (max-width: 300px) 100vw, 300px\" \/><figcaption id=\"caption-attachment-3215\" class=\"wp-caption-text\">Auf (!) dem Weg wachsen Boviste, die nicht platt getreten oder abgerissen wurden<\/figcaption><\/figure>\n<p>Hier sind wohl wenige Wanderer unterwegs &#8211; oder es sind achtsamere Zeitgenossen als andernorts. Es erschreckt mich immer wieder, welche Menschenmassen sich selbst bei str\u00f6mendem Regen \u00fcber das Plateau zwischen Gem\u00fcndener Maar und Weinfelder Maar schieben oder am Wachsenden Wasserfall gegenseitig im Weg herum stehen &#8211; und wie wenigen Wanderern man an Stellen begegnet, die auch sehr sch\u00f6n sind.<\/p>\n<p>Frisch gest\u00e4rkt wateten wir durch den Bach. Ich werde bei der Gemeindeverwaltung nachfragen, ob die Br\u00fccke wieder aufgebaut werden wird. Ansonsten war das eben eine von den Wanderungen mit dem Recherche-Ergebnis &#8222;tolle Tour, aber nichts f\u00fcrs Buch&#8220;.<\/p>\n<figure id=\"attachment_3211\" aria-describedby=\"caption-attachment-3211\" style=\"width: 300px\" class=\"wp-caption alignright\"><img loading=\"lazy\" decoding=\"async\" class=\"wp-image-3211 size-medium\" src=\"http:\/\/fernwehkinder.de\/wp-content\/uploads\/2017\/08\/P8074203-300x225.jpg\" alt=\"\" width=\"300\" height=\"225\" srcset=\"http:\/\/fernwehkinder.de\/wp-content\/uploads\/2017\/08\/P8074203-300x225.jpg 300w, http:\/\/fernwehkinder.de\/wp-content\/uploads\/2017\/08\/P8074203-768x576.jpg 768w, http:\/\/fernwehkinder.de\/wp-content\/uploads\/2017\/08\/P8074203.jpg 800w\" sizes=\"auto, (max-width: 300px) 100vw, 300px\" \/><figcaption id=\"caption-attachment-3211\" class=\"wp-caption-text\">Herzensgute Einheimische vor ihrem schmucken Haus<\/figcaption><\/figure>\n<p>Denn toll war die Tour in jedem Fall. Wir durften n\u00e4mlich eine nette alte Dame kennen lernen, die in der Sonne vor ihrem Haus\u00a0in Sprink lag. Als sie merkte, dass ich mich f\u00fcr ihr Haus interessiere, erz\u00e4hlte sie mir sofort, dass es fr\u00fcher ein Kloster war. Wir kamen ins Gespr\u00e4ch \u00fcber die Eifel, die gute alte Zeit, Vulkanismus, Tourismus, Wandern, Kinder, den Zweiten Weltkrieg, Eifeler Kochrezepte und vieles mehr. Dabei stellten wir fest, dass sie genauso agil und genauso alt ist wie meine Mutter. Nachdem wir schon sehr lange auf der Stra\u00dfe gestanden hatten, lud sie mich auf eine Tasse Tee ins Haus ein. Wir ratschten in ihrer K\u00fcche weiter und sie lie\u00df es sich nicht nehmen, mir den Rest ihres gestern gebackenen K\u00e4sekuchens anzubieten, den sie sich selbst f\u00fcrs zweite Fr\u00fchst\u00fcck verwahrt hatte. Ich konnte sie nur auf halbe-halbe herunterhandeln.<\/p>\n<p>Als dann das Gespr\u00e4ch auf Hunde kam, fiel uns auf, dass Bathida nicht mehr im Flur lag. Oje, ob sie wohl durch die offen stehende Haust\u00fcr allein zum Auto laufen wollte oder einem Hasen hinterher gerannt war? Jedenfalls kam sie nicht, so laut ich in dem Weiler auch in alle Himmelsrichtungen\u00a0rief. Wir gingen zur\u00fcck ins Haus und \u00fcberlegten, was wir nun tun wollten. dabei raschelte meine Gastgeberin mit einer T\u00fcte &#8211; und Bathida kam locker die Treppe herunter gelaufen. Sie hatte es sich im Obergeschoss im Flur bequem gemacht. Ob sie mich nicht h\u00f6ren konnte oder wollte, als ich rief, kann ich nicht sagen. Aber beim Raschelh\u00f6rtest ist sie ohne Frage noch bei 100 %.<\/p>\n<p><img loading=\"lazy\" decoding=\"async\" class=\"size-medium wp-image-3212 alignright\" src=\"http:\/\/fernwehkinder.de\/wp-content\/uploads\/2017\/08\/P8074214-225x300.jpg\" alt=\"\" width=\"225\" height=\"300\" srcset=\"http:\/\/fernwehkinder.de\/wp-content\/uploads\/2017\/08\/P8074214-225x300.jpg 225w, http:\/\/fernwehkinder.de\/wp-content\/uploads\/2017\/08\/P8074214.jpg 450w\" sizes=\"auto, (max-width: 225px) 100vw, 225px\" \/><img loading=\"lazy\" decoding=\"async\" class=\"size-medium wp-image-3213 alignleft\" src=\"http:\/\/fernwehkinder.de\/wp-content\/uploads\/2017\/08\/P8074227-300x225.jpg\" alt=\"\" width=\"300\" height=\"225\" srcset=\"http:\/\/fernwehkinder.de\/wp-content\/uploads\/2017\/08\/P8074227-300x225.jpg 300w, http:\/\/fernwehkinder.de\/wp-content\/uploads\/2017\/08\/P8074227-768x576.jpg 768w, http:\/\/fernwehkinder.de\/wp-content\/uploads\/2017\/08\/P8074227.jpg 800w\" sizes=\"auto, (max-width: 300px) 100vw, 300px\" \/>Nach diesem Schrecken brachen wir auch bald auf und folgten der von unserer Gastgeberin vorgeschlagenen Strecke. Sie f\u00fchrte uns zu einem Seerosenweiher und einem aufgegebenen Dorf. Sch\u00f6n wars. Hach, ich liebe die Eifel und ihre Leute!\u00a0\u00a0\u00a0\u00a0\u00a0\u00a0\u00a0\u00a0\u00a0<img loading=\"lazy\" decoding=\"async\" class=\"size-medium wp-image-3214 alignleft\" src=\"http:\/\/fernwehkinder.de\/wp-content\/uploads\/2017\/08\/P8074248-300x225.jpg\" alt=\"\" width=\"300\" height=\"225\" srcset=\"http:\/\/fernwehkinder.de\/wp-content\/uploads\/2017\/08\/P8074248-300x225.jpg 300w, http:\/\/fernwehkinder.de\/wp-content\/uploads\/2017\/08\/P8074248-768x576.jpg 768w, http:\/\/fernwehkinder.de\/wp-content\/uploads\/2017\/08\/P8074248.jpg 800w\" sizes=\"auto, (max-width: 300px) 100vw, 300px\" \/><\/p>\n<p>&nbsp;<\/p>\n","protected":false},"excerpt":{"rendered":"<p>Vor zwei Jahren war ich schon einmal in Strohn. Begleitet hatten mich damals Aurelia, Nele, Cari und unser Babysitter Greta. Sie schob den&#8230;<\/p>\n","protected":false},"author":1,"featured_media":3214,"comment_status":"open","ping_status":"open","sticky":false,"template":"","format":"standard","meta":{"jetpack_post_was_ever_published":false,"_jetpack_newsletter_access":"","_jetpack_dont_email_post_to_subs":false,"_jetpack_newsletter_tier_id":0,"_jetpack_memberships_contains_paywalled_content":false,"_jetpack_memberships_contains_paid_content":false,"footnotes":""},"categories":[4],"tags":[211,11,212,210,40],"class_list":["post-3204","post","type-post","status-publish","format-standard","has-post-thumbnail","hentry","category-recherchetour","tag-begegnungen","tag-eifel","tag-hunde","tag-vulkane","tag-wandern"],"jetpack_featured_media_url":"http:\/\/fernwehkinder.de\/wp-content\/uploads\/2017\/08\/P8074248.jpg","jetpack_sharing_enabled":true,"jetpack-related-posts":[],"jetpack_likes_enabled":true,"_links":{"self":[{"href":"http:\/\/fernwehkinder.de\/index.php?rest_route=\/wp\/v2\/posts\/3204","targetHints":{"allow":["GET"]}}],"collection":[{"href":"http:\/\/fernwehkinder.de\/index.php?rest_route=\/wp\/v2\/posts"}],"about":[{"href":"http:\/\/fernwehkinder.de\/index.php?rest_route=\/wp\/v2\/types\/post"}],"author":[{"embeddable":true,"href":"http:\/\/fernwehkinder.de\/index.php?rest_route=\/wp\/v2\/users\/1"}],"replies":[{"embeddable":true,"href":"http:\/\/fernwehkinder.de\/index.php?rest_route=%2Fwp%2Fv2%2Fcomments&post=3204"}],"version-history":[{"count":1,"href":"http:\/\/fernwehkinder.de\/index.php?rest_route=\/wp\/v2\/posts\/3204\/revisions"}],"predecessor-version":[{"id":11356,"href":"http:\/\/fernwehkinder.de\/index.php?rest_route=\/wp\/v2\/posts\/3204\/revisions\/11356"}],"wp:featuredmedia":[{"embeddable":true,"href":"http:\/\/fernwehkinder.de\/index.php?rest_route=\/wp\/v2\/media\/3214"}],"wp:attachment":[{"href":"http:\/\/fernwehkinder.de\/index.php?rest_route=%2Fwp%2Fv2%2Fmedia&parent=3204"}],"wp:term":[{"taxonomy":"category","embeddable":true,"href":"http:\/\/fernwehkinder.de\/index.php?rest_route=%2Fwp%2Fv2%2Fcategories&post=3204"},{"taxonomy":"post_tag","embeddable":true,"href":"http:\/\/fernwehkinder.de\/index.php?rest_route=%2Fwp%2Fv2%2Ftags&post=3204"}],"curies":[{"name":"wp","href":"https:\/\/api.w.org\/{rel}","templated":true}]}}