{"id":3623,"date":"2017-11-30T13:05:33","date_gmt":"2017-11-30T12:05:33","guid":{"rendered":"http:\/\/fernwehkinder.de\/?p=3623"},"modified":"2017-11-30T10:02:38","modified_gmt":"2017-11-30T09:02:38","slug":"mein-adventskalender-fuer-euch","status":"publish","type":"post","link":"http:\/\/fernwehkinder.de\/?p=3623","title":{"rendered":"Adventskalender"},"content":{"rendered":"<p>Mit dem Basteln und Bef\u00fcllen der Adventskalender f\u00fcr die Kinder sind meine Mutter und ich heute ganz kurz vor knapp fertig geworden.<\/p>\n<p>Der Adventskalender f\u00fcr meine Mutter liegt schon seit zwei Wochen bereit. Sieht von au\u00dfen wie ein normaler Schokoladenkalender aus, aber hinter den Schokol\u00e4dchen verstecken sich Fotos ihrer Enkelinnen.<\/p>\n<figure id=\"attachment_3945\" aria-describedby=\"caption-attachment-3945\" style=\"width: 300px\" class=\"wp-caption aligncenter\"><img loading=\"lazy\" decoding=\"async\" class=\"wp-image-3945 size-medium\" src=\"http:\/\/fernwehkinder.de\/wp-content\/uploads\/2017\/11\/PB181554-300x200.jpg\" alt=\"\" width=\"300\" height=\"200\" srcset=\"http:\/\/fernwehkinder.de\/wp-content\/uploads\/2017\/11\/PB181554-300x200.jpg 300w, http:\/\/fernwehkinder.de\/wp-content\/uploads\/2017\/11\/PB181554-768x512.jpg 768w, http:\/\/fernwehkinder.de\/wp-content\/uploads\/2017\/11\/PB181554.jpg 800w\" sizes=\"auto, (max-width: 300px) 100vw, 300px\" \/><figcaption id=\"caption-attachment-3945\" class=\"wp-caption-text\">Der Kalender f\u00fcr meine Mutter von au\u00dfen<\/figcaption><\/figure>\n<figure id=\"attachment_3946\" aria-describedby=\"caption-attachment-3946\" style=\"width: 300px\" class=\"wp-caption aligncenter\"><img loading=\"lazy\" decoding=\"async\" class=\"wp-image-3946 size-medium\" src=\"http:\/\/fernwehkinder.de\/wp-content\/uploads\/2017\/11\/PB181555-300x200.jpg\" alt=\"\" width=\"300\" height=\"200\" srcset=\"http:\/\/fernwehkinder.de\/wp-content\/uploads\/2017\/11\/PB181555-300x200.jpg 300w, http:\/\/fernwehkinder.de\/wp-content\/uploads\/2017\/11\/PB181555-768x512.jpg 768w, http:\/\/fernwehkinder.de\/wp-content\/uploads\/2017\/11\/PB181555.jpg 800w\" sizes=\"auto, (max-width: 300px) 100vw, 300px\" \/><figcaption id=\"caption-attachment-3946\" class=\"wp-caption-text\">Ein Blick hinter die Kulissen dieses Kalenders<\/figcaption><\/figure>\n<p>&nbsp;<\/p>\n<p>Der Dezember kann kommen, ich bin bereit.<\/p>\n<p>Einen weiteren Adventskalender bastele ich f\u00fcr euch &#8211; und zwar virtuell. Ich habe mir f\u00fcr die Adventstage vorgenommen, jeden Tag einer meiner T\u00fcren mehr oder weniger spontan eine Nummer zu verpassen. Diese T\u00fcr \u00f6ffnet sich dann f\u00fcr euch. Der Wecker ist schon eine halbe Stunde fr\u00fcher gestellt, damit ich auch Zeit f\u00fcr Fotos und Erkl\u00e4rungen habe. Vielleicht mache ich das passende T\u00fcr-Foto auch schon vorher und schreibe nur noch etwas dazu. Ich bin selbst ganz gespannt, welche T\u00fcrchen es sein werden und was sich dahinter verbirgt. Momentan gehe ich davon aus, dass ich euch Details zu der T\u00fcr und dem, was dahinter liegt erz\u00e4hle. Bestimmt sind auch Erinnerungen und Anekd\u00f6tchen dabei. Vielleicht auch Nachdenkliches. Es ist ein Experiment und ich freue mich auf eure Kommentare.<\/p>\n<p>Erstaunt stelle ich jetzt schon fest, wie viele T\u00fcren ich in meinem Haus habe. Denn eigentlich beschwere ich mich ja immer dar\u00fcber, dass ich 2000-2002 in (viel zu) offener Bauweise gebaut habe. Damals ging ich ja noch davon aus, keine Kinder bekommen zu k\u00f6nnen &#8211; und musste hinterher ein halbes Verm\u00f6gen f\u00fcr Treppenschutzgitter ausgeben. Nun habe ich mir mit Aurelia einen Spa\u00df gemacht und alle T\u00fcren im Haus gez\u00e4hlt. Bei 69 haben wir aufgeh\u00f6rt, weil ihr die 70 nicht einfiel und sie sich von mir nicht helfen lassen wollte&#8230;<\/p>\n<p>&nbsp;<\/p>\n<p>Noch &#8217;ne Anekdote: Als Kind fragte ich mich immer, ob am Bosporus eine andere Zeitrechnung herrscht als bei uns. Wir hatten n\u00e4mlich bei den Naturfreunden eine Frau, die mit starkem Dialekt sprach (im Nachhinein tippe ich auf Ruhrgebiet) und immer von einem <strong>T\u00fcr&#8217;ken-Kalender<\/strong> sprach. Ich habe ewig gebraucht, bis ich auf die Idee kam, dass es ein T\u00fcr&#8217;chen-Kalender sein k\u00f6nnte, also ein Adventskalender!<\/p>\n","protected":false},"excerpt":{"rendered":"<p>Mit dem Basteln und Bef\u00fcllen der Adventskalender f\u00fcr die Kinder sind meine Mutter und ich heute ganz kurz vor knapp fertig geworden. Der&#8230;<\/p>\n","protected":false},"author":1,"featured_media":3945,"comment_status":"open","ping_status":"open","sticky":false,"template":"","format":"standard","meta":{"jetpack_post_was_ever_published":false,"_jetpack_newsletter_access":"","_jetpack_dont_email_post_to_subs":false,"_jetpack_newsletter_tier_id":0,"_jetpack_memberships_contains_paywalled_content":false,"_jetpack_memberships_contains_paid_content":false,"footnotes":""},"categories":[3],"tags":[231,70],"class_list":["post-3623","post","type-post","status-publish","format-standard","has-post-thumbnail","hentry","category-rabenmutter","tag-advent","tag-blog"],"jetpack_featured_media_url":"http:\/\/fernwehkinder.de\/wp-content\/uploads\/2017\/11\/PB181554.jpg","jetpack_sharing_enabled":true,"jetpack-related-posts":[],"jetpack_likes_enabled":true,"_links":{"self":[{"href":"http:\/\/fernwehkinder.de\/index.php?rest_route=\/wp\/v2\/posts\/3623","targetHints":{"allow":["GET"]}}],"collection":[{"href":"http:\/\/fernwehkinder.de\/index.php?rest_route=\/wp\/v2\/posts"}],"about":[{"href":"http:\/\/fernwehkinder.de\/index.php?rest_route=\/wp\/v2\/types\/post"}],"author":[{"embeddable":true,"href":"http:\/\/fernwehkinder.de\/index.php?rest_route=\/wp\/v2\/users\/1"}],"replies":[{"embeddable":true,"href":"http:\/\/fernwehkinder.de\/index.php?rest_route=%2Fwp%2Fv2%2Fcomments&post=3623"}],"version-history":[{"count":0,"href":"http:\/\/fernwehkinder.de\/index.php?rest_route=\/wp\/v2\/posts\/3623\/revisions"}],"wp:featuredmedia":[{"embeddable":true,"href":"http:\/\/fernwehkinder.de\/index.php?rest_route=\/wp\/v2\/media\/3945"}],"wp:attachment":[{"href":"http:\/\/fernwehkinder.de\/index.php?rest_route=%2Fwp%2Fv2%2Fmedia&parent=3623"}],"wp:term":[{"taxonomy":"category","embeddable":true,"href":"http:\/\/fernwehkinder.de\/index.php?rest_route=%2Fwp%2Fv2%2Fcategories&post=3623"},{"taxonomy":"post_tag","embeddable":true,"href":"http:\/\/fernwehkinder.de\/index.php?rest_route=%2Fwp%2Fv2%2Ftags&post=3623"}],"curies":[{"name":"wp","href":"https:\/\/api.w.org\/{rel}","templated":true}]}}