{"id":4257,"date":"2018-01-05T12:40:24","date_gmt":"2018-01-05T11:40:24","guid":{"rendered":"http:\/\/fernwehkinder.de\/?p=4257"},"modified":"2018-01-05T12:53:15","modified_gmt":"2018-01-05T11:53:15","slug":"salben-workshop-bei-elke-diezinger","status":"publish","type":"post","link":"http:\/\/fernwehkinder.de\/?p=4257","title":{"rendered":"Salben-Workshop bei Elke Diezinger"},"content":{"rendered":"<figure id=\"attachment_4264\" aria-describedby=\"caption-attachment-4264\" style=\"width: 300px\" class=\"wp-caption alignleft\"><img loading=\"lazy\" decoding=\"async\" class=\"wp-image-4264 size-medium\" src=\"http:\/\/fernwehkinder.de\/wp-content\/uploads\/2018\/01\/PC272450-300x200.jpg\" alt=\"\" width=\"300\" height=\"200\" srcset=\"http:\/\/fernwehkinder.de\/wp-content\/uploads\/2018\/01\/PC272450-300x200.jpg 300w, http:\/\/fernwehkinder.de\/wp-content\/uploads\/2018\/01\/PC272450-768x512.jpg 768w, http:\/\/fernwehkinder.de\/wp-content\/uploads\/2018\/01\/PC272450.jpg 800w\" sizes=\"auto, (max-width: 300px) 100vw, 300px\" \/><figcaption id=\"caption-attachment-4264\" class=\"wp-caption-text\">Selbstger\u00fchrte Salbe, einer der H\u00f6hepunkte unserer Weihnachtsreise<\/figcaption><\/figure>\n<p>Eigentlich wollten wir bei unserer Fichtelwoche ja schon nach dem Fr\u00fchst\u00fcck die Heimfahrt antreten. Doch als wir an der Rezeption eine Liste sahen, in die sich Interessenten f\u00fcr selbstgemachte Salben eintragen konnten, war die Plan\u00e4nderung nur eine Frage von Zehntelsekunden.<\/p>\n<p>Jahrelang hatte ich mit Rezepten von Jean P\u00fctz und Empfehlungen meines Bioladens all unsere Kosmetik selbst gemacht, vom Shampoo \u00fcber Gesichtscreme bis hin zu einem total genialen Sonnenschutz, der gleichzeitig M\u00fccken vertrieb. Auf diese Weise hatte ich auch eine Antifaltencreme f\u00fcr meine Mutter gefunden, von der sie keine Pickelchen und Ausschl\u00e4ge bekam wie von den meisten im Handel erh\u00e4ltlichen Cremes. Leider fehlten mir in den letzten Jahren Zeit und Nerven daf\u00fcr, alle Rohstoffe verdarben und wanderten im vergangenen Jahr in den M\u00fcll. Schade, aber Lebensumst\u00e4nde \u00e4ndern sich leider.<\/p>\n<figure id=\"attachment_4266\" aria-describedby=\"caption-attachment-4266\" style=\"width: 300px\" class=\"wp-caption alignright\"><img loading=\"lazy\" decoding=\"async\" class=\"wp-image-4266 size-medium\" src=\"http:\/\/fernwehkinder.de\/wp-content\/uploads\/2018\/01\/PC272437-300x200.jpg\" alt=\"\" width=\"300\" height=\"200\" srcset=\"http:\/\/fernwehkinder.de\/wp-content\/uploads\/2018\/01\/PC272437-300x200.jpg 300w, http:\/\/fernwehkinder.de\/wp-content\/uploads\/2018\/01\/PC272437-768x512.jpg 768w, http:\/\/fernwehkinder.de\/wp-content\/uploads\/2018\/01\/PC272437.jpg 800w\" sizes=\"auto, (max-width: 300px) 100vw, 300px\" \/><figcaption id=\"caption-attachment-4266\" class=\"wp-caption-text\">Diese Menge an Tiegelchen sollte gen\u00fcgen<\/figcaption><\/figure>\n<p>Nun also ein Workshop f\u00fcr Salben. Abends um 18 Uhr standen unsere beiden Namen noch allein in der Liste. Die Mindestteilnehmerzahl lag bei vier Teilnehmern, also f\u00fcrchtete ich schon, dass es ausf\u00e4llt. Doch am n\u00e4chsten Morgen sa\u00dfen meine Mutter und ich zusammen mit zwei Elternpaaren und einer Mutter mit Baby um den von Elke Diezinger vorbereiteten Tisch. Sieben Teilnehmer, die Workshopleiterin staunte selbst \u00fcber das gro\u00dfe Interesse.<\/p>\n<p>Sie erkl\u00e4rte uns, wie man einen \u00d6lauszug aus Kr\u00e4utern ansetzt und abseiht. Wir lernten einiges \u00fcber die verschiedenen Wirkungen der Pflanzen, \u00fcber Bienenwachs und vegane Ersatzstoffe, \u00fcber Zinksalbe, Essenzen, \u00e4therische \u00d6le und viel mehr. Nicht schulmeisterlich, sondern mit Schmunzeln und Augenzwinkern. Gerne auch experimentell, wie bei der Gundermann-Zink-Salbe, die sie mit uns das erste Mal r\u00fchrte.<\/p>\n<figure id=\"attachment_4269\" aria-describedby=\"caption-attachment-4269\" style=\"width: 300px\" class=\"wp-caption alignleft\"><img loading=\"lazy\" decoding=\"async\" class=\"wp-image-4269 size-medium\" src=\"http:\/\/fernwehkinder.de\/wp-content\/uploads\/2018\/01\/PC272441-300x200.jpg\" alt=\"\" width=\"300\" height=\"200\" srcset=\"http:\/\/fernwehkinder.de\/wp-content\/uploads\/2018\/01\/PC272441-300x200.jpg 300w, http:\/\/fernwehkinder.de\/wp-content\/uploads\/2018\/01\/PC272441-768x512.jpg 768w, http:\/\/fernwehkinder.de\/wp-content\/uploads\/2018\/01\/PC272441.jpg 800w\" sizes=\"auto, (max-width: 300px) 100vw, 300px\" \/><figcaption id=\"caption-attachment-4269\" class=\"wp-caption-text\">Konzentriert und fr\u00f6hlich &#8211; so mag ich Workshopleiter<\/figcaption><\/figure>\n<p>Sie zeigte uns, wie man ein \u00d6lauszug ansetzt und abseiht. (Nat\u00fcrlich an zwei verschiedenen Flaschen, denn der Ansatz muss ja ziehen k\u00f6nnen) Einmal f\u00fchrte sie uns den Prozess der Salbenherstellung vor. Einfacher geht es nicht: F\u00fcr eine einfache Salbe ben\u00f6tigt man nur zwei Zutaten: Den \u00d6lauszug und Bienenwachs. Wenn beides verr\u00fchrt und verschmolzen ist, kann (!) zur Verst\u00e4rkung noch die eine oder andere Tinktur oder ein \u00c4therisches \u00d6l hinzu gegeben werden.\u00a0Kann, muss aber nicht. Die Mutter neben mir, deren Kinder von zahlreichen Allergien und Hautkrankheiten betroffen sind, seufzte erleichtert auf. Je weniger verschiedene Bestandteile enthalten sind, desto geringer ist die Wahrscheinlichkeit, dass eines davon ein Allergen ist.<\/p>\n<p>Und schon ging es los. Jeder Teilnehmer konnte sich seine eigene Salbe r\u00fchren. Jeder von uns hatte ein anderes Behandlungsziel, auf diese Weise kamen wir zu je vier Tiegelchen von acht verschiedenen Salben, die wir am Ende untereinander tauschten.<\/p>\n<figure id=\"attachment_4270\" aria-describedby=\"caption-attachment-4270\" style=\"width: 300px\" class=\"wp-caption alignright\"><img loading=\"lazy\" decoding=\"async\" class=\"wp-image-4270 size-medium\" src=\"http:\/\/fernwehkinder.de\/wp-content\/uploads\/2018\/01\/PC272443-300x200.jpg\" alt=\"\" width=\"300\" height=\"200\" srcset=\"http:\/\/fernwehkinder.de\/wp-content\/uploads\/2018\/01\/PC272443-300x200.jpg 300w, http:\/\/fernwehkinder.de\/wp-content\/uploads\/2018\/01\/PC272443-768x511.jpg 768w, http:\/\/fernwehkinder.de\/wp-content\/uploads\/2018\/01\/PC272443.jpg 800w\" sizes=\"auto, (max-width: 300px) 100vw, 300px\" \/><figcaption id=\"caption-attachment-4270\" class=\"wp-caption-text\">Stillleben mit Wasserbad<\/figcaption><\/figure>\n<figure id=\"attachment_4271\" aria-describedby=\"caption-attachment-4271\" style=\"width: 300px\" class=\"wp-caption alignleft\"><img loading=\"lazy\" decoding=\"async\" class=\"wp-image-4271 size-medium\" src=\"http:\/\/fernwehkinder.de\/wp-content\/uploads\/2018\/01\/PC272447-300x200.jpg\" alt=\"\" width=\"300\" height=\"200\" srcset=\"http:\/\/fernwehkinder.de\/wp-content\/uploads\/2018\/01\/PC272447-300x200.jpg 300w, http:\/\/fernwehkinder.de\/wp-content\/uploads\/2018\/01\/PC272447-768x511.jpg 768w, http:\/\/fernwehkinder.de\/wp-content\/uploads\/2018\/01\/PC272447.jpg 800w\" sizes=\"auto, (max-width: 300px) 100vw, 300px\" \/><figcaption id=\"caption-attachment-4271\" class=\"wp-caption-text\">Flei\u00dfige Salbenr\u00fchrer<\/figcaption><\/figure>\n<p>Ich hatte mich f\u00fcr eine Spitzwegerichsalbe entschieden, weil sie mir ein guter Wandergef\u00e4hrte zu sein scheint: Lindert Insektenstiche und andere Hautirritationen, beschleunigt die Wundheilung, wirkt antibakteriell und entz\u00fcndungshemmend. Sogar Hustenreiz soll damit eine Linderung erfahren und die Immunabwehr gest\u00e4rkt werden. Eine echte Wunder-Wander-Salbe!<\/p>\n<p>Ich werde im Laufe des Wanderjahrs berichten, ob sie h\u00e4lt, was sie verspricht.<\/p>\n<figure id=\"attachment_4267\" aria-describedby=\"caption-attachment-4267\" style=\"width: 300px\" class=\"wp-caption alignright\"><img loading=\"lazy\" decoding=\"async\" class=\"wp-image-4267 size-medium\" src=\"http:\/\/fernwehkinder.de\/wp-content\/uploads\/2018\/01\/PC272439-300x200.jpg\" alt=\"\" width=\"300\" height=\"200\" srcset=\"http:\/\/fernwehkinder.de\/wp-content\/uploads\/2018\/01\/PC272439-300x200.jpg 300w, http:\/\/fernwehkinder.de\/wp-content\/uploads\/2018\/01\/PC272439-768x512.jpg 768w, http:\/\/fernwehkinder.de\/wp-content\/uploads\/2018\/01\/PC272439.jpg 800w\" sizes=\"auto, (max-width: 300px) 100vw, 300px\" \/><figcaption id=\"caption-attachment-4267\" class=\"wp-caption-text\">&#8230;bis sich der Wachs aufgel\u00f6st hat.<\/figcaption><\/figure>\n<figure id=\"attachment_4268\" aria-describedby=\"caption-attachment-4268\" style=\"width: 300px\" class=\"wp-caption alignleft\"><img loading=\"lazy\" decoding=\"async\" class=\"wp-image-4268 size-medium\" src=\"http:\/\/fernwehkinder.de\/wp-content\/uploads\/2018\/01\/PC272440-300x200.jpg\" alt=\"\" width=\"300\" height=\"200\" srcset=\"http:\/\/fernwehkinder.de\/wp-content\/uploads\/2018\/01\/PC272440-300x200.jpg 300w, http:\/\/fernwehkinder.de\/wp-content\/uploads\/2018\/01\/PC272440-768x512.jpg 768w, http:\/\/fernwehkinder.de\/wp-content\/uploads\/2018\/01\/PC272440.jpg 800w\" sizes=\"auto, (max-width: 300px) 100vw, 300px\" \/><figcaption id=\"caption-attachment-4268\" class=\"wp-caption-text\">R\u00fchren, R\u00fchren, R\u00fchren&#8230;<\/figcaption><\/figure>\n<p>Meine Mutter entschied sich f\u00fcr eine Erk\u00e4ltungssalbe, denn sie wollte unbedingt etwas mit Rosmarin machen. Zu dem Rosmarin gesellten sich Thymian\u00f6l, Salbei\u00f6l, Eukalyptustinktur und Propolis. Nat\u00fcrlich! Wer Jahrzehnte f\u00fcr die Familie, den Bauernhof, die Jugendherberge, den Kindergarten und das Rote Kreuz gekocht hat, gibt sich nicht nur mit zwei Bestandteilen zufrieden, selbst wenn es nur um 100 g \u00d6lbasis geht!<\/p>\n<p>Die anderen Teilnehmer stellten Salben mit den Namen &#8222;Muskelentspannung&#8220;, &#8222;Schlaf gut!&#8220;, &#8222;Wald&#8220;, &#8222;Heilen&#8220; und &#8222;Nase frei&#8220; her. Die Vorf\u00fchrsalbe mit Zink nannten wir &#8222;Popo&#8220;. Alle schmunzelten, als wir die Keime in den leeren Gl\u00e4schen verscheuchen sollten: Frau Diezinger hatte jedem freigestellt, entweder die Flasche mit der Spr\u00fchdesinfektion zu nehmen oder den<\/p>\n<p>ebenfalls in Spr\u00fchflaschen gef\u00fcllten Wodka. Welchen Schluss kann man ziehen, wenn alle Teilnehmer sich spontan nach der Wodkaflasche strecken?!<\/p>\n<p>Beim Umf\u00fcllen der Salbe bleibt ja immer noch ein kleiner Rest im Becherglas. Den Rest aus dem Glas meiner Mutter strich ich mir sofort auf R\u00fccken und Brust. Schon nach wenigen Minuten wurde mein Hustenreiz schw\u00e4cher, sie hat also eine gute Mischung gew\u00e4hlt.<\/p>\n<figure id=\"attachment_4263\" aria-describedby=\"caption-attachment-4263\" style=\"width: 300px\" class=\"wp-caption alignright\"><img loading=\"lazy\" decoding=\"async\" class=\"wp-image-4263 size-medium\" src=\"http:\/\/fernwehkinder.de\/wp-content\/uploads\/2018\/01\/P1052685-300x200.jpg\" alt=\"\" width=\"300\" height=\"200\" srcset=\"http:\/\/fernwehkinder.de\/wp-content\/uploads\/2018\/01\/P1052685-300x200.jpg 300w, http:\/\/fernwehkinder.de\/wp-content\/uploads\/2018\/01\/P1052685-768x512.jpg 768w, http:\/\/fernwehkinder.de\/wp-content\/uploads\/2018\/01\/P1052685.jpg 800w\" sizes=\"auto, (max-width: 300px) 100vw, 300px\" \/><figcaption id=\"caption-attachment-4263\" class=\"wp-caption-text\">Ein Ehrenplatz im Regal<\/figcaption><\/figure>\n<p>Danke, liebe Elke Diezinger, f\u00fcr diesen perfekten Workshop. Ich habe f\u00fcr meine neuen Salben nun in der K\u00fcche ein eigenes Regalbrett frei ger\u00e4umt. Etwas abgeschattet, aber gut erreichbar. Die Kinder wollen immer wieder an allen Tiegelchen riechen und zeigen nicht die Abwehr, die ich sonst bei Cremes, Salben und Balsamen von ihnen kenne.<\/p>\n<p>Nach einer vollkommen aufgedrehten Familien-Silvesterparty lie\u00dfen sich alle drei abends um halb elf mit &#8222;Schlaf gut!&#8220; (Lavendel &amp; Rose) eincremen und verschliefen sogar die von Bathidas Hundegewinsel untermalte Knallerei beim Jahreswechsel.<\/p>\n<p>&nbsp;<\/p>\n<figure id=\"attachment_4272\" aria-describedby=\"caption-attachment-4272\" style=\"width: 300px\" class=\"wp-caption alignleft\"><img loading=\"lazy\" decoding=\"async\" class=\"wp-image-4272 size-medium\" src=\"http:\/\/fernwehkinder.de\/wp-content\/uploads\/2018\/01\/PC272448-300x200.jpg\" alt=\"\" width=\"300\" height=\"200\" srcset=\"http:\/\/fernwehkinder.de\/wp-content\/uploads\/2018\/01\/PC272448-300x200.jpg 300w, http:\/\/fernwehkinder.de\/wp-content\/uploads\/2018\/01\/PC272448-768x512.jpg 768w, http:\/\/fernwehkinder.de\/wp-content\/uploads\/2018\/01\/PC272448.jpg 800w\" sizes=\"auto, (max-width: 300px) 100vw, 300px\" \/><figcaption id=\"caption-attachment-4272\" class=\"wp-caption-text\">Ingrids Wandersalbe<\/figcaption><\/figure>\n<figure id=\"attachment_4273\" aria-describedby=\"caption-attachment-4273\" style=\"width: 300px\" class=\"wp-caption alignleft\"><img loading=\"lazy\" decoding=\"async\" class=\"wp-image-4273 size-medium\" src=\"http:\/\/fernwehkinder.de\/wp-content\/uploads\/2018\/01\/PC272449-300x200.jpg\" alt=\"\" width=\"300\" height=\"200\" srcset=\"http:\/\/fernwehkinder.de\/wp-content\/uploads\/2018\/01\/PC272449-300x200.jpg 300w, http:\/\/fernwehkinder.de\/wp-content\/uploads\/2018\/01\/PC272449-768x512.jpg 768w, http:\/\/fernwehkinder.de\/wp-content\/uploads\/2018\/01\/PC272449.jpg 800w\" sizes=\"auto, (max-width: 300px) 100vw, 300px\" \/><figcaption id=\"caption-attachment-4273\" class=\"wp-caption-text\">Gerdas Erk\u00e4ltungssalbe<\/figcaption><\/figure>\n","protected":false},"excerpt":{"rendered":"<p>Eigentlich wollten wir bei unserer Fichtelwoche ja schon nach dem Fr\u00fchst\u00fcck die Heimfahrt antreten. Doch als wir an der Rezeption eine Liste sahen,&#8230;<\/p>\n","protected":false},"author":1,"featured_media":4273,"comment_status":"open","ping_status":"open","sticky":false,"template":"","format":"standard","meta":{"jetpack_post_was_ever_published":false,"_jetpack_newsletter_access":"","_jetpack_dont_email_post_to_subs":false,"_jetpack_newsletter_tier_id":0,"_jetpack_memberships_contains_paywalled_content":false,"_jetpack_memberships_contains_paid_content":false,"footnotes":""},"categories":[3,8,4],"tags":[246,247,22],"class_list":["post-4257","post","type-post","status-publish","format-standard","has-post-thumbnail","hentry","category-rabenmutter","category-tipps","category-recherchetour","tag-fichtelgebirge","tag-fkk","tag-kueche"],"jetpack_featured_media_url":"http:\/\/fernwehkinder.de\/wp-content\/uploads\/2018\/01\/PC272449.jpg","jetpack_sharing_enabled":true,"jetpack-related-posts":[],"jetpack_likes_enabled":true,"_links":{"self":[{"href":"http:\/\/fernwehkinder.de\/index.php?rest_route=\/wp\/v2\/posts\/4257","targetHints":{"allow":["GET"]}}],"collection":[{"href":"http:\/\/fernwehkinder.de\/index.php?rest_route=\/wp\/v2\/posts"}],"about":[{"href":"http:\/\/fernwehkinder.de\/index.php?rest_route=\/wp\/v2\/types\/post"}],"author":[{"embeddable":true,"href":"http:\/\/fernwehkinder.de\/index.php?rest_route=\/wp\/v2\/users\/1"}],"replies":[{"embeddable":true,"href":"http:\/\/fernwehkinder.de\/index.php?rest_route=%2Fwp%2Fv2%2Fcomments&post=4257"}],"version-history":[{"count":0,"href":"http:\/\/fernwehkinder.de\/index.php?rest_route=\/wp\/v2\/posts\/4257\/revisions"}],"wp:featuredmedia":[{"embeddable":true,"href":"http:\/\/fernwehkinder.de\/index.php?rest_route=\/wp\/v2\/media\/4273"}],"wp:attachment":[{"href":"http:\/\/fernwehkinder.de\/index.php?rest_route=%2Fwp%2Fv2%2Fmedia&parent=4257"}],"wp:term":[{"taxonomy":"category","embeddable":true,"href":"http:\/\/fernwehkinder.de\/index.php?rest_route=%2Fwp%2Fv2%2Fcategories&post=4257"},{"taxonomy":"post_tag","embeddable":true,"href":"http:\/\/fernwehkinder.de\/index.php?rest_route=%2Fwp%2Fv2%2Ftags&post=4257"}],"curies":[{"name":"wp","href":"https:\/\/api.w.org\/{rel}","templated":true}]}}