{"id":4426,"date":"2018-03-02T21:34:02","date_gmt":"2018-03-02T20:34:02","guid":{"rendered":"http:\/\/fernwehkinder.de\/?p=4426"},"modified":"2018-03-02T14:54:28","modified_gmt":"2018-03-02T13:54:28","slug":"tee-verzaellcher-heute-sankt-mokka","status":"publish","type":"post","link":"http:\/\/fernwehkinder.de\/?p=4426","title":{"rendered":"Tee-Verz\u00e4llcher &#8211; heute: Sankt Mokka"},"content":{"rendered":"<p>Heute Vormittag war ich f\u00fcr einen Sprung in der Eifel. Meine Frist f\u00fcr Covervorschl\u00e4ge f\u00fcr die Eifel-Anekdoten l\u00e4uft am Wochenende aus und mir fehlte f\u00fcr einen meiner Titelvorschl\u00e4ge noch das passende Foto. Es ging um die Dorfkirche in Nideggen-Schmidt, die (1) ihren schnellen Wiederaufbau nach der verheerenden Schlacht im H\u00fcrtgenwald und (2) ihren Kosenamen &#8222;Sankt Mokka&#8220; den Kaffeeschmugglern der Nachkriegszeit zu verdanken hat.<\/p>\n<p>Zuhause hatte ich mir eine Thermoskanne mit Tee gemacht und freute mich schon sehr darauf, als ich mit eiskalten Fingern und trotz Daunenmantel vollkommen durchgefroren wieder das Auto erreichte. Ein Griff zur Tasse &#8211; und ich griff ins Leere. Die Tasse stand noch zuhause. Aber der Zufall meinte es gut mit mir. In der Kirche wurden neben heiligen Kerzen, frommen Schriften und Marienkerzen auch Andenken wie B\u00fccher \u00fcber die Schmugglerzeit, Wanderwegbeschreibungen und Tassen zum Kauf angeboten. Also griff ich zu. F\u00fcr einen sch\u00f6nen Trinkbecher, der mich an diese Minirecherche erinnert, sind die erbetenen f\u00fcnf Euro durchaus angemessen. Da ich nur einen Zehn-Euro-Schein dabei hatte, nahm ich meiner Mutter auch ein Exemplar mit und steckte den Zehner gut gelaunt in den Opferstock.<\/p>\n<p>Doch auf dem Parkplatz kamen mir Bedenken: Darf ich denn \u00fcberhaupt TEE aus einer Tasse trinken, auf der Sankt MOKKA steht?<\/p>\n<p><img loading=\"lazy\" decoding=\"async\" class=\"alignnone size-medium wp-image-4427\" src=\"http:\/\/fernwehkinder.de\/wp-content\/uploads\/2018\/03\/DSC_0268-300x200.jpg\" alt=\"\" width=\"300\" height=\"200\" srcset=\"http:\/\/fernwehkinder.de\/wp-content\/uploads\/2018\/03\/DSC_0268-300x200.jpg 300w, http:\/\/fernwehkinder.de\/wp-content\/uploads\/2018\/03\/DSC_0268-768x512.jpg 768w, http:\/\/fernwehkinder.de\/wp-content\/uploads\/2018\/03\/DSC_0268.jpg 800w\" sizes=\"auto, (max-width: 300px) 100vw, 300px\" \/> <img loading=\"lazy\" decoding=\"async\" class=\"alignnone size-medium wp-image-4428\" src=\"http:\/\/fernwehkinder.de\/wp-content\/uploads\/2018\/03\/DSC_0264-300x200.jpg\" alt=\"\" width=\"300\" height=\"200\" srcset=\"http:\/\/fernwehkinder.de\/wp-content\/uploads\/2018\/03\/DSC_0264-300x200.jpg 300w, http:\/\/fernwehkinder.de\/wp-content\/uploads\/2018\/03\/DSC_0264-768x512.jpg 768w, http:\/\/fernwehkinder.de\/wp-content\/uploads\/2018\/03\/DSC_0264.jpg 800w\" sizes=\"auto, (max-width: 300px) 100vw, 300px\" \/><\/p>\n","protected":false},"excerpt":{"rendered":"<p>Heute Vormittag war ich f\u00fcr einen Sprung in der Eifel. Meine Frist f\u00fcr Covervorschl\u00e4ge f\u00fcr die Eifel-Anekdoten l\u00e4uft am Wochenende aus und mir&#8230;<\/p>\n","protected":false},"author":1,"featured_media":4427,"comment_status":"open","ping_status":"open","sticky":false,"template":"","format":"standard","meta":{"jetpack_post_was_ever_published":false,"_jetpack_newsletter_access":"","_jetpack_dont_email_post_to_subs":false,"_jetpack_newsletter_tier_id":0,"_jetpack_memberships_contains_paywalled_content":false,"_jetpack_memberships_contains_paid_content":false,"footnotes":""},"categories":[5,181,4],"tags":[11,34,252],"class_list":["post-4426","post","type-post","status-publish","format-standard","has-post-thumbnail","hentry","category-buchprojekte","category-fernweh-schreiberin","category-recherchetour","tag-eifel","tag-fotos","tag-tee-verzaellcher"],"jetpack_featured_media_url":"http:\/\/fernwehkinder.de\/wp-content\/uploads\/2018\/03\/DSC_0268.jpg","jetpack_sharing_enabled":true,"jetpack-related-posts":[],"jetpack_likes_enabled":true,"_links":{"self":[{"href":"http:\/\/fernwehkinder.de\/index.php?rest_route=\/wp\/v2\/posts\/4426","targetHints":{"allow":["GET"]}}],"collection":[{"href":"http:\/\/fernwehkinder.de\/index.php?rest_route=\/wp\/v2\/posts"}],"about":[{"href":"http:\/\/fernwehkinder.de\/index.php?rest_route=\/wp\/v2\/types\/post"}],"author":[{"embeddable":true,"href":"http:\/\/fernwehkinder.de\/index.php?rest_route=\/wp\/v2\/users\/1"}],"replies":[{"embeddable":true,"href":"http:\/\/fernwehkinder.de\/index.php?rest_route=%2Fwp%2Fv2%2Fcomments&post=4426"}],"version-history":[{"count":0,"href":"http:\/\/fernwehkinder.de\/index.php?rest_route=\/wp\/v2\/posts\/4426\/revisions"}],"wp:featuredmedia":[{"embeddable":true,"href":"http:\/\/fernwehkinder.de\/index.php?rest_route=\/wp\/v2\/media\/4427"}],"wp:attachment":[{"href":"http:\/\/fernwehkinder.de\/index.php?rest_route=%2Fwp%2Fv2%2Fmedia&parent=4426"}],"wp:term":[{"taxonomy":"category","embeddable":true,"href":"http:\/\/fernwehkinder.de\/index.php?rest_route=%2Fwp%2Fv2%2Fcategories&post=4426"},{"taxonomy":"post_tag","embeddable":true,"href":"http:\/\/fernwehkinder.de\/index.php?rest_route=%2Fwp%2Fv2%2Ftags&post=4426"}],"curies":[{"name":"wp","href":"https:\/\/api.w.org\/{rel}","templated":true}]}}