{"id":4475,"date":"2018-03-09T14:13:33","date_gmt":"2018-03-09T13:13:33","guid":{"rendered":"http:\/\/fernwehkinder.de\/?p=4475"},"modified":"2018-03-09T11:52:23","modified_gmt":"2018-03-09T10:52:23","slug":"schlag-auf-schlag-das-naechste-buch","status":"publish","type":"post","link":"http:\/\/fernwehkinder.de\/?p=4475","title":{"rendered":"Schlag auf Schlag: das n\u00e4chste Buch"},"content":{"rendered":"<p><img loading=\"lazy\" decoding=\"async\" class=\"size-medium wp-image-4473 alignright\" src=\"http:\/\/fernwehkinder.de\/wp-content\/uploads\/2018\/03\/9783866865594-480x689-209x300.jpg\" alt=\"\" width=\"209\" height=\"300\" srcset=\"http:\/\/fernwehkinder.de\/wp-content\/uploads\/2018\/03\/9783866865594-480x689-209x300.jpg 209w, http:\/\/fernwehkinder.de\/wp-content\/uploads\/2018\/03\/9783866865594-480x689.jpg 480w\" sizes=\"auto, (max-width: 209px) 100vw, 209px\" \/>Ja, heute halte ich schon wieder ein neues Buch in der Hand: meine Via Francigena lag heute als doppeltes Autorenexemplar in meinem Briefkasten.<\/p>\n<p>Da ich schon bei der &#8222;Bergischen Maus&#8220; keine R\u00fcckmeldung von euch bekomme, brauche ich dieses noch viel speziellere Buch sicherlich gar nicht erst verlosen, oder?<\/p>\n<p>Ich danke euch aber f\u00fcr eure Durchhalteparolen w\u00e4hrend der Recherchen und w\u00e4hrend der Schreiberei, besonders dir, liebe Silke.<\/p>\n","protected":false},"excerpt":{"rendered":"<p>Ja, heute halte ich schon wieder ein neues Buch in der Hand: meine Via Francigena lag heute als doppeltes Autorenexemplar in meinem Briefkasten&#8230;.<\/p>\n","protected":false},"author":1,"featured_media":4473,"comment_status":"open","ping_status":"open","sticky":false,"template":"","format":"standard","meta":{"jetpack_post_was_ever_published":false,"_jetpack_newsletter_access":"","_jetpack_dont_email_post_to_subs":false,"_jetpack_newsletter_tier_id":0,"_jetpack_memberships_contains_paywalled_content":false,"_jetpack_memberships_contains_paid_content":false,"footnotes":""},"categories":[5],"tags":[74,26,24],"class_list":["post-4475","post","type-post","status-publish","format-standard","has-post-thumbnail","hentry","category-buchprojekte","tag-buecher","tag-conrad-stein-verlag","tag-via-francigena"],"jetpack_featured_media_url":"http:\/\/fernwehkinder.de\/wp-content\/uploads\/2018\/03\/9783866865594-480x689.jpg","jetpack_sharing_enabled":true,"jetpack-related-posts":[],"jetpack_likes_enabled":true,"_links":{"self":[{"href":"http:\/\/fernwehkinder.de\/index.php?rest_route=\/wp\/v2\/posts\/4475","targetHints":{"allow":["GET"]}}],"collection":[{"href":"http:\/\/fernwehkinder.de\/index.php?rest_route=\/wp\/v2\/posts"}],"about":[{"href":"http:\/\/fernwehkinder.de\/index.php?rest_route=\/wp\/v2\/types\/post"}],"author":[{"embeddable":true,"href":"http:\/\/fernwehkinder.de\/index.php?rest_route=\/wp\/v2\/users\/1"}],"replies":[{"embeddable":true,"href":"http:\/\/fernwehkinder.de\/index.php?rest_route=%2Fwp%2Fv2%2Fcomments&post=4475"}],"version-history":[{"count":0,"href":"http:\/\/fernwehkinder.de\/index.php?rest_route=\/wp\/v2\/posts\/4475\/revisions"}],"wp:featuredmedia":[{"embeddable":true,"href":"http:\/\/fernwehkinder.de\/index.php?rest_route=\/wp\/v2\/media\/4473"}],"wp:attachment":[{"href":"http:\/\/fernwehkinder.de\/index.php?rest_route=%2Fwp%2Fv2%2Fmedia&parent=4475"}],"wp:term":[{"taxonomy":"category","embeddable":true,"href":"http:\/\/fernwehkinder.de\/index.php?rest_route=%2Fwp%2Fv2%2Fcategories&post=4475"},{"taxonomy":"post_tag","embeddable":true,"href":"http:\/\/fernwehkinder.de\/index.php?rest_route=%2Fwp%2Fv2%2Ftags&post=4475"}],"curies":[{"name":"wp","href":"https:\/\/api.w.org\/{rel}","templated":true}]}}