{"id":4506,"date":"2018-03-16T12:45:07","date_gmt":"2018-03-16T11:45:07","guid":{"rendered":"http:\/\/fernwehkinder.de\/?p=4506"},"modified":"2018-03-16T12:45:07","modified_gmt":"2018-03-16T11:45:07","slug":"unser-ritual-am-elternsprechtag","status":"publish","type":"post","link":"http:\/\/fernwehkinder.de\/?p=4506","title":{"rendered":"Unser Ritual am Elternsprechtag"},"content":{"rendered":"<p>Einmal pro Term ist in unserer Schule Elternsprechtag. Ich mag diesen Tag sehr gerne, denn wir haben ein sch\u00f6nes Ritual, dieses Mal noch sch\u00f6ner war als sonst.<\/p>\n<p>Am Elternsprechtag m\u00fcssen die Kinder schon um 12 Uhr abgeholt werden, damit die Lehrer sich vorbereiten k\u00f6nnen und eine angemessene Pause haben, bevor sie von 16 bis 20 Uhr im Zehnminutentakt den Eltern Auskunft \u00fcber die schulischen Leistungen und sozialen Entwicklungen ihrer Kinder erteilen.<\/p>\n<p>An diesen Tagen fahren wir von der Schule nicht direkt nach Hause, sondern &#8211; quasi nebenan &#8211; zur <a href=\"http:\/\/losteria.de\/restaurant\/huerth\/\">l&#8217;Osteria<\/a>. Zwischen Bestellung und Essen wird mit Teig geknetet, geklettert, gerutscht, gerannt und gerufen. Das f\u00e4llt in dem ohnehin immer sehr lauten Gasthaus gar nicht auf. Ich teile mir mit den M\u00e4dels eine gro\u00dfe Pizza: sie essen die Margherita-H\u00e4lfte und ich die Tonno-H\u00e4lfte. Oma bestellt sich Risotto oder ein Nudelgericht, das ihr zur H\u00e4lfte von den Kindern weggefuttert wird. Am Ende sind wir immer alle satt und zufrieden.<\/p>\n<figure id=\"attachment_4510\" aria-describedby=\"caption-attachment-4510\" style=\"width: 300px\" class=\"wp-caption alignleft\"><img loading=\"lazy\" decoding=\"async\" class=\"wp-image-4510 size-medium\" src=\"http:\/\/fernwehkinder.de\/wp-content\/uploads\/2018\/03\/IMG-20180315-WA0003-300x225.jpg\" alt=\"\" width=\"300\" height=\"225\" srcset=\"http:\/\/fernwehkinder.de\/wp-content\/uploads\/2018\/03\/IMG-20180315-WA0003-300x225.jpg 300w, http:\/\/fernwehkinder.de\/wp-content\/uploads\/2018\/03\/IMG-20180315-WA0003-768x576.jpg 768w, http:\/\/fernwehkinder.de\/wp-content\/uploads\/2018\/03\/IMG-20180315-WA0003-1024x768.jpg 1024w, http:\/\/fernwehkinder.de\/wp-content\/uploads\/2018\/03\/IMG-20180315-WA0003.jpg 1280w\" sizes=\"auto, (max-width: 300px) 100vw, 300px\" \/><figcaption id=\"caption-attachment-4510\" class=\"wp-caption-text\">Wir warten brav auf die Speisekarten<\/figcaption><\/figure>\n<p>So ungef\u00e4hr war es gestern auch. Aber schon in der Schule fand Aurelia heraus, dass Max mit seinen Eltern auch zur l&#8217;Osteria f\u00e4hrt. Also war klar, dass wir dort einen gemeinsamen Tisch nehmen. Der kleine Herr sa\u00df sehr zufrieden zwischen seinen beiden gleichaltigen Tischdamen Nele und Cari.<\/p>\n<p>Lieber Max, ich kann deine Zufriedenheit sehr gut verstehen, denn ich war auch Einzelkind. Es ist einfach viel lustiger, wenn andere Kinder dabei sind, als wenn man allein zwischen den Erwachsenen sitzt. Danke f\u00fcr deine f\u00fcrsorgliche Nachfrage, also du entdecktest, dass Nele Verletzungen an Nase und Lippe hatte. Ja, das passiert beim Toben auf dem Spielplatz, tut aber gar nicht mehr weh, wenn die Pizza auf dem Teller liegt.<\/p>\n<p>Aurelia k\u00fcmmerte sich um alle drei Kleinen, ging mit ihnen zum Spielplatz und knetete Teig mit ihnen. Selbst auf die Toilette nahm sie Max mit, als beide das gleiche Bed\u00fcrfnis versp\u00fcrten. Ich durfte nur mit, um die schwere T\u00fcr zu \u00f6ffnen, aber drinnen fragte Aurelia von Kabine zu Kabine, ob er denn klar kommt oder Hilfe ben\u00f6tigt. Ach, und nat\u00fcrlich teilte sie mich dann wieder ein, um ihn beim H\u00e4ndewaschen so hoch zu halten, dass er ans Wasser, die Seife und die Handt\u00fccher kam.<\/p>\n<figure id=\"attachment_4509\" aria-describedby=\"caption-attachment-4509\" style=\"width: 225px\" class=\"wp-caption alignright\"><img loading=\"lazy\" decoding=\"async\" class=\"wp-image-4509 size-medium\" src=\"http:\/\/fernwehkinder.de\/wp-content\/uploads\/2018\/03\/IMG-20180315-WA0002-225x300.jpg\" alt=\"\" width=\"225\" height=\"300\" srcset=\"http:\/\/fernwehkinder.de\/wp-content\/uploads\/2018\/03\/IMG-20180315-WA0002-225x300.jpg 225w, http:\/\/fernwehkinder.de\/wp-content\/uploads\/2018\/03\/IMG-20180315-WA0002-768x1024.jpg 768w, http:\/\/fernwehkinder.de\/wp-content\/uploads\/2018\/03\/IMG-20180315-WA0002.jpg 960w\" sizes=\"auto, (max-width: 225px) 100vw, 225px\" \/><figcaption id=\"caption-attachment-4509\" class=\"wp-caption-text\">Spiegel-Spiele<\/figcaption><\/figure>\n<figure id=\"attachment_4508\" aria-describedby=\"caption-attachment-4508\" style=\"width: 300px\" class=\"wp-caption alignleft\"><img loading=\"lazy\" decoding=\"async\" class=\"wp-image-4508 size-medium\" src=\"http:\/\/fernwehkinder.de\/wp-content\/uploads\/2018\/03\/IMG-20180315-WA0001-300x225.jpg\" alt=\"\" width=\"300\" height=\"225\" srcset=\"http:\/\/fernwehkinder.de\/wp-content\/uploads\/2018\/03\/IMG-20180315-WA0001-300x225.jpg 300w, http:\/\/fernwehkinder.de\/wp-content\/uploads\/2018\/03\/IMG-20180315-WA0001-768x576.jpg 768w, http:\/\/fernwehkinder.de\/wp-content\/uploads\/2018\/03\/IMG-20180315-WA0001-1024x768.jpg 1024w, http:\/\/fernwehkinder.de\/wp-content\/uploads\/2018\/03\/IMG-20180315-WA0001.jpg 1280w\" sizes=\"auto, (max-width: 300px) 100vw, 300px\" \/><figcaption id=\"caption-attachment-4508\" class=\"wp-caption-text\">Sieht man meine Verletzung noch?<\/figcaption><\/figure>\n<p>F\u00fcr Kinder ist ja alles spannend, sogar die verspiegelten Sockel von Bar und Pizzab\u00e4ckerei. Und so wunderte ich mich nicht, als ich nach unserer Heimkehr einige Fotos per WhatsApp erhielt, auf denen meine Minis vor den Spiegel Quatsch machen. Stephie war den Kindern gefolgt und hatte sich mit ihnen rund um die Bar am\u00fcsiert.<\/p>\n<p>Lustig war auch, dass deutlich mehr als die H\u00e4lfte aller G\u00e4ste St. Georges Sch\u00fcler und deren Familien waren. Immer wieder kamen neue bekannte Gesichter zur Eingangst\u00fcr herein und wir kamen aus dem Winken kaum heraus. Ausnahmslos alle Kinder im Restaurant hatten Schuluniform an, die wenigen anderen G\u00e4ste schauten zum Teil ziemlich irritiert auf die vielen gleichen Logos und dachten vielleicht sogar, wir seien eine gr\u00f6\u00dfere Gruppe, die nur ung\u00fcnstig an den Tischen platziert wurde.<\/p>\n<figure id=\"attachment_4507\" aria-describedby=\"caption-attachment-4507\" style=\"width: 225px\" class=\"wp-caption alignleft\"><img loading=\"lazy\" decoding=\"async\" class=\"wp-image-4507 size-medium\" src=\"http:\/\/fernwehkinder.de\/wp-content\/uploads\/2018\/03\/IMG-20180315-WA0000-225x300.jpg\" alt=\"\" width=\"225\" height=\"300\" srcset=\"http:\/\/fernwehkinder.de\/wp-content\/uploads\/2018\/03\/IMG-20180315-WA0000-225x300.jpg 225w, http:\/\/fernwehkinder.de\/wp-content\/uploads\/2018\/03\/IMG-20180315-WA0000-768x1024.jpg 768w, http:\/\/fernwehkinder.de\/wp-content\/uploads\/2018\/03\/IMG-20180315-WA0000.jpg 960w\" sizes=\"auto, (max-width: 225px) 100vw, 225px\" \/><figcaption id=\"caption-attachment-4507\" class=\"wp-caption-text\">Wo bleiben unsere Longdrinks?<\/figcaption><\/figure>\n<p>Hach, wir hatten ein wirklich entspanntes und fr\u00f6hliches Mittagessen. Dieses Familienritual werden wir bestimmt noch lange fortsetzen. Danke, Max, Peter und Stephie, f\u00fcr eure nette Gesellschaft.<\/p>\n<p>&nbsp;<\/p>\n<p>P.S. Beim Elternsprechtag erfuhr ich dann fast nur Positives \u00fcber meine M\u00e4dels. Aurelia ist eine eifrige Sch\u00fclerin, nimmt sich aber sehr zu Herzen, wenn sie auf falsche Antworten aufmerksam gemacht wird. Das kenne ich gut. Meine sensible Maus! Nele und Cari sind sprachlich, sozial und motorisch so weit, dass sie nicht bis zum Sommer auf ihren Wechsel in die neue Gruppe warten m\u00fcssen, sondern schon nach den Osterferien von der Prenursery in die Nursery wechseln. Die Lehrerinnen berichteten \u00fcber alle drei, dass sie sehr liebevolle und besorgte Tr\u00f6sterinnen sind, die jedes andere Kind in den Arm nehmen und bet\u00fcddeln, wenn es weint. Ihr seit tolle M\u00e4dels, alle drei!<\/p>\n","protected":false},"excerpt":{"rendered":"<p>Einmal pro Term ist in unserer Schule Elternsprechtag. Ich mag diesen Tag sehr gerne, denn wir haben ein sch\u00f6nes Ritual, dieses Mal noch&#8230;<\/p>\n","protected":false},"author":1,"featured_media":4510,"comment_status":"open","ping_status":"open","sticky":false,"template":"","format":"standard","meta":{"jetpack_post_was_ever_published":false,"_jetpack_newsletter_access":"","_jetpack_dont_email_post_to_subs":false,"_jetpack_newsletter_tier_id":0,"_jetpack_memberships_contains_paywalled_content":false,"_jetpack_memberships_contains_paid_content":false,"footnotes":""},"categories":[7],"tags":[209,66,28],"class_list":["post-4506","post","type-post","status-publish","format-standard","has-post-thumbnail","hentry","category-kinder","tag-essen","tag-freunde","tag-schule"],"jetpack_featured_media_url":"http:\/\/fernwehkinder.de\/wp-content\/uploads\/2018\/03\/IMG-20180315-WA0003.jpg","jetpack_sharing_enabled":true,"jetpack-related-posts":[],"jetpack_likes_enabled":true,"_links":{"self":[{"href":"http:\/\/fernwehkinder.de\/index.php?rest_route=\/wp\/v2\/posts\/4506","targetHints":{"allow":["GET"]}}],"collection":[{"href":"http:\/\/fernwehkinder.de\/index.php?rest_route=\/wp\/v2\/posts"}],"about":[{"href":"http:\/\/fernwehkinder.de\/index.php?rest_route=\/wp\/v2\/types\/post"}],"author":[{"embeddable":true,"href":"http:\/\/fernwehkinder.de\/index.php?rest_route=\/wp\/v2\/users\/1"}],"replies":[{"embeddable":true,"href":"http:\/\/fernwehkinder.de\/index.php?rest_route=%2Fwp%2Fv2%2Fcomments&post=4506"}],"version-history":[{"count":0,"href":"http:\/\/fernwehkinder.de\/index.php?rest_route=\/wp\/v2\/posts\/4506\/revisions"}],"wp:featuredmedia":[{"embeddable":true,"href":"http:\/\/fernwehkinder.de\/index.php?rest_route=\/wp\/v2\/media\/4510"}],"wp:attachment":[{"href":"http:\/\/fernwehkinder.de\/index.php?rest_route=%2Fwp%2Fv2%2Fmedia&parent=4506"}],"wp:term":[{"taxonomy":"category","embeddable":true,"href":"http:\/\/fernwehkinder.de\/index.php?rest_route=%2Fwp%2Fv2%2Fcategories&post=4506"},{"taxonomy":"post_tag","embeddable":true,"href":"http:\/\/fernwehkinder.de\/index.php?rest_route=%2Fwp%2Fv2%2Ftags&post=4506"}],"curies":[{"name":"wp","href":"https:\/\/api.w.org\/{rel}","templated":true}]}}