{"id":5191,"date":"2018-09-21T14:56:58","date_gmt":"2018-09-21T12:56:58","guid":{"rendered":"http:\/\/fernwehkinder.de\/?p=5191"},"modified":"2018-09-21T14:56:58","modified_gmt":"2018-09-21T12:56:58","slug":"via-coloniensis","status":"publish","type":"post","link":"http:\/\/fernwehkinder.de\/?p=5191","title":{"rendered":"Via Coloniensis&#8230;"},"content":{"rendered":"<p>&#8230;so hei\u00dft der Teil des Jakobswegs, der am K\u00f6lner Dom beginnt und am Matthiasgrab in Trier endet. Eine Streckenalternative startet am Bonner M\u00fcnster und trifft in Bad M\u00fcnstereifel auf die Hauptstrecke.<\/p>\n<p>Die Via Coloniensis steht in den kommenden Wochen auf meinem Wanderplan. Ich freue mich schon sehr darauf. Es ist zwar eine Streckenwanderung, die auch wieder schwerer mit dem Alltag zu kombinieren ist, aber zumindest die ersten Etappen liegen in unmittelbarer N\u00e4he, sodass ich einiges davon abarbeiten kann, w\u00e4hrend die Kinder in der Schule sind.<\/p>\n<figure id=\"attachment_5189\" aria-describedby=\"caption-attachment-5189\" style=\"width: 300px\" class=\"wp-caption alignright\"><img loading=\"lazy\" decoding=\"async\" class=\"wp-image-5189 size-medium\" src=\"http:\/\/fernwehkinder.de\/wp-content\/uploads\/2018\/09\/Bornheim-R\u00f6sberg1-300x226.jpg\" alt=\"\" width=\"300\" height=\"226\" srcset=\"http:\/\/fernwehkinder.de\/wp-content\/uploads\/2018\/09\/Bornheim-R\u00f6sberg1-300x226.jpg 300w, http:\/\/fernwehkinder.de\/wp-content\/uploads\/2018\/09\/Bornheim-R\u00f6sberg1-768x579.jpg 768w, http:\/\/fernwehkinder.de\/wp-content\/uploads\/2018\/09\/Bornheim-R\u00f6sberg1.jpg 796w\" sizes=\"auto, (max-width: 300px) 100vw, 300px\" \/><figcaption id=\"caption-attachment-5189\" class=\"wp-caption-text\">Eigentlich ein sch\u00f6nes Foto aus Bornheim-R\u00f6sberg. Aber nur bedingt Covertauglich, weil ich nicht wandere und pingelige Leser erkennen k\u00f6nnen, dass ich keinen Rucksack, sondern eine Fototasche dabei habe.<\/figcaption><\/figure>\n<p>Der Waschzettel (so hei\u00dft die Information, mit der Verlage schon lange vor dem Erscheinen den Buchhandel und die Presse \u00fcber das geplante Buch informieren) ist fast fertig: der Text ist geschrieben, nun fehlt noch ein h\u00fcbsches Foto f\u00fcr den Titel. Insgesamt fehlen mir bei meinen Buchprojekten immer wieder Fotos mit gut gelaunten Wanderern bzw. Pilgern.<\/p>\n<p>Ich habe mich deshalb sehr gefreut, dass Stephie mich in der vergangenen Woche spontan begleitete, als ich Fotos in Z\u00fcndorf machen wollte. Vielen Dank, liebe Stephie.<\/p>\n<p>Und nun: Freiwillige vor f\u00fcr den Jakobsweg vom Rhein nach Trier. Mir ist dabei sogar v\u00f6llig egal, ob ihr fotografiert werden wollt oder mich fotografiert, ob ihr wirklich auch eine Strecke wandern wollt oder wir mit dem Auto so nah wie m\u00f6glich an einen sch\u00f6nen Fotospot heran fahren.<\/p>\n<p>Ich habe nur eine Bedingung: ihr m\u00fcsst vorher Wolken schieben, damit nur die kleinen h\u00fcbschen Sch\u00e4fchenwolken den blauen Himmel auflockern. Dicke dunkle Regenwolken kann ich auf den Fotos nicht brauchen. Zwar wandere ich bei solchem Wetter wie heute viel lieber als bei gro\u00dfer Hitze, aber f\u00fcr ein Buchcover muss es dann eben doch &#8222;sch\u00f6nes&#8220; Wetter sein.<\/p>\n","protected":false},"excerpt":{"rendered":"<p>&#8230;so hei\u00dft der Teil des Jakobswegs, der am K\u00f6lner Dom beginnt und am Matthiasgrab in Trier endet. Eine Streckenalternative startet am Bonner M\u00fcnster&#8230;<\/p>\n","protected":false},"author":1,"featured_media":5189,"comment_status":"open","ping_status":"open","sticky":false,"template":"","format":"standard","meta":{"jetpack_post_was_ever_published":false,"_jetpack_newsletter_access":"","_jetpack_dont_email_post_to_subs":false,"_jetpack_newsletter_tier_id":0,"_jetpack_memberships_contains_paywalled_content":false,"_jetpack_memberships_contains_paid_content":false,"footnotes":""},"categories":[5],"tags":[11,34,96,40],"class_list":["post-5191","post","type-post","status-publish","format-standard","has-post-thumbnail","hentry","category-buchprojekte","tag-eifel","tag-fotos","tag-jakobsweg","tag-wandern"],"jetpack_featured_media_url":"http:\/\/fernwehkinder.de\/wp-content\/uploads\/2018\/09\/Bornheim-R\u00f6sberg1.jpg","jetpack_sharing_enabled":true,"jetpack-related-posts":[],"jetpack_likes_enabled":true,"_links":{"self":[{"href":"http:\/\/fernwehkinder.de\/index.php?rest_route=\/wp\/v2\/posts\/5191","targetHints":{"allow":["GET"]}}],"collection":[{"href":"http:\/\/fernwehkinder.de\/index.php?rest_route=\/wp\/v2\/posts"}],"about":[{"href":"http:\/\/fernwehkinder.de\/index.php?rest_route=\/wp\/v2\/types\/post"}],"author":[{"embeddable":true,"href":"http:\/\/fernwehkinder.de\/index.php?rest_route=\/wp\/v2\/users\/1"}],"replies":[{"embeddable":true,"href":"http:\/\/fernwehkinder.de\/index.php?rest_route=%2Fwp%2Fv2%2Fcomments&post=5191"}],"version-history":[{"count":0,"href":"http:\/\/fernwehkinder.de\/index.php?rest_route=\/wp\/v2\/posts\/5191\/revisions"}],"wp:featuredmedia":[{"embeddable":true,"href":"http:\/\/fernwehkinder.de\/index.php?rest_route=\/wp\/v2\/media\/5189"}],"wp:attachment":[{"href":"http:\/\/fernwehkinder.de\/index.php?rest_route=%2Fwp%2Fv2%2Fmedia&parent=5191"}],"wp:term":[{"taxonomy":"category","embeddable":true,"href":"http:\/\/fernwehkinder.de\/index.php?rest_route=%2Fwp%2Fv2%2Fcategories&post=5191"},{"taxonomy":"post_tag","embeddable":true,"href":"http:\/\/fernwehkinder.de\/index.php?rest_route=%2Fwp%2Fv2%2Ftags&post=5191"}],"curies":[{"name":"wp","href":"https:\/\/api.w.org\/{rel}","templated":true}]}}