{"id":5760,"date":"2019-02-10T12:20:33","date_gmt":"2019-02-10T11:20:33","guid":{"rendered":"http:\/\/fernwehkinder.de\/?p=5760"},"modified":"2019-02-10T16:20:33","modified_gmt":"2019-02-10T15:20:33","slug":"neues-von-engelbert","status":"publish","type":"post","link":"http:\/\/fernwehkinder.de\/?p=5760","title":{"rendered":"Neues von Engelbert"},"content":{"rendered":"\n<p>Seit meiner <a href=\"http:\/\/fernwehkinder.de\/?p=5682\">ersten Information<\/a> \u00fcber den Kauz von Schloss Burg an der Wupper hat sich einiges getan:<\/p>\n\n\n\n<h4 class=\"wp-block-heading\">Recherche vor Ort<\/h4>\n\n\n\n<p>Vor gut einer Woche traf ich mich mit dem Burgherrn (= Museumsdirektor) und dem Illustrator in Schloss Burg an der Wupper. <\/p>\n\n\n\n<p>Das w\u00e4re gar nicht unbedingt n\u00f6tig gewesen, aber ich wollte drei Fliegen mit einer Klappe schlagen: mich vor Ort noch einmal umsehen, vielleicht noch weitere Infos \u00fcber Engelbert herausfinden und mich Aug in Aug mit Freddy absprechen.  Zwar hatte ich mit ihm bereits oft geschrieben und auch schon telefoniert, aber viel sch\u00f6ner ist es je, mit jemandem zusammenzuarbeiten, den man pers\u00f6nlich kennt.<\/p>\n\n\n\n<p>Alle Erwartungen wurden mehr als erf\u00fcllt. Zwar mussten wir das Treffen um einen Tag verschieben, weil uns am urspr\u00fcnglich ins Auge gefassten Donnerstag das Winterwetter einen Strich durch die Rechnung machte.  Aber der Freitag belohnte unsere Beharrlichkeit mit strahlendem Sonnenschein. Herr Ahlmann konnte uns sogar tats\u00e4chlich den Burgkauz zeigen. Unser Engelbert sa\u00df in einem der Kamine und lie\u00df sich die Sonne aufs Gefieder scheinen.<\/p>\n\n\n\n<p>Die meisten von euch werden es vorher schon gewusst haben, nat\u00fcrlich sitzen Kauze <em>oben <\/em>in den Kamin\u00f6ffnungen auf dem Dach. Aber ich Dussel hatte irgendwie das Bild im Kopf, dass Engelbert <em>unten <\/em>in der Feuerstelle sitzt, also im Geb\u00e4ude. Wieder was gelernt: Kauze sind keine Weihnachtsm\u00e4nner!<\/p>\n\n\n\n<ul class=\"wp-block-gallery columns-2 is-cropped wp-block-gallery-1 is-layout-flex wp-block-gallery-is-layout-flex\"><li class=\"blocks-gallery-item\"><figure><img loading=\"lazy\" decoding=\"async\" width=\"400\" height=\"600\" src=\"http:\/\/fernwehkinder.de\/wp-content\/uploads\/2019\/02\/P2010244.jpg\" alt=\"\" data-id=\"5764\" data-link=\"http:\/\/fernwehkinder.de\/?attachment_id=5764\" class=\"wp-image-5764\" srcset=\"http:\/\/fernwehkinder.de\/wp-content\/uploads\/2019\/02\/P2010244.jpg 400w, http:\/\/fernwehkinder.de\/wp-content\/uploads\/2019\/02\/P2010244-200x300.jpg 200w\" sizes=\"auto, (max-width: 400px) 100vw, 400px\" \/><figcaption>Der Schlossherr Engelbert hoch zu Pferd<\/figcaption><\/figure><\/li><li class=\"blocks-gallery-item\"><figure><img loading=\"lazy\" decoding=\"async\" width=\"400\" height=\"600\" src=\"http:\/\/fernwehkinder.de\/wp-content\/uploads\/2019\/02\/P2010253.jpg\" alt=\"\" data-id=\"5769\" data-link=\"http:\/\/fernwehkinder.de\/?attachment_id=5769\" class=\"wp-image-5769\" srcset=\"http:\/\/fernwehkinder.de\/wp-content\/uploads\/2019\/02\/P2010253.jpg 400w, http:\/\/fernwehkinder.de\/wp-content\/uploads\/2019\/02\/P2010253-200x300.jpg 200w\" sizes=\"auto, (max-width: 400px) 100vw, 400px\" \/><figcaption>Der Illustrator fotografiert sein Malobjekt<\/figcaption><\/figure><\/li><li class=\"blocks-gallery-item\"><figure><img loading=\"lazy\" decoding=\"async\" width=\"400\" height=\"600\" src=\"http:\/\/fernwehkinder.de\/wp-content\/uploads\/2019\/02\/P2010248.jpg\" alt=\"\" data-id=\"5767\" data-link=\"http:\/\/fernwehkinder.de\/?attachment_id=5767\" class=\"wp-image-5767\" srcset=\"http:\/\/fernwehkinder.de\/wp-content\/uploads\/2019\/02\/P2010248.jpg 400w, http:\/\/fernwehkinder.de\/wp-content\/uploads\/2019\/02\/P2010248-200x300.jpg 200w\" sizes=\"auto, (max-width: 400px) 100vw, 400px\" \/><figcaption>Von dort oben hat man eine fantastische Aussicht&#8230;<\/figcaption><\/figure><\/li><li class=\"blocks-gallery-item\"><figure><img loading=\"lazy\" decoding=\"async\" width=\"800\" height=\"533\" src=\"http:\/\/fernwehkinder.de\/wp-content\/uploads\/2019\/02\/P2010255.jpg\" alt=\"\" data-id=\"5770\" data-link=\"http:\/\/fernwehkinder.de\/?attachment_id=5770\" class=\"wp-image-5770\" srcset=\"http:\/\/fernwehkinder.de\/wp-content\/uploads\/2019\/02\/P2010255.jpg 800w, http:\/\/fernwehkinder.de\/wp-content\/uploads\/2019\/02\/P2010255-300x200.jpg 300w, http:\/\/fernwehkinder.de\/wp-content\/uploads\/2019\/02\/P2010255-768x512.jpg 768w\" sizes=\"auto, (max-width: 800px) 100vw, 800px\" \/><figcaption>&#8230; sogar an diesigen Tagen<\/figcaption><\/figure><\/li><li class=\"blocks-gallery-item\"><figure><img loading=\"lazy\" decoding=\"async\" width=\"800\" height=\"533\" src=\"http:\/\/fernwehkinder.de\/wp-content\/uploads\/2019\/02\/P2010245.jpg\" alt=\"\" data-id=\"5765\" data-link=\"http:\/\/fernwehkinder.de\/?attachment_id=5765\" class=\"wp-image-5765\" srcset=\"http:\/\/fernwehkinder.de\/wp-content\/uploads\/2019\/02\/P2010245.jpg 800w, http:\/\/fernwehkinder.de\/wp-content\/uploads\/2019\/02\/P2010245-300x200.jpg 300w, http:\/\/fernwehkinder.de\/wp-content\/uploads\/2019\/02\/P2010245-768x512.jpg 768w\" sizes=\"auto, (max-width: 800px) 100vw, 800px\" \/><figcaption>Einer von Engelberts Kaminen<\/figcaption><\/figure><\/li><li class=\"blocks-gallery-item\"><figure><img loading=\"lazy\" decoding=\"async\" width=\"800\" height=\"533\" src=\"http:\/\/fernwehkinder.de\/wp-content\/uploads\/2019\/02\/P2010246.jpg\" alt=\"\" data-id=\"5766\" data-link=\"http:\/\/fernwehkinder.de\/?attachment_id=5766\" class=\"wp-image-5766\" srcset=\"http:\/\/fernwehkinder.de\/wp-content\/uploads\/2019\/02\/P2010246.jpg 800w, http:\/\/fernwehkinder.de\/wp-content\/uploads\/2019\/02\/P2010246-300x200.jpg 300w, http:\/\/fernwehkinder.de\/wp-content\/uploads\/2019\/02\/P2010246-768x512.jpg 768w\" sizes=\"auto, (max-width: 800px) 100vw, 800px\" \/><figcaption>In der Schlosskapelle<\/figcaption><\/figure><\/li><li class=\"blocks-gallery-item\"><figure><img loading=\"lazy\" decoding=\"async\" width=\"800\" height=\"600\" src=\"http:\/\/fernwehkinder.de\/wp-content\/uploads\/2019\/02\/kauz-2-2.jpg\" alt=\"\" data-id=\"5777\" data-link=\"http:\/\/fernwehkinder.de\/?attachment_id=5777\" class=\"wp-image-5777\" srcset=\"http:\/\/fernwehkinder.de\/wp-content\/uploads\/2019\/02\/kauz-2-2.jpg 800w, http:\/\/fernwehkinder.de\/wp-content\/uploads\/2019\/02\/kauz-2-2-300x225.jpg 300w, http:\/\/fernwehkinder.de\/wp-content\/uploads\/2019\/02\/kauz-2-2-768x576.jpg 768w\" sizes=\"auto, (max-width: 800px) 100vw, 800px\" \/><figcaption>Da sonnt er sich, der echte Engelbert (Foto: F. Thobe)<\/figcaption><\/figure><\/li><\/ul>\n\n\n\n<p>Wir erkundeten noch das ganze Schloss, dachten \u00fcber die Farbe des Schlossgespenstes nach, pr\u00fcften Kronleuchter und Ziehbrunnen auf ihre Buchtauglichkeit und verlie\u00dfen hoch zufrieden das wundersch\u00f6ne alte Gem\u00e4uer.<\/p>\n\n\n\n<p>Nicht ohne uns einige der Programmzettel mitzunehmen, denn rund ums Jahr gibt es im Rittersaal und in der Kemenate Konzerte und auf dem gesamten Schlossberg fantastische Veranstaltungen wie Osterm\u00e4rkte.<\/p>\n\n\n\n<figure class=\"wp-block-image\"><img loading=\"lazy\" decoding=\"async\" width=\"800\" height=\"533\" src=\"http:\/\/fernwehkinder.de\/wp-content\/uploads\/2019\/02\/P2010257.jpg\" alt=\"\" class=\"wp-image-5771\" srcset=\"http:\/\/fernwehkinder.de\/wp-content\/uploads\/2019\/02\/P2010257.jpg 800w, http:\/\/fernwehkinder.de\/wp-content\/uploads\/2019\/02\/P2010257-300x200.jpg 300w, http:\/\/fernwehkinder.de\/wp-content\/uploads\/2019\/02\/P2010257-768x512.jpg 768w\" sizes=\"auto, (max-width: 800px) 100vw, 800px\" \/><figcaption>Prummewaffel mit Ingwer-Zitronengras-Tee.<\/figcaption><\/figure>\n\n\n\n<p>Zur weiteren Besprechung suchten wir uns ein nettes Caf\u00e9. Das ist in Solingen-Burg gar nicht so einfach, denn es gibt mehr als ein halbes Duzend wirklich gute Caf\u00e9s. Egal, ob man Lust auf ein Hei\u00dfgetr\u00e4nk, ein St\u00fcck Kuchen, eine Bergische Waffel oder eine \u00fcppige Bergische Kaffeetafel hat. Wir entschieden uns f\u00fcr das <a href=\"https:\/\/www.cafe-voigt-schloss-burg.de\/\">Caf\u00e9 Voigt<\/a>, weil Freddy schon vor unserem Treffen im Caf\u00e9 <a href=\"https:\/\/www.zur-schoenen-aussicht-solingen.de\/\">Zur sch\u00f6nen Aussicht<\/a> war. Beide kann ich euch w\u00e4rmstens empfehlen. Aber auch alle anderen. Ich bin froh, dass ich nicht in diesem Dorf wohne, sonst w\u00fcrde meine Waage sehr schnell dreistellige Werte anzeigen.<\/p>\n\n\n\n<h4 class=\"wp-block-heading\">Textarbeit<\/h4>\n\n\n\n<p>Nach dem Treffen mit Schlossherr, Illustrator und Kauz flossen mir die Worte nur so aus den Fingern. Wann immer ich kurz \u00fcberlegen musste, schaute ich mir \u00fcber meinem Schreibtisch das Bild von Engelbert an, das mir Freddy an diesem Tag geschenkt hatte. Der Text war ruck-zuck fertig!<\/p>\n\n\n\n<figure class=\"wp-block-image\"><img loading=\"lazy\" decoding=\"async\" width=\"800\" height=\"533\" src=\"http:\/\/fernwehkinder.de\/wp-content\/uploads\/2019\/02\/P2020258.jpg\" alt=\"\" class=\"wp-image-5772\" srcset=\"http:\/\/fernwehkinder.de\/wp-content\/uploads\/2019\/02\/P2020258.jpg 800w, http:\/\/fernwehkinder.de\/wp-content\/uploads\/2019\/02\/P2020258-300x200.jpg 300w, http:\/\/fernwehkinder.de\/wp-content\/uploads\/2019\/02\/P2020258-768x512.jpg 768w\" sizes=\"auto, (max-width: 800px) 100vw, 800px\" \/><\/figure>\n\n\n\n<p>Meine Privatlektorinnen hatten nicht viel zu maulen. Aurelia sagte: &#8222;Wie s\u00fc\u00df!&#8220;, Cari strahlte: &#8222;Wie aufregend!&#8220; und Nele fragte: &#8222;Warum stirbt denn da niemand?&#8220;<\/p>\n\n\n\n<p>(Nein, sie schaut nachts nicht heimlich Krimis und Horrorthriller. Der Zufall wollte es nur, dass wir in den letzten Tagen einige B\u00fccher lasen, in denen jemand starb. Zum Beispiel realisierte sie beim dritten Anschauen der <em>Eisk\u00f6nigin<\/em>, dass Elsa so fr\u00fch K\u00f6nigin wird, weil einige Jahre zuvor ihre Eltern t\u00f6dlich verungl\u00fcckten.)<\/p>\n\n\n\n<h4 class=\"wp-block-heading\">Illustrationen<\/h4>\n\n\n\n<p>Nun stand also unser Plot. Freddy konnte loslegen. <\/p>\n\n\n\n<p>Wie viel Arbeit solche Illustrationen machen, ist unfassbar. Da wird mit verschiedenen Farben und Untergr\u00fcnden jongliert, bis die ideale Kombination gefunden ist. Da wird entworfen und verworfen, gezeichnet und radiert, vorgemalt und korrigiert, gemalt und korrigiert, gezweifelt und ganz am Ende zufrieden genickt. Mensch Freddy, ich ziehe meinen Hut vor dir. Das ist nicht nur sehr sch\u00f6n anzusehen, sondern auch noch eine echte Ausdauerleistung.<\/p>\n\n\n\n<h4 class=\"wp-block-heading\">Am Rande<\/h4>\n\n\n\n<p>Das Gespr\u00e4ch und die Zusammenarbeit mit Freddy hat mich so inspiriert, dass ich mit den Kindern all meine Malsachen aus dem Keller geholt habe. Die Fensterfarben waren tot, einige Tuben Acrylfarbe auch. Aber es blieben noch gen\u00fcgend Tuben, Stifte, Pinsel, Aquarellkreiden, Leinw\u00e4nde und Papier \u00fcbrig, um an diesem windigen, usseligen, erk\u00e4lteten Wochenende so richtig kreativ zu werden. Die beiden Kleinen hatten Spa\u00df mit Aurelias Glitter-Fingerfarbe, wir beiden Gro\u00dfen wagten uns ans Acyrl. Nun ratet mal, welches der Bilder von mir und welches von Aurelia ist. Richtig, wir haben das gemalt, wovon unser Herz voll ist: Komische Kauze und gr\u00fcne Monster.<\/p>\n\n\n\n<ul class=\"wp-block-gallery columns-3 is-cropped wp-block-gallery-2 is-layout-flex wp-block-gallery-is-layout-flex\"><li class=\"blocks-gallery-item\"><figure><img loading=\"lazy\" decoding=\"async\" width=\"400\" height=\"600\" src=\"http:\/\/fernwehkinder.de\/wp-content\/uploads\/2019\/02\/P2090276.jpg\" alt=\"\" data-id=\"5773\" data-link=\"http:\/\/fernwehkinder.de\/?attachment_id=5773\" class=\"wp-image-5773\" srcset=\"http:\/\/fernwehkinder.de\/wp-content\/uploads\/2019\/02\/P2090276.jpg 400w, http:\/\/fernwehkinder.de\/wp-content\/uploads\/2019\/02\/P2090276-200x300.jpg 200w\" sizes=\"auto, (max-width: 400px) 100vw, 400px\" \/><figcaption>Modell &amp; Vorzeichnung<\/figcaption><\/figure><\/li><li class=\"blocks-gallery-item\"><figure><img loading=\"lazy\" decoding=\"async\" width=\"400\" height=\"600\" src=\"http:\/\/fernwehkinder.de\/wp-content\/uploads\/2019\/02\/P2090282.jpg\" alt=\"\" data-id=\"5775\" data-link=\"http:\/\/fernwehkinder.de\/?attachment_id=5775\" class=\"wp-image-5775\" srcset=\"http:\/\/fernwehkinder.de\/wp-content\/uploads\/2019\/02\/P2090282.jpg 400w, http:\/\/fernwehkinder.de\/wp-content\/uploads\/2019\/02\/P2090282-200x300.jpg 200w\" sizes=\"auto, (max-width: 400px) 100vw, 400px\" \/><figcaption>Erster Anstrich<\/figcaption><\/figure><\/li><li class=\"blocks-gallery-item\"><figure><img loading=\"lazy\" decoding=\"async\" width=\"400\" height=\"600\" src=\"http:\/\/fernwehkinder.de\/wp-content\/uploads\/2019\/02\/P2090280.jpg\" alt=\"\" data-id=\"5774\" data-link=\"http:\/\/fernwehkinder.de\/?attachment_id=5774\" class=\"wp-image-5774\" srcset=\"http:\/\/fernwehkinder.de\/wp-content\/uploads\/2019\/02\/P2090280.jpg 400w, http:\/\/fernwehkinder.de\/wp-content\/uploads\/2019\/02\/P2090280-200x300.jpg 200w\" sizes=\"auto, (max-width: 400px) 100vw, 400px\" \/><figcaption>Hm, brauchen die Fl\u00fcgel auch eine schwarze Kontur?<\/figcaption><\/figure><\/li><li class=\"blocks-gallery-item\"><figure><img loading=\"lazy\" decoding=\"async\" width=\"800\" height=\"533\" src=\"http:\/\/fernwehkinder.de\/wp-content\/uploads\/2019\/02\/P2090283.jpg\" alt=\"\" data-id=\"5776\" data-link=\"http:\/\/fernwehkinder.de\/?attachment_id=5776\" class=\"wp-image-5776\" srcset=\"http:\/\/fernwehkinder.de\/wp-content\/uploads\/2019\/02\/P2090283.jpg 800w, http:\/\/fernwehkinder.de\/wp-content\/uploads\/2019\/02\/P2090283-300x200.jpg 300w, http:\/\/fernwehkinder.de\/wp-content\/uploads\/2019\/02\/P2090283-768x512.jpg 768w\" sizes=\"auto, (max-width: 800px) 100vw, 800px\" \/><figcaption>Zwischenergebnis<\/figcaption><\/figure><\/li><\/ul>\n","protected":false},"excerpt":{"rendered":"<p>Seit meiner ersten Information \u00fcber den Kauz von Schloss Burg an der Wupper hat sich einiges getan: Recherche vor Ort Vor gut einer&#8230;<\/p>\n","protected":false},"author":1,"featured_media":5778,"comment_status":"open","ping_status":"open","sticky":false,"template":"","format":"standard","meta":{"jetpack_post_was_ever_published":false,"_jetpack_newsletter_access":"","_jetpack_dont_email_post_to_subs":false,"_jetpack_newsletter_tier_id":0,"_jetpack_memberships_contains_paywalled_content":false,"_jetpack_memberships_contains_paid_content":false,"footnotes":""},"categories":[5,181,8],"tags":[109,123,67],"class_list":["post-5760","post","type-post","status-publish","format-standard","has-post-thumbnail","hentry","category-buchprojekte","category-fernweh-schreiberin","category-tipps","tag-bergisches-land","tag-kreatives","tag-tiere"],"jetpack_featured_media_url":"http:\/\/fernwehkinder.de\/wp-content\/uploads\/2019\/02\/kauz-1-2.jpg","jetpack_sharing_enabled":true,"jetpack-related-posts":[],"jetpack_likes_enabled":true,"_links":{"self":[{"href":"http:\/\/fernwehkinder.de\/index.php?rest_route=\/wp\/v2\/posts\/5760","targetHints":{"allow":["GET"]}}],"collection":[{"href":"http:\/\/fernwehkinder.de\/index.php?rest_route=\/wp\/v2\/posts"}],"about":[{"href":"http:\/\/fernwehkinder.de\/index.php?rest_route=\/wp\/v2\/types\/post"}],"author":[{"embeddable":true,"href":"http:\/\/fernwehkinder.de\/index.php?rest_route=\/wp\/v2\/users\/1"}],"replies":[{"embeddable":true,"href":"http:\/\/fernwehkinder.de\/index.php?rest_route=%2Fwp%2Fv2%2Fcomments&post=5760"}],"version-history":[{"count":0,"href":"http:\/\/fernwehkinder.de\/index.php?rest_route=\/wp\/v2\/posts\/5760\/revisions"}],"wp:featuredmedia":[{"embeddable":true,"href":"http:\/\/fernwehkinder.de\/index.php?rest_route=\/wp\/v2\/media\/5778"}],"wp:attachment":[{"href":"http:\/\/fernwehkinder.de\/index.php?rest_route=%2Fwp%2Fv2%2Fmedia&parent=5760"}],"wp:term":[{"taxonomy":"category","embeddable":true,"href":"http:\/\/fernwehkinder.de\/index.php?rest_route=%2Fwp%2Fv2%2Fcategories&post=5760"},{"taxonomy":"post_tag","embeddable":true,"href":"http:\/\/fernwehkinder.de\/index.php?rest_route=%2Fwp%2Fv2%2Ftags&post=5760"}],"curies":[{"name":"wp","href":"https:\/\/api.w.org\/{rel}","templated":true}]}}