{"id":5856,"date":"2019-02-26T10:27:10","date_gmt":"2019-02-26T09:27:10","guid":{"rendered":"http:\/\/fernwehkinder.de\/?p=5856"},"modified":"2019-02-25T19:35:50","modified_gmt":"2019-02-25T18:35:50","slug":"werbezettel-fuer-mein-neues-buch","status":"publish","type":"post","link":"http:\/\/fernwehkinder.de\/?p=5856","title":{"rendered":"Werbezettel f\u00fcr mein neues Buch"},"content":{"rendered":"\n<p>Immer wieder etwas Neues. <\/p>\n\n\n\n<p>Plakate und Postkarten zu meinen B\u00fcchern kenne ich schon. Nun gibt es sogar kleine Werbezettel f\u00fcr das Buch &#8222;Wanderungen f\u00fcr die Seele &#8211; Wohlf\u00fchlwege Rhein, Ahr, Erft&#8220;.<\/p>\n\n\n\n<p>Nun ja, ich habe noch keine genaue Idee, wo ich damit Werbung f\u00fcr das Buch machen kann, aber bestimmt f\u00e4llt mir noch etwas dazu ein.<\/p>\n\n\n\n<figure class=\"wp-block-image\"><img loading=\"lazy\" decoding=\"async\" width=\"800\" height=\"533\" src=\"http:\/\/fernwehkinder.de\/wp-content\/uploads\/2019\/02\/P2250479.jpg\" alt=\"\" class=\"wp-image-5857\" srcset=\"http:\/\/fernwehkinder.de\/wp-content\/uploads\/2019\/02\/P2250479.jpg 800w, http:\/\/fernwehkinder.de\/wp-content\/uploads\/2019\/02\/P2250479-300x200.jpg 300w, http:\/\/fernwehkinder.de\/wp-content\/uploads\/2019\/02\/P2250479-768x512.jpg 768w\" sizes=\"auto, (max-width: 800px) 100vw, 800px\" \/><\/figure>\n\n\n\n<p>Ihr seht, das gemeinsam mit Myria Aurora Pribert geschriebene Wanderbuch ist nun wirklich kurz vor fertig. Ich freue mich schon sehr darauf.<\/p>\n","protected":false},"excerpt":{"rendered":"<p>Immer wieder etwas Neues. Plakate und Postkarten zu meinen B\u00fcchern kenne ich schon. Nun gibt es sogar kleine Werbezettel f\u00fcr das Buch &#8222;Wanderungen&#8230;<\/p>\n","protected":false},"author":1,"featured_media":5857,"comment_status":"open","ping_status":"open","sticky":false,"template":"","format":"standard","meta":{"jetpack_post_was_ever_published":false,"_jetpack_newsletter_access":"","_jetpack_dont_email_post_to_subs":false,"_jetpack_newsletter_tier_id":0,"_jetpack_memberships_contains_paywalled_content":false,"_jetpack_memberships_contains_paid_content":false,"footnotes":""},"categories":[5],"tags":[276,11,277,218,278,40],"class_list":["post-5856","post","type-post","status-publish","format-standard","has-post-thumbnail","hentry","category-buchprojekte","tag-ahr","tag-eifel","tag-erft","tag-rhein","tag-seele","tag-wandern"],"jetpack_featured_media_url":"http:\/\/fernwehkinder.de\/wp-content\/uploads\/2019\/02\/P2250479.jpg","jetpack_sharing_enabled":true,"jetpack-related-posts":[],"jetpack_likes_enabled":true,"_links":{"self":[{"href":"http:\/\/fernwehkinder.de\/index.php?rest_route=\/wp\/v2\/posts\/5856","targetHints":{"allow":["GET"]}}],"collection":[{"href":"http:\/\/fernwehkinder.de\/index.php?rest_route=\/wp\/v2\/posts"}],"about":[{"href":"http:\/\/fernwehkinder.de\/index.php?rest_route=\/wp\/v2\/types\/post"}],"author":[{"embeddable":true,"href":"http:\/\/fernwehkinder.de\/index.php?rest_route=\/wp\/v2\/users\/1"}],"replies":[{"embeddable":true,"href":"http:\/\/fernwehkinder.de\/index.php?rest_route=%2Fwp%2Fv2%2Fcomments&post=5856"}],"version-history":[{"count":0,"href":"http:\/\/fernwehkinder.de\/index.php?rest_route=\/wp\/v2\/posts\/5856\/revisions"}],"wp:featuredmedia":[{"embeddable":true,"href":"http:\/\/fernwehkinder.de\/index.php?rest_route=\/wp\/v2\/media\/5857"}],"wp:attachment":[{"href":"http:\/\/fernwehkinder.de\/index.php?rest_route=%2Fwp%2Fv2%2Fmedia&parent=5856"}],"wp:term":[{"taxonomy":"category","embeddable":true,"href":"http:\/\/fernwehkinder.de\/index.php?rest_route=%2Fwp%2Fv2%2Fcategories&post=5856"},{"taxonomy":"post_tag","embeddable":true,"href":"http:\/\/fernwehkinder.de\/index.php?rest_route=%2Fwp%2Fv2%2Ftags&post=5856"}],"curies":[{"name":"wp","href":"https:\/\/api.w.org\/{rel}","templated":true}]}}