{"id":6087,"date":"2019-03-30T18:09:15","date_gmt":"2019-03-30T17:09:15","guid":{"rendered":"http:\/\/fernwehkinder.de\/?p=6087"},"modified":"2019-05-16T13:52:07","modified_gmt":"2019-05-16T11:52:07","slug":"rhein-ahr-erft-wanderungen-fuer-die-seele","status":"publish","type":"post","link":"http:\/\/fernwehkinder.de\/?p=6087","title":{"rendered":"Rhein, Ahr, Erft. Wanderungen f\u00fcr die Seele"},"content":{"rendered":"\n<p><em>*Werbung durch Produktbeschreibung*<\/em><\/p>\n\n\n\n<p>Frisch aus der Druckerei, noch nicht im Handel:<\/p>\n\n\n\n<p>Rhein, Ahr, Erft. Wanderungen f\u00fcr die Seele<\/p>\n\n\n\n<p>Das Buch, das ich mit der lieben, zuverl\u00e4ssigen und witzigen Myria Aurora Pribert geschrieben habe.<\/p>\n\n\n\n<p>Es ist sch\u00f6n geworden und ich denke gerne an die lustige gemeinsame Fotorecherche zur\u00fcck.<\/p>\n\n\n\n<p>Danke, Myria.<\/p>\n\n\n\n<p>Und bis bald im Westerwald!<\/p>\n\n\n\n<p><strong><em>Verlosung<\/em><\/strong>: <\/p>\n\n\n\n<p>Die ersten drei Menschen, die mir in einer Mail (nicht im Kommentar, dann m\u00fcssen die anderen ja nur kopieren&#8230;) korrekt erkl\u00e4ren k\u00f6nnen, warum ein Foto meiner Koautorin Myria in Zons ganz in der N\u00e4he des Rheins aufgenommen wurde, bekommen ein Exemplar dieses herrlich entschleunigenden Wanderf\u00fchrers von mir zugeschickt.<\/p>\n\n\n\n<div class=\"wp-block-media-text alignwide has-media-on-the-right\" style=\"grid-template-columns:auto 35%\"><figure class=\"wp-block-media-text__media\"><img loading=\"lazy\" decoding=\"async\" width=\"400\" height=\"600\" src=\"http:\/\/fernwehkinder.de\/wp-content\/uploads\/2019\/03\/DSC1997.jpg\" alt=\"\" class=\"wp-image-6094\" srcset=\"http:\/\/fernwehkinder.de\/wp-content\/uploads\/2019\/03\/DSC1997.jpg 400w, http:\/\/fernwehkinder.de\/wp-content\/uploads\/2019\/03\/DSC1997-200x300.jpg 200w\" sizes=\"auto, (max-width: 400px) 100vw, 400px\" \/><\/figure><div class=\"wp-block-media-text__content\">\n<p>Kleiner Tipp (weil ihr nun schon \u00fcber zwei Wochen vergeblich nach einer L\u00f6sung sucht):<\/p>\n\n\n\n<p>Diese Stelle passt besser zu ihr als zu mir<\/p>\n<\/div><\/div>\n\n\n\n<p><\/p>\n","protected":false},"excerpt":{"rendered":"<p>*Werbung durch Produktbeschreibung* Frisch aus der Druckerei, noch nicht im Handel: Rhein, Ahr, Erft. Wanderungen f\u00fcr die Seele Das Buch, das ich mit&#8230;<\/p>\n","protected":false},"author":1,"featured_media":6088,"comment_status":"open","ping_status":"open","sticky":false,"template":"","format":"standard","meta":{"jetpack_post_was_ever_published":false,"_jetpack_newsletter_access":"","_jetpack_dont_email_post_to_subs":false,"_jetpack_newsletter_tier_id":0,"_jetpack_memberships_contains_paywalled_content":false,"_jetpack_memberships_contains_paid_content":false,"footnotes":""},"categories":[5,181],"tags":[276,11,277,68,299,218,125,40],"class_list":["post-6087","post","type-post","status-publish","format-standard","has-post-thumbnail","hentry","category-buchprojekte","category-fernweh-schreiberin","tag-ahr","tag-eifel","tag-erft","tag-koeln","tag-pribert","tag-rhein","tag-verlosung","tag-wandern"],"jetpack_featured_media_url":"http:\/\/fernwehkinder.de\/wp-content\/uploads\/2019\/03\/9783770020638.jpg","jetpack_sharing_enabled":true,"jetpack-related-posts":[],"jetpack_likes_enabled":true,"_links":{"self":[{"href":"http:\/\/fernwehkinder.de\/index.php?rest_route=\/wp\/v2\/posts\/6087","targetHints":{"allow":["GET"]}}],"collection":[{"href":"http:\/\/fernwehkinder.de\/index.php?rest_route=\/wp\/v2\/posts"}],"about":[{"href":"http:\/\/fernwehkinder.de\/index.php?rest_route=\/wp\/v2\/types\/post"}],"author":[{"embeddable":true,"href":"http:\/\/fernwehkinder.de\/index.php?rest_route=\/wp\/v2\/users\/1"}],"replies":[{"embeddable":true,"href":"http:\/\/fernwehkinder.de\/index.php?rest_route=%2Fwp%2Fv2%2Fcomments&post=6087"}],"version-history":[{"count":1,"href":"http:\/\/fernwehkinder.de\/index.php?rest_route=\/wp\/v2\/posts\/6087\/revisions"}],"predecessor-version":[{"id":6482,"href":"http:\/\/fernwehkinder.de\/index.php?rest_route=\/wp\/v2\/posts\/6087\/revisions\/6482"}],"wp:featuredmedia":[{"embeddable":true,"href":"http:\/\/fernwehkinder.de\/index.php?rest_route=\/wp\/v2\/media\/6088"}],"wp:attachment":[{"href":"http:\/\/fernwehkinder.de\/index.php?rest_route=%2Fwp%2Fv2%2Fmedia&parent=6087"}],"wp:term":[{"taxonomy":"category","embeddable":true,"href":"http:\/\/fernwehkinder.de\/index.php?rest_route=%2Fwp%2Fv2%2Fcategories&post=6087"},{"taxonomy":"post_tag","embeddable":true,"href":"http:\/\/fernwehkinder.de\/index.php?rest_route=%2Fwp%2Fv2%2Ftags&post=6087"}],"curies":[{"name":"wp","href":"https:\/\/api.w.org\/{rel}","templated":true}]}}