{"id":6670,"date":"2019-07-11T22:42:46","date_gmt":"2019-07-11T20:42:46","guid":{"rendered":"http:\/\/fernwehkinder.de\/?p=6670"},"modified":"2019-07-11T22:42:46","modified_gmt":"2019-07-11T20:42:46","slug":"cymru-am-byth","status":"publish","type":"post","link":"http:\/\/fernwehkinder.de\/?p=6670","title":{"rendered":"Cymru am Byth"},"content":{"rendered":"\n<p>Gestern war es so weit. Das Schulfest fand bei trockenem Wetter und bester Laune statt. <\/p>\n\n\n\n<p>Ja, und aus einer Laune heraus war es zu unserem Stand gekommen. Ich hatte mich bei den letzten beiden International Days dar\u00fcber ge\u00e4rgert, dass es nur St\u00e4nde f\u00fcr England und Schottland zu sehen waren. Warum nicht f\u00fcr das Vereinigte K\u00f6nigreich??? Also erkl\u00e4rte ich spontan, dass das so nicht gehen kann und ich beim n\u00e4chsten International Day einen Stand f\u00fcr Wales mache.<\/p>\n\n\n\n<p>Versprechen halte ich \u00fcblicherweise ein. Also meldete ich mich beim Orga-Team f\u00fcr Wales &#8211; fest davon ausgehend, dass ich das Land allein vertrete. Aber falsch gedacht. Es stellte sich heraus, dass eine Lehrerin mit ihren beiden S\u00f6hnen (mit typisch walisischen Namen: Owain &amp; Gwydion) sogar Walisisch als Grundschulfach lehren darf und mich nat\u00fcrlich bei diesem Stand unterst\u00fctzt. Im Laufe der Vorbereitung kamen drei weitere Lehrer hinzu, in deren Adern walisisches Blut flie\u00dft. Mit f\u00fcnf Erwachsenen und f\u00fcnf Kindern z\u00e4hlten wir damit sogar zu den st\u00e4rksten Standbesetzungen.<\/p>\n\n\n\n<p>Es ging lustig zu, denn es gab Welsh Tea, Squash, Welshcakes, Bara Brith und Walisischen Whisky f\u00fcr die Besucher und uns. Dazu auf Tablets die H\u00f6hepunkte der Rugbynationalmannschaft und Quizfragen \u00fcber Wales und Walisisch f\u00fcr Kinder. Aurelia versorgte ihre Freunde und andere Kinder mit Welsh Dragon Tatoos, alle klebten mit meinen original walisischen Schafswolle kleine Schafskarten, malten Regenbogen mit den walisischen Farbnamen und bastelten kleine Walesflaggen.<\/p>\n\n\n\n<p>Offiziell war das Fest um 18 Uhr zuende, erst um 20:30 Uhr waren wir mit Aufr\u00e4umen, Quatschen, Spielen und Zufriedensein so weit mit dem Abbau fertig, dass wir den Heimweg antraten.<\/p>\n\n\n\n<p>Harry, ein Lehrer aus Pembrokeshire, rief immer wieder das walisische Motto &#8222;Cymru am Byth&#8220; und ich kann nur zustimmen. Es bedeutet so viel wie &#8222;Wales auf ewig&#8220; oder &#8222;F\u00fcr immer Wales&#8220;.<\/p>\n\n\n\n<p>Auf diese Weise sind wir perfekt eingestimmt auf unsere Reise.<\/p>\n\n\n\n<p>Morgen fr\u00fch geht es los. Und einige Dinge, die im Rechner im Hintergrund ewig zum Laden ben\u00f6tigen aber vor der Tour noch erledigt werden m\u00fcssen, erm\u00f6glichen es mir, in all dem Abreisechaos trotzdem noch zu bloggen. Und dann lieber \u00fcber ein erfreuliches Schulfest. Denn von unerwartet langen Hunderunden mit Kaninchenjagd, geborstenen Deckenleuchten, langen Wartezeiten beim Tierarzt, geplatzten Milcht\u00fcten, unauffindbaren Rucks\u00e4cken, unwilligen Leergutautomaten und allen weiteren Katastrophen des Tages mag ich mir nicht die gute Laune verderben lassen.<\/p>\n","protected":false},"excerpt":{"rendered":"<p>Gestern war es so weit. Das Schulfest fand bei trockenem Wetter und bester Laune statt. Ja, und aus einer Laune heraus war es&#8230;<\/p>\n","protected":false},"author":1,"featured_media":6671,"comment_status":"open","ping_status":"open","sticky":false,"template":"","format":"standard","meta":{"jetpack_post_was_ever_published":false,"_jetpack_newsletter_access":"","_jetpack_dont_email_post_to_subs":false,"_jetpack_newsletter_tier_id":0,"_jetpack_memberships_contains_paywalled_content":false,"_jetpack_memberships_contains_paid_content":false,"footnotes":""},"categories":[7,3],"tags":[48,198,28,14],"class_list":["post-6670","post","type-post","status-publish","format-standard","has-post-thumbnail","hentry","category-kinder","category-rabenmutter","tag-backen","tag-feiern","tag-schule","tag-wales"],"jetpack_featured_media_url":"http:\/\/fernwehkinder.de\/wp-content\/uploads\/2019\/07\/P7101695.jpg","jetpack_sharing_enabled":true,"jetpack-related-posts":[],"jetpack_likes_enabled":true,"_links":{"self":[{"href":"http:\/\/fernwehkinder.de\/index.php?rest_route=\/wp\/v2\/posts\/6670","targetHints":{"allow":["GET"]}}],"collection":[{"href":"http:\/\/fernwehkinder.de\/index.php?rest_route=\/wp\/v2\/posts"}],"about":[{"href":"http:\/\/fernwehkinder.de\/index.php?rest_route=\/wp\/v2\/types\/post"}],"author":[{"embeddable":true,"href":"http:\/\/fernwehkinder.de\/index.php?rest_route=\/wp\/v2\/users\/1"}],"replies":[{"embeddable":true,"href":"http:\/\/fernwehkinder.de\/index.php?rest_route=%2Fwp%2Fv2%2Fcomments&post=6670"}],"version-history":[{"count":1,"href":"http:\/\/fernwehkinder.de\/index.php?rest_route=\/wp\/v2\/posts\/6670\/revisions"}],"predecessor-version":[{"id":6672,"href":"http:\/\/fernwehkinder.de\/index.php?rest_route=\/wp\/v2\/posts\/6670\/revisions\/6672"}],"wp:featuredmedia":[{"embeddable":true,"href":"http:\/\/fernwehkinder.de\/index.php?rest_route=\/wp\/v2\/media\/6671"}],"wp:attachment":[{"href":"http:\/\/fernwehkinder.de\/index.php?rest_route=%2Fwp%2Fv2%2Fmedia&parent=6670"}],"wp:term":[{"taxonomy":"category","embeddable":true,"href":"http:\/\/fernwehkinder.de\/index.php?rest_route=%2Fwp%2Fv2%2Fcategories&post=6670"},{"taxonomy":"post_tag","embeddable":true,"href":"http:\/\/fernwehkinder.de\/index.php?rest_route=%2Fwp%2Fv2%2Ftags&post=6670"}],"curies":[{"name":"wp","href":"https:\/\/api.w.org\/{rel}","templated":true}]}}