{"id":6888,"date":"2019-12-16T18:59:00","date_gmt":"2019-12-16T17:59:00","guid":{"rendered":"http:\/\/fernwehkinder.de\/?p=6888"},"modified":"2019-12-15T19:30:40","modified_gmt":"2019-12-15T18:30:40","slug":"ein-lob-der-langeweile","status":"publish","type":"post","link":"http:\/\/fernwehkinder.de\/?p=6888","title":{"rendered":"Ein Lob der Langeweile"},"content":{"rendered":"\n<p>Am Freitag war der letzte Schultag meiner Kinder f\u00fcr dieses Jahr. Am Samstag sahen sie die Kinder aus Neles Klasse noch einmal bei einem Waldgeburtstag. <\/p>\n\n\n\n<p>Am Sonntag schrieben wir Weihnachtskarten und k\u00fcmmerten uns um Haus und Garten. Mittags kam bei den Kindern die erste Langeweile auf. Am Nachmittag dann die Frage &#8222;Wann ist denn endlich wieder Schule?&#8220; &#8211; &#8222;\u00c4h, S\u00fc\u00dfe, es ist Sonntag. Du hast doch jeden Samstag und Sonntag frei.&#8220; &#8211; &#8222;Ja, aber das ist sonst nicht so schlimm, weil danach ja wieder Schule ist!&#8220;<\/p>\n\n\n\n<p>Tja, und weil ich wei\u00df, wie kreativ sie werden, wenn sie sich langweilen, habe ich einfach nur den gro\u00dfen Tisch frei ger\u00e4umt und in H\u00f6rweite vor mich hin gesp\u00fclt. Es vergingen keine zehn Minuten und die muffeligen Gesichter waren Geschichte. <\/p>\n\n\n\n<p>Es wurde gemalt und geschnitten, geklebt und gelocht. <\/p>\n\n\n\n<p>W\u00e4hrend verschiedene Kunstwerke trockneten, gab es ein Konzert f\u00fcr Glocke, Rassel und Kochtopf. Einzig geladener Gast: der Hund. <\/p>\n\n\n\n<p>Ich durfte das Zimmer erst betreten, nachdem die Basteleien in Weihnachtspapier verschwunden waren.<\/p>\n\n\n\n<p>Heute begann der Tag mit Malen. Gerade als ich Nele f\u00fcr ihr sch\u00f6nes Gem\u00e4lde loben wollte, legte sie mit den Worten &#8222;Ist noch nicht fertig&#8220; ein zweites Blatt darauf. Hey, prima, das war also noch gar nicht das fertige Werk, sondern &#8222;nur&#8220; die Druckplatte!<\/p>\n\n\n\n<figure class=\"wp-block-gallery columns-2 is-cropped wp-block-gallery-1 is-layout-flex wp-block-gallery-is-layout-flex\"><ul class=\"blocks-gallery-grid\"><li class=\"blocks-gallery-item\"><figure><img loading=\"lazy\" decoding=\"async\" width=\"800\" height=\"533\" src=\"http:\/\/fernwehkinder.de\/wp-content\/uploads\/2019\/12\/PB303218.jpg\" alt=\"\" data-id=\"6889\" data-full-url=\"http:\/\/fernwehkinder.de\/wp-content\/uploads\/2019\/12\/PB303218.jpg\" data-link=\"http:\/\/fernwehkinder.de\/?attachment_id=6889\" class=\"wp-image-6889\" srcset=\"http:\/\/fernwehkinder.de\/wp-content\/uploads\/2019\/12\/PB303218.jpg 800w, http:\/\/fernwehkinder.de\/wp-content\/uploads\/2019\/12\/PB303218-300x200.jpg 300w, http:\/\/fernwehkinder.de\/wp-content\/uploads\/2019\/12\/PB303218-768x512.jpg 768w\" sizes=\"auto, (max-width: 800px) 100vw, 800px\" \/><figcaption class=\"blocks-gallery-item__caption\">vorher&#8230;<\/figcaption><\/figure><\/li><li class=\"blocks-gallery-item\"><figure><img loading=\"lazy\" decoding=\"async\" width=\"400\" height=\"600\" src=\"http:\/\/fernwehkinder.de\/wp-content\/uploads\/2019\/12\/PB303219.jpg\" alt=\"\" data-id=\"6890\" data-full-url=\"http:\/\/fernwehkinder.de\/wp-content\/uploads\/2019\/12\/PB303219.jpg\" data-link=\"http:\/\/fernwehkinder.de\/?attachment_id=6890\" class=\"wp-image-6890\" srcset=\"http:\/\/fernwehkinder.de\/wp-content\/uploads\/2019\/12\/PB303219.jpg 400w, http:\/\/fernwehkinder.de\/wp-content\/uploads\/2019\/12\/PB303219-200x300.jpg 200w\" sizes=\"auto, (max-width: 400px) 100vw, 400px\" \/><figcaption class=\"blocks-gallery-item__caption\">&#8230;nachher<\/figcaption><\/figure><\/li><\/ul><\/figure>\n\n\n\n<p>Aktuell laufen die beiden Kleinen mit der Glocke durch die Wohnung und rufen &#8222;Ho Ho Ho&#8220; und &#8222;Hey, Christkind! Aufgepasst! Der Weihnachtsmann ist da!&#8220; <\/p>\n\n\n\n<p>Und ratet mal, wie der Weihnachtsmann reist: nat\u00fcrlich mit dem Rentierschlitten, hier ein Bild von Rudolph:<\/p>\n\n\n\n<figure class=\"wp-block-image is-style-circle-mask\"><img loading=\"lazy\" decoding=\"async\" width=\"800\" height=\"533\" src=\"http:\/\/fernwehkinder.de\/wp-content\/uploads\/2019\/12\/PB303218-1.jpg\" alt=\"\" class=\"wp-image-6892\" srcset=\"http:\/\/fernwehkinder.de\/wp-content\/uploads\/2019\/12\/PB303218-1.jpg 800w, http:\/\/fernwehkinder.de\/wp-content\/uploads\/2019\/12\/PB303218-1-300x200.jpg 300w, http:\/\/fernwehkinder.de\/wp-content\/uploads\/2019\/12\/PB303218-1-768x512.jpg 768w\" sizes=\"auto, (max-width: 800px) 100vw, 800px\" \/><figcaption>Naja, an der roten Nase arbeiten wir noch, aber die Schleife ist immerhin rot.<\/figcaption><\/figure>\n","protected":false},"excerpt":{"rendered":"<p>Am Freitag war der letzte Schultag meiner Kinder f\u00fcr dieses Jahr. Am Samstag sahen sie die Kinder aus Neles Klasse noch einmal bei&#8230;<\/p>\n","protected":false},"author":1,"featured_media":6889,"comment_status":"open","ping_status":"open","sticky":false,"template":"","format":"standard","meta":{"jetpack_post_was_ever_published":false,"_jetpack_newsletter_access":"","_jetpack_dont_email_post_to_subs":false,"_jetpack_newsletter_tier_id":0,"_jetpack_memberships_contains_paywalled_content":false,"_jetpack_memberships_contains_paid_content":false,"footnotes":""},"categories":[7],"tags":[123],"class_list":["post-6888","post","type-post","status-publish","format-standard","has-post-thumbnail","hentry","category-kinder","tag-kreatives"],"jetpack_featured_media_url":"http:\/\/fernwehkinder.de\/wp-content\/uploads\/2019\/12\/PB303218.jpg","jetpack_sharing_enabled":true,"jetpack-related-posts":[],"jetpack_likes_enabled":true,"_links":{"self":[{"href":"http:\/\/fernwehkinder.de\/index.php?rest_route=\/wp\/v2\/posts\/6888","targetHints":{"allow":["GET"]}}],"collection":[{"href":"http:\/\/fernwehkinder.de\/index.php?rest_route=\/wp\/v2\/posts"}],"about":[{"href":"http:\/\/fernwehkinder.de\/index.php?rest_route=\/wp\/v2\/types\/post"}],"author":[{"embeddable":true,"href":"http:\/\/fernwehkinder.de\/index.php?rest_route=\/wp\/v2\/users\/1"}],"replies":[{"embeddable":true,"href":"http:\/\/fernwehkinder.de\/index.php?rest_route=%2Fwp%2Fv2%2Fcomments&post=6888"}],"version-history":[{"count":1,"href":"http:\/\/fernwehkinder.de\/index.php?rest_route=\/wp\/v2\/posts\/6888\/revisions"}],"predecessor-version":[{"id":6893,"href":"http:\/\/fernwehkinder.de\/index.php?rest_route=\/wp\/v2\/posts\/6888\/revisions\/6893"}],"wp:featuredmedia":[{"embeddable":true,"href":"http:\/\/fernwehkinder.de\/index.php?rest_route=\/wp\/v2\/media\/6889"}],"wp:attachment":[{"href":"http:\/\/fernwehkinder.de\/index.php?rest_route=%2Fwp%2Fv2%2Fmedia&parent=6888"}],"wp:term":[{"taxonomy":"category","embeddable":true,"href":"http:\/\/fernwehkinder.de\/index.php?rest_route=%2Fwp%2Fv2%2Fcategories&post=6888"},{"taxonomy":"post_tag","embeddable":true,"href":"http:\/\/fernwehkinder.de\/index.php?rest_route=%2Fwp%2Fv2%2Ftags&post=6888"}],"curies":[{"name":"wp","href":"https:\/\/api.w.org\/{rel}","templated":true}]}}