{"id":8176,"date":"2020-12-24T21:53:18","date_gmt":"2020-12-24T20:53:18","guid":{"rendered":"http:\/\/fernwehkinder.de\/?p=8176"},"modified":"2020-12-24T21:53:18","modified_gmt":"2020-12-24T20:53:18","slug":"frohes-fest-und-gute-erholung","status":"publish","type":"post","link":"http:\/\/fernwehkinder.de\/?p=8176","title":{"rendered":"Frohes Fest und gute Erholung!"},"content":{"rendered":"\n<p>In diesem Jahr ist alles anders. Sogar Weihnachten. Und das, obwohl wir f\u00fcr die Kinder alles so &#8222;normal&#8220; wie m\u00f6glich gemacht haben. Sogar W\u00fcrstchen und Kartoffelsalat gab es.<\/p>\n\n\n\n<p>Denn im Zusammenhang mit <a href=\"http:\/\/fernwehkinder.de\/?p=8163\">Sherlocks Erben<\/a> habe ich mich vorgestern so weit vor gewagt, dass ich gar nicht mehr sicher sein kann, ob das Feiern eines christlichen Festes nicht vielleicht meiner Reputation schadet, ich die Pr\u00fcfung nicht bestehe und Unschuldige (sind sie wirklich unschuldig?) in Lebensgefahr bringe. Im Zweifel muss dann unsere Atheistin das Team durch den Rest der Ermittlungen f\u00fchren&#8230;<\/p>\n\n\n\n<p>Wir w\u00fcnschen allen, die in diesen Tagen Weihnachten, Hannukah, Wintersonnenwende, Silvester oder Wasauchimmer feiern, ein frohes Fest und gute Erholung von den Alltagsm\u00fchen.<\/p>\n\n\n\n<figure class=\"wp-block-gallery columns-1 is-cropped wp-block-gallery-1 is-layout-flex wp-block-gallery-is-layout-flex\"><ul class=\"blocks-gallery-grid\"><li class=\"blocks-gallery-item\"><figure><img loading=\"lazy\" decoding=\"async\" width=\"1024\" height=\"683\" src=\"http:\/\/fernwehkinder.de\/wp-content\/uploads\/2020\/12\/PC242274.jpg\" alt=\"\" data-id=\"8178\" data-full-url=\"http:\/\/fernwehkinder.de\/wp-content\/uploads\/2020\/12\/PC242274.jpg\" data-link=\"http:\/\/fernwehkinder.de\/?attachment_id=8178\" class=\"wp-image-8178\" srcset=\"http:\/\/fernwehkinder.de\/wp-content\/uploads\/2020\/12\/PC242274.jpg 1024w, http:\/\/fernwehkinder.de\/wp-content\/uploads\/2020\/12\/PC242274-300x200.jpg 300w, http:\/\/fernwehkinder.de\/wp-content\/uploads\/2020\/12\/PC242274-768x512.jpg 768w\" sizes=\"auto, (max-width: 1024px) 100vw, 1024px\" \/><\/figure><\/li><\/ul><\/figure>\n\n\n\n<p>Wer bewusst nichts feiert, dem w\u00fcnsche ich doppelte Erholung und lebenslange Gesundheit. Dies gilt auch f\u00fcr die Menschen, die arbeiten, w\u00e4hrend die anderen feiern.<\/p>\n\n\n\n<p>Ganz besonders denke ich heute aber an die vielen Menschen, die heute und an den folgenden Tagen weder etwas zu feiern, noch etwas zu lachen haben. Noch nie war an diesem Geburtstagsfest f\u00fcr den Sohn Gottes so viel Trauer in mir. Eine gute Freundin begleitet ihren besten Freund durch das Endstadium eines t\u00f6dlichen Krebsleidens. Eine andere Freundin muss nach ihrem zweiten Herzinfarkt die Weihnachtstage allein verbringen. Drei Menschen, die mir nahe stehen, trauern um eine Mutter, einen Onkel und eine Schwester, die alle in dieser Woche an Covid-19 gestorben sind. Ich kenne pers\u00f6nlich vier Menschen, die mit schwerem Verlauf auf der Intensivstation liegen und darf sie (nat\u00fcrlich!) nicht besuchen. Gestern traf ich zuf\u00e4llig einen DRK-Kollegen und Krankenpfleger, der seit unserem letzten Treffen Mitte M\u00e4rz um zehn Jahre gealtert zu sein scheint. Ich lese die Wunschzettel meiner Kinder an das Christkind, auf denen keine Geschenke angefordert werden, sondern um ein schnelles Ende der Pandemie gebeten wird.<\/p>\n\n\n\n<p>Es ist ein nachdenklicher Tag f\u00fcr mich.<\/p>\n","protected":false},"excerpt":{"rendered":"<p>In diesem Jahr ist alles anders. Sogar Weihnachten. Und das, obwohl wir f\u00fcr die Kinder alles so &#8222;normal&#8220; wie m\u00f6glich gemacht haben. Sogar&#8230;<\/p>\n","protected":false},"author":1,"featured_media":8177,"comment_status":"open","ping_status":"open","sticky":false,"template":"","format":"standard","meta":{"jetpack_post_was_ever_published":false,"_jetpack_newsletter_access":"","_jetpack_dont_email_post_to_subs":false,"_jetpack_newsletter_tier_id":0,"_jetpack_memberships_contains_paywalled_content":false,"_jetpack_memberships_contains_paid_content":false,"footnotes":""},"categories":[3],"tags":[339,255,31,12],"class_list":["post-8176","post","type-post","status-publish","format-standard","has-post-thumbnail","hentry","category-rabenmutter","tag-coronazeit","tag-escape-room","tag-trauer","tag-weihnachten"],"jetpack_featured_media_url":"http:\/\/fernwehkinder.de\/wp-content\/uploads\/2020\/12\/PC242273.jpg","jetpack_sharing_enabled":true,"jetpack-related-posts":[],"jetpack_likes_enabled":true,"_links":{"self":[{"href":"http:\/\/fernwehkinder.de\/index.php?rest_route=\/wp\/v2\/posts\/8176","targetHints":{"allow":["GET"]}}],"collection":[{"href":"http:\/\/fernwehkinder.de\/index.php?rest_route=\/wp\/v2\/posts"}],"about":[{"href":"http:\/\/fernwehkinder.de\/index.php?rest_route=\/wp\/v2\/types\/post"}],"author":[{"embeddable":true,"href":"http:\/\/fernwehkinder.de\/index.php?rest_route=\/wp\/v2\/users\/1"}],"replies":[{"embeddable":true,"href":"http:\/\/fernwehkinder.de\/index.php?rest_route=%2Fwp%2Fv2%2Fcomments&post=8176"}],"version-history":[{"count":1,"href":"http:\/\/fernwehkinder.de\/index.php?rest_route=\/wp\/v2\/posts\/8176\/revisions"}],"predecessor-version":[{"id":8179,"href":"http:\/\/fernwehkinder.de\/index.php?rest_route=\/wp\/v2\/posts\/8176\/revisions\/8179"}],"wp:featuredmedia":[{"embeddable":true,"href":"http:\/\/fernwehkinder.de\/index.php?rest_route=\/wp\/v2\/media\/8177"}],"wp:attachment":[{"href":"http:\/\/fernwehkinder.de\/index.php?rest_route=%2Fwp%2Fv2%2Fmedia&parent=8176"}],"wp:term":[{"taxonomy":"category","embeddable":true,"href":"http:\/\/fernwehkinder.de\/index.php?rest_route=%2Fwp%2Fv2%2Fcategories&post=8176"},{"taxonomy":"post_tag","embeddable":true,"href":"http:\/\/fernwehkinder.de\/index.php?rest_route=%2Fwp%2Fv2%2Ftags&post=8176"}],"curies":[{"name":"wp","href":"https:\/\/api.w.org\/{rel}","templated":true}]}}