{"id":8446,"date":"2021-04-07T09:01:00","date_gmt":"2021-04-07T07:01:00","guid":{"rendered":"http:\/\/fernwehkinder.de\/?p=8446"},"modified":"2025-08-31T11:31:32","modified_gmt":"2025-08-31T09:31:32","slug":"premiumwanderweg-eifelsteig","status":"publish","type":"post","link":"http:\/\/fernwehkinder.de\/?p=8446","title":{"rendered":"Premium-Wanderweg Eifelsteig?"},"content":{"rendered":"\n<p>Im Sommer und Herbst 2020, und jetzt wieder seit Februar, standen f\u00fcr mich Recherchen f\u00fcr die 3. Auflage meines Wanderf\u00fchrers \u00fcber den Eifelsteig auf dem Programm. Ich mag diesen Weg und laufe ihn wirklich gerne.<\/p>\n\n\n\n<p>Was mich aber \u00e4rgert, ist der Umstand, dass er aktuell in keinem guten Zustand ist und von den im Wald arbeitenden und wandernden Menschen wohl als <strong>Premium<\/strong>-Wanderweg nicht wahr- oder ernst genommen wird.<\/p>\n\n\n\n<p>Dass allerorts Markierungen fehlen und Proviantverpackungsm\u00fcll herumliegt, f\u00fchre ich auf die Menschenmassen zur\u00fcck, die sich pandemiebedingt durch den Wald schieben und nicht wissen, wie man sich auf einem Fernwanderweg benimmt.<\/p>\n\n\n\n<p>Aber auch die Waldarbeiter, die das ja schon l\u00e4nger machen, werden nachl\u00e4ssig: Unfassbar viele Umleitungen lie\u00dfen mich auf dem Eifelsteig immer wieder vor Flatterband, Bauz\u00e4une oder riesige Transparente laufen. Das w\u00e4re vollkommen in Ordnung, wenn mir genau an dieser Stelle eine Umleitung angeboten w\u00fcrde. Das war aber leider in den meisten F\u00e4llen Fehlanzeige.<\/p>\n\n\n\n<p>Was bringt dem Wanderer denn eine Umleitung, die entweder gar nicht oder viel zu sp\u00e4t ausgeschildert ist?<\/p>\n\n\n\n<p>Was ist denn daran Premium-Wanderweg, wenn ich bei Tageskilometer 11,2 erfahre, dass ich bei Tageskilometer 8,9 rechts abbiegen musste, weil hier ein Streckenabschnitt gesperrt ist? <\/p>\n\n\n\n<p>Kein Einzelfall! <\/p>\n\n\n\n<p>Konkrete Beispiele gef\u00e4llig?<\/p>\n\n\n\n<p><strong>Kategorie 1 &#8222;Der Wanderer dankt&#8220;<\/strong>: Zwischen der Deimlinger M\u00fchle und Kordel f\u00fchrt der Eifelsteig mehrfach vom Kyllradweg rechts den Hang hinauf. Am letzten Aufstieg wird dem Wanderer erkl\u00e4rt, warum der Weg gesperrt ist, auf einer topografischen Karte die Umleitung gezeigt und dann auch noch erl\u00e4utert, um wie viele Kilometer sich die Wegl\u00e4nge nun verk\u00fcrzt.<\/p>\n\n\n\n<figure class=\"wp-block-gallery has-nested-images columns-default is-cropped wp-block-gallery-1 is-layout-flex wp-block-gallery-is-layout-flex\">\n<figure class=\"wp-block-image size-large\"><img loading=\"lazy\" decoding=\"async\" width=\"512\" height=\"768\" data-id=\"8475\" src=\"http:\/\/fernwehkinder.de\/wp-content\/uploads\/2021\/04\/DSC_0440-Kopie.jpg\" alt=\"\" class=\"wp-image-8475\" srcset=\"http:\/\/fernwehkinder.de\/wp-content\/uploads\/2021\/04\/DSC_0440-Kopie.jpg 512w, http:\/\/fernwehkinder.de\/wp-content\/uploads\/2021\/04\/DSC_0440-Kopie-200x300.jpg 200w\" sizes=\"auto, (max-width: 512px) 100vw, 512px\" \/><\/figure>\n\n\n\n<figure class=\"wp-block-image size-large\"><img loading=\"lazy\" decoding=\"async\" width=\"1024\" height=\"683\" data-id=\"8476\" src=\"http:\/\/fernwehkinder.de\/wp-content\/uploads\/2021\/04\/DSC_0442-Kopie.jpg\" alt=\"\" class=\"wp-image-8476\" srcset=\"http:\/\/fernwehkinder.de\/wp-content\/uploads\/2021\/04\/DSC_0442-Kopie.jpg 1024w, http:\/\/fernwehkinder.de\/wp-content\/uploads\/2021\/04\/DSC_0442-Kopie-300x200.jpg 300w, http:\/\/fernwehkinder.de\/wp-content\/uploads\/2021\/04\/DSC_0442-Kopie-768x512.jpg 768w\" sizes=\"auto, (max-width: 1024px) 100vw, 1024px\" \/><\/figure>\n<\/figure>\n\n\n\n<p><strong>Kategorie 2 &#8222;Der Wanderer flucht&#8220;:<\/strong> Im Struffelt erfahre ich erst an der Sperrung, dass die Holzstege gesperrt sind und ich bereits 1 km vorher h\u00e4tte rechts abbiegen m\u00fcssen. Bei Ramstein l\u00e4sst man mich erst ahnungslos vom Wanderparkplatz am Butzerbach bis zur Silvesterh\u00f6hle laufen, um mir dann zu verraten, dass der Pfad durch das Butzerbachtal gesperrt ist und ich schon am Wanderparkplatz h\u00e4tte links abbiegen k\u00f6nnen &#8211; und 2,8 km gespart h\u00e4tte, wenn ich denn an dieser Stelle schon gewusst h\u00e4tte, dass ich nicht durchs Tal komme.<\/p>\n\n\n\n<figure class=\"wp-block-gallery has-nested-images columns-default is-cropped wp-block-gallery-2 is-layout-flex wp-block-gallery-is-layout-flex\">\n<figure class=\"wp-block-image size-large\"><img loading=\"lazy\" decoding=\"async\" width=\"1024\" height=\"683\" data-id=\"8478\" src=\"http:\/\/fernwehkinder.de\/wp-content\/uploads\/2021\/04\/DSC_0999-Kopie.jpg\" alt=\"\" class=\"wp-image-8478\" srcset=\"http:\/\/fernwehkinder.de\/wp-content\/uploads\/2021\/04\/DSC_0999-Kopie.jpg 1024w, http:\/\/fernwehkinder.de\/wp-content\/uploads\/2021\/04\/DSC_0999-Kopie-300x200.jpg 300w, http:\/\/fernwehkinder.de\/wp-content\/uploads\/2021\/04\/DSC_0999-Kopie-768x512.jpg 768w\" sizes=\"auto, (max-width: 1024px) 100vw, 1024px\" \/><figcaption class=\"wp-element-caption\">Hier geht es nicht weiter<\/figcaption><\/figure>\n\n\n\n<figure class=\"wp-block-image size-large\"><img loading=\"lazy\" decoding=\"async\" width=\"512\" height=\"768\" data-id=\"8473\" src=\"http:\/\/fernwehkinder.de\/wp-content\/uploads\/2021\/04\/DSC_0006-Kopie.jpg\" alt=\"\" class=\"wp-image-8473\" srcset=\"http:\/\/fernwehkinder.de\/wp-content\/uploads\/2021\/04\/DSC_0006-Kopie.jpg 512w, http:\/\/fernwehkinder.de\/wp-content\/uploads\/2021\/04\/DSC_0006-Kopie-200x300.jpg 200w\" sizes=\"auto, (max-width: 512px) 100vw, 512px\" \/><figcaption class=\"wp-element-caption\">Das w\u00e4re mein Weg gewesen<\/figcaption><\/figure>\n<\/figure>\n\n\n\n<p><strong>Kategorie 3 &#8222;Der Wanderer verliert die Nerven&#8220;<\/strong>: Ich wandere an einem sonnigen M\u00e4rztag sch\u00f6n im Schlenderschritt durch den Wald zwischen Gerolstein und Neroth. Hinter der Dietzenley werde ich von drei gemischten Paaren, einem M\u00e4nner-Duo, einem M\u00e4nner-Trio und einer laut schratelnden Gruppe von Wanderstockstocherinnen \u00fcberholt. Ich halte einen netten Plausch mit den Bewohnern eines Forsthauses, die sich \u00fcber die Unvernunft vieler Wanderer wundern, die sich bei Windbruch, Schneebruch und Forstarbeiten in Lebensgefahr begeben. Als ich weiter gehe, sto\u00dfe ich nach 5 Minuten auf einen gesperrten Weg. Ein P\u00e4rchen picknickt vor der Sperrung und studiert die Karte. Die drei M\u00e4nner vergleichen ihre Kartenapps auf den Smartphones, die Walkerinnen stehen hilflos diskutierend da. Vom Rest fehlt jede Spur, aber das Paar berichtet, dass die alle einfach durchgegangen sind. Die M\u00e4nner entscheiden, es auch zu wagen. Das Paar und die Frauen stehen ratlos da. Die einen haben keine Lust auf einen Umweg von &#8211; gesch\u00e4tzten &#8211; vier Kilometern, die anderen gar nicht erst einmal eine Karte, mit deren Hilfe sie einen Umweg laufen k\u00f6nnten. Das Paar entscheidet sich dann doch f\u00fcr eine nicht verbotene Strecke am Standort\u00fcbungsplatz entlang \u00fcber die Landstra\u00dfe. Die Frauen wandern zur\u00fcck und lassen sich von zwei ihrer Ehem\u00e4nner am Forsthaus abholen. Mir selbst wird eine eigene Entscheidung abgenommen, denn w\u00e4hrend ich da so sitze und meine Stulle esse, h\u00e4lt neben mir ein Schlepper und der Fahrer bietet mir eine Mitfahrt au\u00dfen herum auf die andere Seite des Waldes und der Sperrung an. Vielen Dank!<\/p>\n\n\n\n<figure class=\"wp-block-gallery has-nested-images columns-default is-cropped wp-block-gallery-3 is-layout-flex wp-block-gallery-is-layout-flex\">\n<figure class=\"wp-block-image size-large\"><img loading=\"lazy\" decoding=\"async\" width=\"768\" height=\"768\" data-id=\"8462\" src=\"http:\/\/fernwehkinder.de\/wp-content\/uploads\/2021\/04\/IMG_20210401_123920_006.jpg\" alt=\"\" class=\"wp-image-8462\" srcset=\"http:\/\/fernwehkinder.de\/wp-content\/uploads\/2021\/04\/IMG_20210401_123920_006.jpg 768w, http:\/\/fernwehkinder.de\/wp-content\/uploads\/2021\/04\/IMG_20210401_123920_006-300x300.jpg 300w, http:\/\/fernwehkinder.de\/wp-content\/uploads\/2021\/04\/IMG_20210401_123920_006-200x200.jpg 200w, http:\/\/fernwehkinder.de\/wp-content\/uploads\/2021\/04\/IMG_20210401_123920_006-600x600.jpg 600w\" sizes=\"auto, (max-width: 768px) 100vw, 768px\" \/><figcaption class=\"wp-element-caption\">Sperrung ohne Umleitung<\/figcaption><\/figure>\n<\/figure>\n\n\n\n<p>Ich musste auf den bislang recherchierten 280 km ganze 14 Male vom Weg abweichen. Dabei waren <\/p>\n\n\n\n<ul class=\"wp-block-list\">\n<li>4 Umleitungen rechtzeitig<\/li>\n\n\n\n<li>1 Umleitung zwar rechtzeitig, aber in 2,8 m H\u00f6he nur mit R\u00e4uberleiter oder Fernglas lesbar<\/li>\n\n\n\n<li>7 Umleitungen zu sp\u00e4t oder falsch ausgeschildert. <\/li>\n\n\n\n<li>2 x lie\u00df man die Wanderer ohne jede Umleitung einfach im Wald stehen<\/li>\n<\/ul>\n\n\n\n<p>Zum Teil war man bei den Umleitungen sogar so \u00fcbervorsichtig, dass es albern wirkte und schilderte sogar eine Umleitung am Zaun entlang aus, bei der sich Weg und Umweg nur um ein bis zwei Meter unterschieden.<\/p>\n\n\n\n<figure class=\"wp-block-gallery has-nested-images columns-default is-cropped wp-block-gallery-4 is-layout-flex wp-block-gallery-is-layout-flex\">\n<figure class=\"wp-block-image size-large\"><img loading=\"lazy\" decoding=\"async\" width=\"1024\" height=\"683\" data-id=\"8474\" src=\"http:\/\/fernwehkinder.de\/wp-content\/uploads\/2021\/04\/DSC_0362-Kopie.jpg\" alt=\"\" class=\"wp-image-8474\" srcset=\"http:\/\/fernwehkinder.de\/wp-content\/uploads\/2021\/04\/DSC_0362-Kopie.jpg 1024w, http:\/\/fernwehkinder.de\/wp-content\/uploads\/2021\/04\/DSC_0362-Kopie-300x200.jpg 300w, http:\/\/fernwehkinder.de\/wp-content\/uploads\/2021\/04\/DSC_0362-Kopie-768x512.jpg 768w\" sizes=\"auto, (max-width: 1024px) 100vw, 1024px\" \/><\/figure>\n<\/figure>\n\n\n\n<p>Wenn andererseits Umwege von 2, 4 oder mehr Kilometern falsch\/nicht ausgeschildert sind, f\u00fchlt der Wanderer sich dabei schon fast ver\u00e4ppelt. <\/p>\n\n\n\n<p>F\u00fcr mich als Ortskundige ist das nur \u00e4rgerlich, weil ich wieder zur\u00fcck oder einen gro\u00dfen Umweg gehen muss &#8211;  und diese Wegabschnitte nochmal f\u00fcrs Buch ablaufen muss und keine Ahnung habe, wann mit einer \u00d6ffnung zu rechnen ist. <\/p>\n\n\n\n<p>Aber Ortsunkundige sind ziemlich aufgeschmissen. Was sollen sie tun, wenn sie vor einer solchen Sperrung stehen? Die meisten Wanderkarten zum Eifelsteig sind so genannte Strip-Maps, die nur einen schmalen Korridor rechts und links des Wegs darstellen. Die Karten in den Wanderf\u00fchrern sind ebenso eng geschnitten. <\/p>\n\n\n\n<p>Von den Wanderern, die oft von weit her von diesem Premium (!) Wanderweg angelockt wurden, wird doch hier nicht ernsthaft erwartet, dass sie den ganzen Weg wieder umkehren, ohne zu wissen, wo sie stattdessen weitergehen sollen. Aber andererseits wollen sie sich auch keiner Lebensgefahr durch fallende B\u00e4ume aussetzen.<\/p>\n\n\n\n<p>Und nein! Das l\u00e4sst sich auch nicht mit &#8222;ja, an einem st\u00fcrmischen Tag h\u00e4tten sie diese Etappe ja auch nicht gefahrlos wandern k\u00f6nnen&#8220; abgetan werden. Ein Sturm ist schon am Vortag oder sp\u00e4testens beim Start zur Tagesetappe \u00fcber Wettervorhersage, Wetter-App, guten Rat der Gastleute oder eigenen Blick in den Himmel absehbar. Eine Wegsperrung mitten im Wald aber nicht!<\/p>\n\n\n\n<p>Wenn diese Sperrung dann wenigstens den Eifelsteig-Verantwortlichen bekannt gemacht worden w\u00e4re, damit sie es auf ihrer Seite unter <a href=\"https:\/\/www.eifelsteig.de\/aktuelles\/umleitungen\">www.eifelsteig.de <\/a>&#8211; Aktuelles &#8211; Sperrungen angeben k\u00f6nnten, w\u00e4re ja auch etwas gewonnen. Das k\u00f6nnten dann zumindest diejenigen Wanderer nachlesen, die mit mobilem Internet unterwegs sind. Aber auch das war nur bei drei der insgesamt 14 Umwege der Fall. Bei dem Umweg vor Kordel war auf der Eifelsteig-Seite eine andere Umleitung angegeben, als unmittelbar am Weg&#8230;<\/p>\n\n\n\n<p>Armer Eifelsteig.<\/p>\n","protected":false},"excerpt":{"rendered":"<p>Im Sommer und Herbst 2020, und jetzt wieder seit Februar, standen f\u00fcr mich Recherchen f\u00fcr die 3. Auflage meines Wanderf\u00fchrers \u00fcber den Eifelsteig&#8230;<\/p>\n","protected":false},"author":1,"featured_media":8477,"comment_status":"open","ping_status":"open","sticky":false,"template":"","format":"standard","meta":{"jetpack_post_was_ever_published":false,"_jetpack_newsletter_access":"","_jetpack_dont_email_post_to_subs":false,"_jetpack_newsletter_tier_id":0,"_jetpack_memberships_contains_paywalled_content":false,"_jetpack_memberships_contains_paid_content":false,"footnotes":""},"categories":[181,4],"tags":[11,365,40],"class_list":["post-8446","post","type-post","status-publish","format-standard","has-post-thumbnail","hentry","category-fernweh-schreiberin","category-recherchetour","tag-eifel","tag-eifelsteig","tag-wandern"],"jetpack_featured_media_url":"http:\/\/fernwehkinder.de\/wp-content\/uploads\/2021\/04\/DSC_0582-Kopie.jpg","jetpack_sharing_enabled":true,"jetpack-related-posts":[],"jetpack_likes_enabled":true,"_links":{"self":[{"href":"http:\/\/fernwehkinder.de\/index.php?rest_route=\/wp\/v2\/posts\/8446","targetHints":{"allow":["GET"]}}],"collection":[{"href":"http:\/\/fernwehkinder.de\/index.php?rest_route=\/wp\/v2\/posts"}],"about":[{"href":"http:\/\/fernwehkinder.de\/index.php?rest_route=\/wp\/v2\/types\/post"}],"author":[{"embeddable":true,"href":"http:\/\/fernwehkinder.de\/index.php?rest_route=\/wp\/v2\/users\/1"}],"replies":[{"embeddable":true,"href":"http:\/\/fernwehkinder.de\/index.php?rest_route=%2Fwp%2Fv2%2Fcomments&post=8446"}],"version-history":[{"count":6,"href":"http:\/\/fernwehkinder.de\/index.php?rest_route=\/wp\/v2\/posts\/8446\/revisions"}],"predecessor-version":[{"id":11352,"href":"http:\/\/fernwehkinder.de\/index.php?rest_route=\/wp\/v2\/posts\/8446\/revisions\/11352"}],"wp:featuredmedia":[{"embeddable":true,"href":"http:\/\/fernwehkinder.de\/index.php?rest_route=\/wp\/v2\/media\/8477"}],"wp:attachment":[{"href":"http:\/\/fernwehkinder.de\/index.php?rest_route=%2Fwp%2Fv2%2Fmedia&parent=8446"}],"wp:term":[{"taxonomy":"category","embeddable":true,"href":"http:\/\/fernwehkinder.de\/index.php?rest_route=%2Fwp%2Fv2%2Fcategories&post=8446"},{"taxonomy":"post_tag","embeddable":true,"href":"http:\/\/fernwehkinder.de\/index.php?rest_route=%2Fwp%2Fv2%2Ftags&post=8446"}],"curies":[{"name":"wp","href":"https:\/\/api.w.org\/{rel}","templated":true}]}}