{"id":11297,"date":"2024-04-19T19:34:26","date_gmt":"2024-04-19T17:34:26","guid":{"rendered":"http:\/\/fernwehkinder.de\/?p=11297"},"modified":"2025-08-31T12:32:59","modified_gmt":"2025-08-31T10:32:59","slug":"frueher-fertig-als-angekuendigt-meine-britische-bucket-liste","status":"publish","type":"post","link":"https:\/\/fernwehkinder.de\/?p=11297","title":{"rendered":"Meine britische Bucket Liste"},"content":{"rendered":"\n<p>Eigentlich hatte der Droste-Verlag* das Buch f\u00fcr Mai angek\u00fcndigt. Doch am Mittwoch lag schon das Paket mit den Belegexemplaren auf der Fu\u00dfmatte.<\/p>\n\n\n\n<p>Sch\u00f6n ist es geworden. Wir haben es ganz begeistert durchgebl\u00e4ttert und viele Erinnerungen ausgetauscht. Wei\u00dft du noch, &#8230;<\/p>\n\n\n\n<ul class=\"wp-block-list\">\n<li>&#8230; da ist Silke mit mir zur\u00fcck gegangen, weil wir nicht ins Meer geweht werden wollten.<\/li>\n\n\n\n<li>&#8230; wir durften abends auf dem Shetlandpony ohne Sattel reiten!<\/li>\n\n\n\n<li>&#8230; da haben wir die Trenntoilette zusammengebaut, w\u00e4hrend ihr auf den Berg gestiegen seid.<\/li>\n\n\n\n<li>&#8230; du bist bei der Tour in einen riesigen Kuhfladen getreten!<\/li>\n\n\n\n<li>&#8230; wie der kleine Puffin extra f\u00fcr uns auf dem Fels hin und her geh\u00fcpft ist?<\/li>\n\n\n\n<li>&#8230; da hat doch das Schaf dem Engl\u00e4nder das Tuna-Mayonaise-Sandwich geklaut!<\/li>\n<\/ul>\n\n\n\n<figure class=\"wp-block-image size-large\"><img loading=\"lazy\" decoding=\"async\" width=\"1024\" height=\"405\" src=\"http:\/\/fernwehkinder.de\/wp-content\/uploads\/2024\/04\/9783770025336_innenansicht_01-1024x405.jpg\" alt=\"\" class=\"wp-image-11302\" srcset=\"https:\/\/fernwehkinder.de\/wp-content\/uploads\/2024\/04\/9783770025336_innenansicht_01-1024x405.jpg 1024w, https:\/\/fernwehkinder.de\/wp-content\/uploads\/2024\/04\/9783770025336_innenansicht_01-300x119.jpg 300w, https:\/\/fernwehkinder.de\/wp-content\/uploads\/2024\/04\/9783770025336_innenansicht_01-768x304.jpg 768w, https:\/\/fernwehkinder.de\/wp-content\/uploads\/2024\/04\/9783770025336_innenansicht_01-1536x608.jpg 1536w, https:\/\/fernwehkinder.de\/wp-content\/uploads\/2024\/04\/9783770025336_innenansicht_01-2048x811.jpg 2048w\" sizes=\"auto, (max-width: 1024px) 100vw, 1024px\" \/><figcaption class=\"wp-element-caption\">Das ist die Karte der Startpunkte &#8230;<\/figcaption><\/figure>\n\n\n\n<figure class=\"wp-block-image size-large\"><img loading=\"lazy\" decoding=\"async\" width=\"1024\" height=\"774\" src=\"http:\/\/fernwehkinder.de\/wp-content\/uploads\/2024\/04\/Herunterladen-e1713547083566-1024x774.png\" alt=\"\" class=\"wp-image-11298\" srcset=\"https:\/\/fernwehkinder.de\/wp-content\/uploads\/2024\/04\/Herunterladen-e1713547083566-1024x774.png 1024w, https:\/\/fernwehkinder.de\/wp-content\/uploads\/2024\/04\/Herunterladen-e1713547083566-300x227.png 300w, https:\/\/fernwehkinder.de\/wp-content\/uploads\/2024\/04\/Herunterladen-e1713547083566-768x580.png 768w, https:\/\/fernwehkinder.de\/wp-content\/uploads\/2024\/04\/Herunterladen-e1713547083566-1536x1161.png 1536w, https:\/\/fernwehkinder.de\/wp-content\/uploads\/2024\/04\/Herunterladen-e1713547083566.png 1805w\" sizes=\"auto, (max-width: 1024px) 100vw, 1024px\" \/><figcaption class=\"wp-element-caption\">&#8230; und das ist der Inhalt<\/figcaption><\/figure>\n\n\n\n<p>Bevor ihr fragt: Nein, wir sind in den Sommerferien NICHT alle im Buch enthaltenen Wanderungen gelaufen. Allein f\u00fcr die Touren 20 und 28 sollten je drei Monate Wanderzeit eingeplant werden. Au\u00dferdem war ich im letzten Sommer noch so long-covid-schlapp, dass ich nach 12-15 km mein Tageslimit erreicht hatte.<\/p>\n\n\n\n<p>Vielmehr ist das tats\u00e4chlich meine Bucket Liste f\u00fcr die Britischen Inseln. Also eine Aufz\u00e4hlung der Touren, die ich gerne noch bzw. nochmal wandern w\u00fcrde, bevor ich sterbe. Naja, zumindest der Anfang meiner Liste, denn in Schottland, Wales und dem Lake-Distrikt k\u00f6nnte ich problemlos eine eigenst\u00e4ndige 30-Touren-Liste anlegen, ohne beim Aufz\u00e4hlen ins Stocken zu kommen. Auch vom Dartmoor und Irland war ich angenehm \u00fcberrascht und w\u00fcrde gerne noch einmal zur\u00fcck kommen.<\/p>\n\n\n\n<p>Hach, Fernwehanfall!<\/p>\n\n\n\n<p><\/p>\n\n\n\n<p>*Werbung? Ja, sicher! Ich m\u00f6chte ja, dass ihr wisst, welcher Verlag meine Wandertr\u00e4ume unterst\u00fctzt.<\/p>\n","protected":false},"excerpt":{"rendered":"<p>Eigentlich hatte der Droste-Verlag* das Buch f\u00fcr Mai angek\u00fcndigt. Doch am Mittwoch lag schon das Paket mit den Belegexemplaren auf der Fu\u00dfmatte. Sch\u00f6n&#8230;<\/p>\n","protected":false},"author":1,"featured_media":11304,"comment_status":"open","ping_status":"open","sticky":false,"template":"","format":"standard","meta":{"jetpack_post_was_ever_published":false,"_jetpack_newsletter_access":"","_jetpack_dont_email_post_to_subs":false,"_jetpack_newsletter_tier_id":0,"_jetpack_memberships_contains_paywalled_content":false,"_jetpack_memberships_contains_paid_content":false,"footnotes":""},"categories":[5],"tags":[404,253,185,399,130,398,400,273,401,14],"class_list":["post-11297","post","type-post","status-publish","format-standard","has-post-thumbnail","hentry","category-buchprojekte","tag-bucket-list","tag-droste-verlag","tag-england","tag-irland","tag-listen","tag-nordirland","tag-orkneys","tag-schottland","tag-shetlands","tag-wales"],"jetpack_featured_media_url":"https:\/\/fernwehkinder.de\/wp-content\/uploads\/2024\/04\/Herunterladen-4-e1713547970357.png","jetpack_sharing_enabled":true,"jetpack-related-posts":[],"jetpack_likes_enabled":true,"_links":{"self":[{"href":"https:\/\/fernwehkinder.de\/index.php?rest_route=\/wp\/v2\/posts\/11297","targetHints":{"allow":["GET"]}}],"collection":[{"href":"https:\/\/fernwehkinder.de\/index.php?rest_route=\/wp\/v2\/posts"}],"about":[{"href":"https:\/\/fernwehkinder.de\/index.php?rest_route=\/wp\/v2\/types\/post"}],"author":[{"embeddable":true,"href":"https:\/\/fernwehkinder.de\/index.php?rest_route=\/wp\/v2\/users\/1"}],"replies":[{"embeddable":true,"href":"https:\/\/fernwehkinder.de\/index.php?rest_route=%2Fwp%2Fv2%2Fcomments&post=11297"}],"version-history":[{"count":3,"href":"https:\/\/fernwehkinder.de\/index.php?rest_route=\/wp\/v2\/posts\/11297\/revisions"}],"predecessor-version":[{"id":11363,"href":"https:\/\/fernwehkinder.de\/index.php?rest_route=\/wp\/v2\/posts\/11297\/revisions\/11363"}],"wp:featuredmedia":[{"embeddable":true,"href":"https:\/\/fernwehkinder.de\/index.php?rest_route=\/wp\/v2\/media\/11304"}],"wp:attachment":[{"href":"https:\/\/fernwehkinder.de\/index.php?rest_route=%2Fwp%2Fv2%2Fmedia&parent=11297"}],"wp:term":[{"taxonomy":"category","embeddable":true,"href":"https:\/\/fernwehkinder.de\/index.php?rest_route=%2Fwp%2Fv2%2Fcategories&post=11297"},{"taxonomy":"post_tag","embeddable":true,"href":"https:\/\/fernwehkinder.de\/index.php?rest_route=%2Fwp%2Fv2%2Ftags&post=11297"}],"curies":[{"name":"wp","href":"https:\/\/api.w.org\/{rel}","templated":true}]}}