{"id":11311,"date":"2024-05-10T07:12:46","date_gmt":"2024-05-10T05:12:46","guid":{"rendered":"http:\/\/fernwehkinder.de\/?p=11311"},"modified":"2025-08-09T12:53:10","modified_gmt":"2025-08-09T10:53:10","slug":"nacktschnecken","status":"publish","type":"post","link":"https:\/\/fernwehkinder.de\/?p=11311","title":{"rendered":"Nackte Schnecken"},"content":{"rendered":"\n<figure class=\"wp-block-image size-large\"><img loading=\"lazy\" decoding=\"async\" width=\"1024\" height=\"768\" src=\"http:\/\/fernwehkinder.de\/wp-content\/uploads\/2024\/05\/20240504_172618-1024x768.jpg\" alt=\"\" class=\"wp-image-11313\" srcset=\"https:\/\/fernwehkinder.de\/wp-content\/uploads\/2024\/05\/20240504_172618-1024x768.jpg 1024w, https:\/\/fernwehkinder.de\/wp-content\/uploads\/2024\/05\/20240504_172618-300x225.jpg 300w, https:\/\/fernwehkinder.de\/wp-content\/uploads\/2024\/05\/20240504_172618-768x576.jpg 768w, https:\/\/fernwehkinder.de\/wp-content\/uploads\/2024\/05\/20240504_172618-1536x1152.jpg 1536w, https:\/\/fernwehkinder.de\/wp-content\/uploads\/2024\/05\/20240504_172618-2048x1536.jpg 2048w\" sizes=\"auto, (max-width: 1024px) 100vw, 1024px\" \/><\/figure>\n\n\n\n<p>Lets go wild! <\/p>\n\n\n\n<p>Letztes Wochenende habe ich im Wald \u00fcbernachtet. Das kannte ich bislang nur im Zelt und im Biwaksack. Diesmal sollte es eine Tarpnacht werden.<\/p>\n\n\n\n<figure class=\"wp-block-gallery has-nested-images columns-default is-cropped wp-block-gallery-1 is-layout-flex wp-block-gallery-is-layout-flex\">\n<figure class=\"wp-block-image size-large\"><img loading=\"lazy\" decoding=\"async\" width=\"768\" height=\"1024\" data-id=\"11315\" src=\"http:\/\/fernwehkinder.de\/wp-content\/uploads\/2024\/05\/20240504_210308-768x1024.jpg\" alt=\"\" class=\"wp-image-11315\" srcset=\"https:\/\/fernwehkinder.de\/wp-content\/uploads\/2024\/05\/20240504_210308-768x1024.jpg 768w, https:\/\/fernwehkinder.de\/wp-content\/uploads\/2024\/05\/20240504_210308-225x300.jpg 225w, https:\/\/fernwehkinder.de\/wp-content\/uploads\/2024\/05\/20240504_210308-1152x1536.jpg 1152w, https:\/\/fernwehkinder.de\/wp-content\/uploads\/2024\/05\/20240504_210308-1536x2048.jpg 1536w, https:\/\/fernwehkinder.de\/wp-content\/uploads\/2024\/05\/20240504_210308-scaled.jpg 1920w\" sizes=\"auto, (max-width: 768px) 100vw, 768px\" \/><\/figure>\n\n\n\n<figure class=\"wp-block-image size-large\"><img loading=\"lazy\" decoding=\"async\" width=\"1024\" height=\"768\" data-id=\"11314\" src=\"http:\/\/fernwehkinder.de\/wp-content\/uploads\/2024\/05\/20240505_071146-1024x768.jpg\" alt=\"\" class=\"wp-image-11314\" srcset=\"https:\/\/fernwehkinder.de\/wp-content\/uploads\/2024\/05\/20240505_071146-1024x768.jpg 1024w, https:\/\/fernwehkinder.de\/wp-content\/uploads\/2024\/05\/20240505_071146-300x225.jpg 300w, https:\/\/fernwehkinder.de\/wp-content\/uploads\/2024\/05\/20240505_071146-768x576.jpg 768w, https:\/\/fernwehkinder.de\/wp-content\/uploads\/2024\/05\/20240505_071146-1536x1152.jpg 1536w, https:\/\/fernwehkinder.de\/wp-content\/uploads\/2024\/05\/20240505_071146-2048x1536.jpg 2048w\" sizes=\"auto, (max-width: 1024px) 100vw, 1024px\" \/><\/figure>\n\n\n\n<figure class=\"wp-block-image size-large\"><img loading=\"lazy\" decoding=\"async\" width=\"1024\" height=\"768\" data-id=\"11316\" src=\"http:\/\/fernwehkinder.de\/wp-content\/uploads\/2024\/05\/20240505_071133-1024x768.jpg\" alt=\"\" class=\"wp-image-11316\" srcset=\"https:\/\/fernwehkinder.de\/wp-content\/uploads\/2024\/05\/20240505_071133-1024x768.jpg 1024w, https:\/\/fernwehkinder.de\/wp-content\/uploads\/2024\/05\/20240505_071133-300x225.jpg 300w, https:\/\/fernwehkinder.de\/wp-content\/uploads\/2024\/05\/20240505_071133-768x576.jpg 768w, https:\/\/fernwehkinder.de\/wp-content\/uploads\/2024\/05\/20240505_071133-1536x1152.jpg 1536w, https:\/\/fernwehkinder.de\/wp-content\/uploads\/2024\/05\/20240505_071133-2048x1536.jpg 2048w\" sizes=\"auto, (max-width: 1024px) 100vw, 1024px\" \/><\/figure>\n<\/figure>\n\n\n\n<p>Uns war nicht ganz wohl, aber aus unterschiedlichen Gr\u00fcnden. Wir sprachen  \u00fcber Zecken, Spinnen und Ameisen. Auch die prognostizierte Nachttemperatur von 3-4 Grad wurde diskutiert. Wolfsichtungen in 9 bzw. 3 km Entfernung lie\u00dfen uns alle nicht kalt. Doch meine Gedanken kreisten eigentlich nur um eins: die Nacktschnecke.<\/p>\n\n\n\n<p>Als Segelhelferin in Guidel habe ich mit diesen Tieren meine Erfahrungen gemacht: Zum Abschluss einer Segelfreizeit segelten wir mit den Sch\u00fclern in den Sonnenuntergang und \u00fcbernachteten unter freiem Himmel auf einer Wiese. Als wir aufwachten, waren wir \u00fcber und \u00fcber mit Schnecken bedeckt. Sie waren \u00fcberall, sogar im Schlafsack, in den Schuhen, in den Haaren und im Gesicht. Eigentlich w\u00e4re mir danach gewesen, vollkommen hysterisch zu kreischen. Aber das machten ja schon die Teenies,  die ich betreuen und beruhigen sollte. Der Horror vor diesen Tieren blieb seither tief in mir.<\/p>\n\n\n\n<p>Mit dieser Angst im Nacken kuschelte ich mich also in Dahlem tief in meinen Schlafsack. Noch ein kurzer Schwatz von Tarp zu Tarp mit Antje, dann schlief ich wie ein Murmeltier. Ein Eichelh\u00e4her weckte mich mit seinem Jagdruf &#8211; und dem Alarmgeschrei der kleineren Waldv\u00f6gel.<\/p>\n\n\n\n<p>Als ich die Augen aufschlug, schaute ich genau auf eine Nacktschnecke! <\/p>\n\n\n\n<blockquote class=\"wp-block-quote is-layout-flow wp-block-quote-is-layout-flow\">\n<figure class=\"wp-block-image size-large\"><img loading=\"lazy\" decoding=\"async\" width=\"768\" height=\"1024\" src=\"http:\/\/fernwehkinder.de\/wp-content\/uploads\/2024\/05\/20240505_071412-768x1024.jpg\" alt=\"\" class=\"wp-image-11312\" srcset=\"https:\/\/fernwehkinder.de\/wp-content\/uploads\/2024\/05\/20240505_071412-768x1024.jpg 768w, https:\/\/fernwehkinder.de\/wp-content\/uploads\/2024\/05\/20240505_071412-225x300.jpg 225w, https:\/\/fernwehkinder.de\/wp-content\/uploads\/2024\/05\/20240505_071412-1152x1536.jpg 1152w, https:\/\/fernwehkinder.de\/wp-content\/uploads\/2024\/05\/20240505_071412-1536x2048.jpg 1536w, https:\/\/fernwehkinder.de\/wp-content\/uploads\/2024\/05\/20240505_071412-scaled.jpg 1920w\" sizes=\"auto, (max-width: 768px) 100vw, 768px\" \/><\/figure>\n<\/blockquote>\n\n\n\n<p>Meine Bef\u00fcrchtung war eingetreten. Doch das Schicksal kannte Gnade mit mir und hatte nur eine kleine Jungschnecke geschickt. Sie schleimte brav an mir vorbei, ohne sich auf mein Gesicht fallen zu lassen.<\/p>\n\n\n\n<p>Das Gef\u00fchl, diese Begegnung \u00fcberstanden zu haben, ohne zu kreischen: unbezahlbar!<\/p>\n","protected":false},"excerpt":{"rendered":"<p>Lets go wild! Letztes Wochenende habe ich im Wald \u00fcbernachtet. Das kannte ich bislang nur im Zelt und im Biwaksack. Diesmal sollte es&#8230;<\/p>\n","protected":false},"author":1,"featured_media":11312,"comment_status":"open","ping_status":"open","sticky":false,"template":"","format":"standard","meta":{"jetpack_post_was_ever_published":false,"_jetpack_newsletter_access":"","_jetpack_dont_email_post_to_subs":false,"_jetpack_newsletter_tier_id":0,"_jetpack_memberships_contains_paywalled_content":false,"_jetpack_memberships_contains_paid_content":false,"footnotes":""},"categories":[3],"tags":[151,11,67,410,390],"class_list":["post-11311","post","type-post","status-publish","format-standard","has-post-thumbnail","hentry","category-rabenmutter","tag-angst","tag-eifel","tag-tiere","tag-wald","tag-wildnis"],"jetpack_featured_media_url":"https:\/\/fernwehkinder.de\/wp-content\/uploads\/2024\/05\/20240505_071412-scaled.jpg","jetpack_sharing_enabled":true,"jetpack-related-posts":[],"jetpack_likes_enabled":true,"_links":{"self":[{"href":"https:\/\/fernwehkinder.de\/index.php?rest_route=\/wp\/v2\/posts\/11311","targetHints":{"allow":["GET"]}}],"collection":[{"href":"https:\/\/fernwehkinder.de\/index.php?rest_route=\/wp\/v2\/posts"}],"about":[{"href":"https:\/\/fernwehkinder.de\/index.php?rest_route=\/wp\/v2\/types\/post"}],"author":[{"embeddable":true,"href":"https:\/\/fernwehkinder.de\/index.php?rest_route=\/wp\/v2\/users\/1"}],"replies":[{"embeddable":true,"href":"https:\/\/fernwehkinder.de\/index.php?rest_route=%2Fwp%2Fv2%2Fcomments&post=11311"}],"version-history":[{"count":4,"href":"https:\/\/fernwehkinder.de\/index.php?rest_route=\/wp\/v2\/posts\/11311\/revisions"}],"predecessor-version":[{"id":11350,"href":"https:\/\/fernwehkinder.de\/index.php?rest_route=\/wp\/v2\/posts\/11311\/revisions\/11350"}],"wp:featuredmedia":[{"embeddable":true,"href":"https:\/\/fernwehkinder.de\/index.php?rest_route=\/wp\/v2\/media\/11312"}],"wp:attachment":[{"href":"https:\/\/fernwehkinder.de\/index.php?rest_route=%2Fwp%2Fv2%2Fmedia&parent=11311"}],"wp:term":[{"taxonomy":"category","embeddable":true,"href":"https:\/\/fernwehkinder.de\/index.php?rest_route=%2Fwp%2Fv2%2Fcategories&post=11311"},{"taxonomy":"post_tag","embeddable":true,"href":"https:\/\/fernwehkinder.de\/index.php?rest_route=%2Fwp%2Fv2%2Ftags&post=11311"}],"curies":[{"name":"wp","href":"https:\/\/api.w.org\/{rel}","templated":true}]}}