{"id":1383,"date":"2016-09-27T19:34:38","date_gmt":"2016-09-27T17:34:38","guid":{"rendered":"http:\/\/fernwehkinder.de\/?p=1383"},"modified":"2017-05-11T22:15:50","modified_gmt":"2017-05-11T20:15:50","slug":"herbstliche-hunderunde-in-manderscheid","status":"publish","type":"post","link":"https:\/\/fernwehkinder.de\/?p=1383","title":{"rendered":"Herbstliche Hunderunde in Manderscheid"},"content":{"rendered":"<p>Nun ist in der Eifel eindeutig der Herbst angekommen. Zwar ist es in den Mittagsstunden noch sch\u00f6n warm, aber nicht mehr so hei\u00df wie noch in der letzten Woche. Vormittags und am sp\u00e4ten Nachmittag wird es empfindlich kalt. Die W\u00e4lder f\u00e4rben sich langsam gelb, orange, rot und braun. Die Luft riecht nach Herbst und der Wald ist voller Pilze.<\/p>\n<figure id=\"attachment_1385\" aria-describedby=\"caption-attachment-1385\" style=\"width: 300px\" class=\"wp-caption alignleft\"><img loading=\"lazy\" decoding=\"async\" class=\"size-medium wp-image-1385\" src=\"http:\/\/fernwehkinder.de\/wp-content\/uploads\/2016\/09\/beige-300x224.jpg\" alt=\"OLYMPUS DIGITAL CAMERA\" width=\"300\" height=\"224\" srcset=\"https:\/\/fernwehkinder.de\/wp-content\/uploads\/2016\/09\/beige-300x224.jpg 300w, https:\/\/fernwehkinder.de\/wp-content\/uploads\/2016\/09\/beige-768x573.jpg 768w, https:\/\/fernwehkinder.de\/wp-content\/uploads\/2016\/09\/beige-1024x764.jpg 1024w\" sizes=\"auto, (max-width: 300px) 100vw, 300px\" \/><figcaption id=\"caption-attachment-1385\" class=\"wp-caption-text\">Ratet &#8218;mal, wer die Wanderf\u00fchrerin war<\/figcaption><\/figure>\n<p>Die Beigen ziehen nun\u00a0\u00fcber ihre praktischen Westen teure\u00a0Funktionsjacken. Ach, ihr wisst nicht, wer &#8222;Die Beigen&#8220; sind? Das ist ein Begriff, der bei einem unserer Verlagsfeste pl\u00f6tzlich aufkam. Wir alle hatten unabh\u00e4ngig voneinander bei Recherchen und Leserkontakten festgestellt, dass um den 60. Geburtstag bei den meisten Wanderern eine Vorliebe f\u00fcr Kleidung in Beige aufkeimt, manchmal kombiniert mit ganz hellen Khaki- und Braunt\u00f6nen. Wanderer und Wanderinnen im Rentenalter tragen gerne beige Hosen zu beige-rot-karierten Hemden\/Blusen und beigen Westen.\u00a0\u00a0Bei den Herren liebe ich die beige Bermuda zu Sandalen und Tennissocken. Wir sprachen dar\u00fcber, ob &#8222;Die Beigen&#8220; eine eigene Zielgruppe f\u00fcr unsere Kurzwanderungen sind und kamen zu dem Schluss, dass diese Herrschaften nicht so gerne direkt angesprochen w\u00fcrden, sich aber sehr pragmatisch an anderen Angaben orientieren. Picknickpl\u00e4tze erw\u00e4hnen wir ohnehin f\u00fcr alle Leser, Einkehrtipps geben wir auch. Und mir fiel ein, dass eine meiner Leserinnen mir vor Jahren erz\u00e4hlte, dass sie immer nach Buggy-freundlichen Touren Ausschau h\u00e4lt, damit ihr Mann keine Probleme hat, mit seinem Rollator durchzukommen.<\/p>\n<p>Zur\u00fcck zur Eifel: Bathida und ich sprangen am Kurhaus von Manderscheid aus dem Auto, als sich dort grade eine freundliche Wanderf\u00fchrerin eine Beigen-Gruppe zum Aufbruch bewegte. Wir hatten den Manderscheider Burgenstieg auf dem Plan, eine wirklich nette Runde auf schmalen Pfaden. Vom Kurhaus ging es hinab nach Manderscheid zur Unterburg, dort \u00fcber die Lieser und den Turnierplatz hinauf zur Oberburg. Dort erz\u00e4hlte uns ein Einheimischer seine gesamte Lebens-, Liebes-, Scheidungs- und Leidensgeschichte bis ins letzte unappetitliche Detail. Doch irgendwie tat er mir Leid in seiner Einsamkeit und ich hatte es ja auch nicht soooo eilig. Nach dem Auszug seiner Frau und dem Tod seines geliebten Hundes fiel er in eine tiefe Schwermut. Nur auf der Oberburg konnte er noch gl\u00fccklich sein, dort war sein Hund sehr gerne und ganz in der N\u00e4he liegt er auch begraben.<\/p>\n<p>Nun folgte ein herrlich ruhiger Abschnitt der Wanderung. Der Weg f\u00fchrt hinauf zu einigen sch\u00f6nen Aussichtspunkten und hinab zum Achtergraben und zur Lieser, bevor er\u00a0auf den Eifelsteig und Lieserpfad trifft. Diese bringen den Wanderer mit weiteren Ausblicken ins Oberdorf von Manderscheid und durch den Kurpark zum Startpunkt. Eine sch\u00f6ne Runde, die allerdings definitiv Trittsicherheit voraussetzt.<\/p>\n<figure id=\"attachment_1374\" aria-describedby=\"caption-attachment-1374\" style=\"width: 300px\" class=\"wp-caption alignleft\"><img loading=\"lazy\" decoding=\"async\" class=\"size-medium wp-image-1374\" src=\"http:\/\/fernwehkinder.de\/wp-content\/uploads\/2016\/09\/P9231759-300x225.jpg\" alt=\"OLYMPUS DIGITAL CAMERA\" width=\"300\" height=\"225\" srcset=\"https:\/\/fernwehkinder.de\/wp-content\/uploads\/2016\/09\/P9231759-300x225.jpg 300w, https:\/\/fernwehkinder.de\/wp-content\/uploads\/2016\/09\/P9231759-768x576.jpg 768w, https:\/\/fernwehkinder.de\/wp-content\/uploads\/2016\/09\/P9231759-1024x768.jpg 1024w\" sizes=\"auto, (max-width: 300px) 100vw, 300px\" \/><figcaption id=\"caption-attachment-1374\" class=\"wp-caption-text\">Manderscheider Kurpark<\/figcaption><\/figure>\n<figure id=\"attachment_1373\" aria-describedby=\"caption-attachment-1373\" style=\"width: 300px\" class=\"wp-caption alignleft\"><img loading=\"lazy\" decoding=\"async\" class=\"size-medium wp-image-1373\" src=\"http:\/\/fernwehkinder.de\/wp-content\/uploads\/2016\/09\/P9231939-300x225.jpg\" alt=\"OLYMPUS DIGITAL CAMERA\" width=\"300\" height=\"225\" srcset=\"https:\/\/fernwehkinder.de\/wp-content\/uploads\/2016\/09\/P9231939-300x225.jpg 300w, https:\/\/fernwehkinder.de\/wp-content\/uploads\/2016\/09\/P9231939-768x576.jpg 768w, https:\/\/fernwehkinder.de\/wp-content\/uploads\/2016\/09\/P9231939-1024x768.jpg 1024w\" sizes=\"auto, (max-width: 300px) 100vw, 300px\" \/><figcaption id=\"caption-attachment-1373\" class=\"wp-caption-text\">Manderscheider Unterburg<\/figcaption><\/figure>\n<figure id=\"attachment_1375\" aria-describedby=\"caption-attachment-1375\" style=\"width: 300px\" class=\"wp-caption alignleft\"><img loading=\"lazy\" decoding=\"async\" class=\"size-medium wp-image-1375\" src=\"http:\/\/fernwehkinder.de\/wp-content\/uploads\/2016\/09\/P9231776-300x225.jpg\" alt=\"OLYMPUS DIGITAL CAMERA\" width=\"300\" height=\"225\" srcset=\"https:\/\/fernwehkinder.de\/wp-content\/uploads\/2016\/09\/P9231776-300x225.jpg 300w, https:\/\/fernwehkinder.de\/wp-content\/uploads\/2016\/09\/P9231776-768x576.jpg 768w, https:\/\/fernwehkinder.de\/wp-content\/uploads\/2016\/09\/P9231776-1024x768.jpg 1024w\" sizes=\"auto, (max-width: 300px) 100vw, 300px\" \/><figcaption id=\"caption-attachment-1375\" class=\"wp-caption-text\">Untermanderscheid<\/figcaption><\/figure>\n<figure id=\"attachment_1376\" aria-describedby=\"caption-attachment-1376\" style=\"width: 300px\" class=\"wp-caption alignleft\"><img loading=\"lazy\" decoding=\"async\" class=\"size-medium wp-image-1376\" src=\"http:\/\/fernwehkinder.de\/wp-content\/uploads\/2016\/09\/P9231779-300x225.jpg\" alt=\"OLYMPUS DIGITAL CAMERA\" width=\"300\" height=\"225\" srcset=\"https:\/\/fernwehkinder.de\/wp-content\/uploads\/2016\/09\/P9231779-300x225.jpg 300w, https:\/\/fernwehkinder.de\/wp-content\/uploads\/2016\/09\/P9231779-768x576.jpg 768w, https:\/\/fernwehkinder.de\/wp-content\/uploads\/2016\/09\/P9231779-1024x768.jpg 1024w\" sizes=\"auto, (max-width: 300px) 100vw, 300px\" \/><figcaption id=\"caption-attachment-1376\" class=\"wp-caption-text\">Burgmauer<\/figcaption><\/figure>\n<figure id=\"attachment_1377\" aria-describedby=\"caption-attachment-1377\" style=\"width: 300px\" class=\"wp-caption alignleft\"><img loading=\"lazy\" decoding=\"async\" class=\"size-medium wp-image-1377\" src=\"http:\/\/fernwehkinder.de\/wp-content\/uploads\/2016\/09\/P9231800-300x225.jpg\" alt=\"OLYMPUS DIGITAL CAMERA\" width=\"300\" height=\"225\" srcset=\"https:\/\/fernwehkinder.de\/wp-content\/uploads\/2016\/09\/P9231800-300x225.jpg 300w, https:\/\/fernwehkinder.de\/wp-content\/uploads\/2016\/09\/P9231800-768x576.jpg 768w, https:\/\/fernwehkinder.de\/wp-content\/uploads\/2016\/09\/P9231800-1024x768.jpg 1024w\" sizes=\"auto, (max-width: 300px) 100vw, 300px\" \/><figcaption id=\"caption-attachment-1377\" class=\"wp-caption-text\">Turnierplatz an der Unterburg<\/figcaption><\/figure>\n<figure id=\"attachment_1378\" aria-describedby=\"caption-attachment-1378\" style=\"width: 300px\" class=\"wp-caption alignleft\"><img loading=\"lazy\" decoding=\"async\" class=\"size-medium wp-image-1378\" src=\"http:\/\/fernwehkinder.de\/wp-content\/uploads\/2016\/09\/P9231814-300x225.jpg\" alt=\"OLYMPUS DIGITAL CAMERA\" width=\"300\" height=\"225\" srcset=\"https:\/\/fernwehkinder.de\/wp-content\/uploads\/2016\/09\/P9231814-300x225.jpg 300w, https:\/\/fernwehkinder.de\/wp-content\/uploads\/2016\/09\/P9231814-768x576.jpg 768w, https:\/\/fernwehkinder.de\/wp-content\/uploads\/2016\/09\/P9231814-1024x768.jpg 1024w\" sizes=\"auto, (max-width: 300px) 100vw, 300px\" \/><figcaption id=\"caption-attachment-1378\" class=\"wp-caption-text\">Waldb\u00fchne am Turnierplatz<\/figcaption><\/figure>\n<figure id=\"attachment_1379\" aria-describedby=\"caption-attachment-1379\" style=\"width: 300px\" class=\"wp-caption alignleft\"><img loading=\"lazy\" decoding=\"async\" class=\"wp-image-1379 size-medium\" src=\"http:\/\/fernwehkinder.de\/wp-content\/uploads\/2016\/09\/P9231840-300x225.jpg\" alt=\"OLYMPUS DIGITAL CAMERA\" width=\"300\" height=\"225\" srcset=\"https:\/\/fernwehkinder.de\/wp-content\/uploads\/2016\/09\/P9231840-300x225.jpg 300w, https:\/\/fernwehkinder.de\/wp-content\/uploads\/2016\/09\/P9231840-768x576.jpg 768w, https:\/\/fernwehkinder.de\/wp-content\/uploads\/2016\/09\/P9231840-1024x768.jpg 1024w\" sizes=\"auto, (max-width: 300px) 100vw, 300px\" \/><figcaption id=\"caption-attachment-1379\" class=\"wp-caption-text\">Sonnige Rast\u00a0an der Oberburg<\/figcaption><\/figure>\n<figure id=\"attachment_1380\" aria-describedby=\"caption-attachment-1380\" style=\"width: 300px\" class=\"wp-caption alignleft\"><img loading=\"lazy\" decoding=\"async\" class=\"wp-image-1380 size-medium\" src=\"http:\/\/fernwehkinder.de\/wp-content\/uploads\/2016\/09\/P9231858-300x225.jpg\" alt=\"OLYMPUS DIGITAL CAMERA\" width=\"300\" height=\"225\" srcset=\"https:\/\/fernwehkinder.de\/wp-content\/uploads\/2016\/09\/P9231858-300x225.jpg 300w, https:\/\/fernwehkinder.de\/wp-content\/uploads\/2016\/09\/P9231858-768x576.jpg 768w, https:\/\/fernwehkinder.de\/wp-content\/uploads\/2016\/09\/P9231858-1024x768.jpg 1024w\" sizes=\"auto, (max-width: 300px) 100vw, 300px\" \/><figcaption id=\"caption-attachment-1380\" class=\"wp-caption-text\">Schattige Rast an der Oberburg<\/figcaption><\/figure>\n<p>Rast\u00a0an der Oberburg<\/p>\n<figure id=\"attachment_1381\" aria-describedby=\"caption-attachment-1381\" style=\"width: 300px\" class=\"wp-caption alignleft\"><img loading=\"lazy\" decoding=\"async\" class=\"size-medium wp-image-1381\" src=\"http:\/\/fernwehkinder.de\/wp-content\/uploads\/2016\/09\/P9231876-300x225.jpg\" alt=\"OLYMPUS DIGITAL CAMERA\" width=\"300\" height=\"225\" srcset=\"https:\/\/fernwehkinder.de\/wp-content\/uploads\/2016\/09\/P9231876-300x225.jpg 300w, https:\/\/fernwehkinder.de\/wp-content\/uploads\/2016\/09\/P9231876-768x576.jpg 768w, https:\/\/fernwehkinder.de\/wp-content\/uploads\/2016\/09\/P9231876-1024x768.jpg 1024w\" sizes=\"auto, (max-width: 300px) 100vw, 300px\" \/><figcaption id=\"caption-attachment-1381\" class=\"wp-caption-text\">Aussicht am Belvedere<\/figcaption><\/figure>\n<figure id=\"attachment_1382\" aria-describedby=\"caption-attachment-1382\" style=\"width: 300px\" class=\"wp-caption alignleft\"><img loading=\"lazy\" decoding=\"async\" class=\"size-medium wp-image-1382\" src=\"http:\/\/fernwehkinder.de\/wp-content\/uploads\/2016\/09\/P9231905-300x225.jpg\" alt=\"OLYMPUS DIGITAL CAMERA\" width=\"300\" height=\"225\" srcset=\"https:\/\/fernwehkinder.de\/wp-content\/uploads\/2016\/09\/P9231905-300x225.jpg 300w, https:\/\/fernwehkinder.de\/wp-content\/uploads\/2016\/09\/P9231905-768x576.jpg 768w, https:\/\/fernwehkinder.de\/wp-content\/uploads\/2016\/09\/P9231905-1024x768.jpg 1024w\" sizes=\"auto, (max-width: 300px) 100vw, 300px\" \/><figcaption id=\"caption-attachment-1382\" class=\"wp-caption-text\">Fu\u00dfbad in der Lieser<\/figcaption><\/figure>\n","protected":false},"excerpt":{"rendered":"<p>Nun ist in der Eifel eindeutig der Herbst angekommen. Zwar ist es in den Mittagsstunden noch sch\u00f6n warm, aber nicht mehr so hei\u00df&#8230;<\/p>\n","protected":false},"author":1,"featured_media":1379,"comment_status":"open","ping_status":"open","sticky":false,"template":"","format":"standard","meta":{"jetpack_post_was_ever_published":false,"_jetpack_newsletter_access":"","_jetpack_dont_email_post_to_subs":true,"_jetpack_newsletter_tier_id":0,"_jetpack_memberships_contains_paywalled_content":false,"_jetpack_memberships_contains_paid_content":false,"footnotes":""},"categories":[181,4],"tags":[26,11,40],"class_list":["post-1383","post","type-post","status-publish","format-standard","has-post-thumbnail","hentry","category-fernweh-schreiberin","category-recherchetour","tag-conrad-stein-verlag","tag-eifel","tag-wandern"],"jetpack_featured_media_url":"https:\/\/fernwehkinder.de\/wp-content\/uploads\/2016\/09\/P9231840.jpg","jetpack_sharing_enabled":true,"jetpack-related-posts":[],"jetpack_likes_enabled":true,"_links":{"self":[{"href":"https:\/\/fernwehkinder.de\/index.php?rest_route=\/wp\/v2\/posts\/1383","targetHints":{"allow":["GET"]}}],"collection":[{"href":"https:\/\/fernwehkinder.de\/index.php?rest_route=\/wp\/v2\/posts"}],"about":[{"href":"https:\/\/fernwehkinder.de\/index.php?rest_route=\/wp\/v2\/types\/post"}],"author":[{"embeddable":true,"href":"https:\/\/fernwehkinder.de\/index.php?rest_route=\/wp\/v2\/users\/1"}],"replies":[{"embeddable":true,"href":"https:\/\/fernwehkinder.de\/index.php?rest_route=%2Fwp%2Fv2%2Fcomments&post=1383"}],"version-history":[{"count":0,"href":"https:\/\/fernwehkinder.de\/index.php?rest_route=\/wp\/v2\/posts\/1383\/revisions"}],"wp:featuredmedia":[{"embeddable":true,"href":"https:\/\/fernwehkinder.de\/index.php?rest_route=\/wp\/v2\/media\/1379"}],"wp:attachment":[{"href":"https:\/\/fernwehkinder.de\/index.php?rest_route=%2Fwp%2Fv2%2Fmedia&parent=1383"}],"wp:term":[{"taxonomy":"category","embeddable":true,"href":"https:\/\/fernwehkinder.de\/index.php?rest_route=%2Fwp%2Fv2%2Fcategories&post=1383"},{"taxonomy":"post_tag","embeddable":true,"href":"https:\/\/fernwehkinder.de\/index.php?rest_route=%2Fwp%2Fv2%2Ftags&post=1383"}],"curies":[{"name":"wp","href":"https:\/\/api.w.org\/{rel}","templated":true}]}}