{"id":2000,"date":"2016-12-30T00:55:01","date_gmt":"2016-12-29T23:55:01","guid":{"rendered":"http:\/\/fernwehkinder.de\/?p=2000"},"modified":"2017-05-11T22:12:26","modified_gmt":"2017-05-11T20:12:26","slug":"gipfelglueck-und-gps-gruebeleien","status":"publish","type":"post","link":"https:\/\/fernwehkinder.de\/?p=2000","title":{"rendered":"Gipfelgl\u00fcck und GPS-Gr\u00fcbeleien"},"content":{"rendered":"<p>Es ist vollbracht. Alle Touren auf Mallorca sind gewandert.<\/p>\n<p>Heute hat sich die krumpelige Runde bei Felanitx nicht mehr l\u00e4nger wehren k\u00f6nnen. Es fehlte nur noch eine Wegstrecke, die ich in 1.5 h bergauf gelaufen bin. So herrlich fr\u00fch war es, dass glatt noch Zeit f\u00fcr eine Runde in Deia blieb. Das war ein pr\u00e4chtiger Abschluss der Recherche.<\/p>\n<p><img loading=\"lazy\" decoding=\"async\" class=\"size-medium wp-image-2001 alignleft\" src=\"http:\/\/fernwehkinder.de\/wp-content\/uploads\/2016\/12\/20161228_141037-300x169.jpg\" alt=\"20161228_141037\" width=\"300\" height=\"169\" \/>Doch H\u00f6hepunkt der Reise war gestern meine Besteigung des Puig Galatzo. Er hei\u00dft auch mallorquinischea Matterhorn und beim Anmarsch dachte ich mehrmals, dass ich den Berg nicht erklimmen kann. Um so gl\u00fccklicher war ich, ohne Verletzungen den steilen Berg hinauf gekommen zu sein.<\/p>\n<p><img loading=\"lazy\" decoding=\"async\" class=\"size-medium wp-image-2002 alignright\" src=\"http:\/\/fernwehkinder.de\/wp-content\/uploads\/2016\/12\/20161228_163245-300x169.jpg\" alt=\"20161228_163245\" width=\"300\" height=\"169\" srcset=\"https:\/\/fernwehkinder.de\/wp-content\/uploads\/2016\/12\/20161228_163245-300x169.jpg 300w, https:\/\/fernwehkinder.de\/wp-content\/uploads\/2016\/12\/20161228_163245-768x432.jpg 768w, https:\/\/fernwehkinder.de\/wp-content\/uploads\/2016\/12\/20161228_163245-1024x576.jpg 1024w\" sizes=\"auto, (max-width: 300px) 100vw, 300px\" \/>Zur\u00fcck am Auto stellte mir mein GPS eine Denksportaufgabe: Wie kann bei einem Rundweg solch krasses Missverh\u00e4ltnis zustande kommen? Ich bin 766 m aufgestiegen, aber 888 m abgestiegen. Wo habe ich denn die 122 m unterwegs verloren???<\/p>\n","protected":false},"excerpt":{"rendered":"<p>Es ist vollbracht. Alle Touren auf Mallorca sind gewandert. Heute hat sich die krumpelige Runde bei Felanitx nicht mehr l\u00e4nger wehren k\u00f6nnen. Es&#8230;<\/p>\n","protected":false},"author":1,"featured_media":2001,"comment_status":"open","ping_status":"open","sticky":false,"template":"","format":"standard","meta":{"jetpack_post_was_ever_published":false,"_jetpack_newsletter_access":"","_jetpack_dont_email_post_to_subs":true,"_jetpack_newsletter_tier_id":0,"_jetpack_memberships_contains_paywalled_content":false,"_jetpack_memberships_contains_paid_content":false,"footnotes":""},"categories":[3,181,4],"tags":[108,40],"class_list":["post-2000","post","type-post","status-publish","format-standard","has-post-thumbnail","hentry","category-rabenmutter","category-fernweh-schreiberin","category-recherchetour","tag-mallorca","tag-wandern"],"jetpack_featured_media_url":"https:\/\/fernwehkinder.de\/wp-content\/uploads\/2016\/12\/20161228_141037-e1483182129526.jpg","jetpack_sharing_enabled":true,"jetpack-related-posts":[],"jetpack_likes_enabled":true,"_links":{"self":[{"href":"https:\/\/fernwehkinder.de\/index.php?rest_route=\/wp\/v2\/posts\/2000","targetHints":{"allow":["GET"]}}],"collection":[{"href":"https:\/\/fernwehkinder.de\/index.php?rest_route=\/wp\/v2\/posts"}],"about":[{"href":"https:\/\/fernwehkinder.de\/index.php?rest_route=\/wp\/v2\/types\/post"}],"author":[{"embeddable":true,"href":"https:\/\/fernwehkinder.de\/index.php?rest_route=\/wp\/v2\/users\/1"}],"replies":[{"embeddable":true,"href":"https:\/\/fernwehkinder.de\/index.php?rest_route=%2Fwp%2Fv2%2Fcomments&post=2000"}],"version-history":[{"count":0,"href":"https:\/\/fernwehkinder.de\/index.php?rest_route=\/wp\/v2\/posts\/2000\/revisions"}],"wp:featuredmedia":[{"embeddable":true,"href":"https:\/\/fernwehkinder.de\/index.php?rest_route=\/wp\/v2\/media\/2001"}],"wp:attachment":[{"href":"https:\/\/fernwehkinder.de\/index.php?rest_route=%2Fwp%2Fv2%2Fmedia&parent=2000"}],"wp:term":[{"taxonomy":"category","embeddable":true,"href":"https:\/\/fernwehkinder.de\/index.php?rest_route=%2Fwp%2Fv2%2Fcategories&post=2000"},{"taxonomy":"post_tag","embeddable":true,"href":"https:\/\/fernwehkinder.de\/index.php?rest_route=%2Fwp%2Fv2%2Ftags&post=2000"}],"curies":[{"name":"wp","href":"https:\/\/api.w.org\/{rel}","templated":true}]}}