{"id":2338,"date":"2017-03-31T14:59:51","date_gmt":"2017-03-31T12:59:51","guid":{"rendered":"http:\/\/fernwehkinder.de\/?p=2338"},"modified":"2021-03-12T19:17:09","modified_gmt":"2021-03-12T18:17:09","slug":"freilichtmuseum-lindlar","status":"publish","type":"post","link":"https:\/\/fernwehkinder.de\/?p=2338","title":{"rendered":"Ausflugstipp: Freilichtmuseum Lindlar"},"content":{"rendered":"<figure id=\"attachment_2342\" aria-describedby=\"caption-attachment-2342\" style=\"width: 300px\" class=\"wp-caption alignleft\"><img loading=\"lazy\" decoding=\"async\" class=\"wp-image-2342 size-medium\" src=\"http:\/\/fernwehkinder.de\/wp-content\/uploads\/2017\/03\/P3260341-300x225.jpg\" alt=\"p3260341\" width=\"300\" height=\"225\" srcset=\"https:\/\/fernwehkinder.de\/wp-content\/uploads\/2017\/03\/P3260341-300x225.jpg 300w, https:\/\/fernwehkinder.de\/wp-content\/uploads\/2017\/03\/P3260341-768x576.jpg 768w, https:\/\/fernwehkinder.de\/wp-content\/uploads\/2017\/03\/P3260341.jpg 800w\" sizes=\"auto, (max-width: 300px) 100vw, 300px\" \/><figcaption id=\"caption-attachment-2342\" class=\"wp-caption-text\">So hart mussten Omas fr\u00fcher arbeiten<\/figcaption><\/figure>\n<p><img loading=\"lazy\" decoding=\"async\" class=\"size-medium wp-image-2340 alignright\" src=\"http:\/\/fernwehkinder.de\/wp-content\/uploads\/2017\/03\/P3260308-225x300.jpg\" alt=\"p3260308\" width=\"225\" height=\"300\" srcset=\"https:\/\/fernwehkinder.de\/wp-content\/uploads\/2017\/03\/P3260308-225x300.jpg 225w, https:\/\/fernwehkinder.de\/wp-content\/uploads\/2017\/03\/P3260308.jpg 450w\" sizes=\"auto, (max-width: 225px) 100vw, 225px\" \/>Am Sonntag war sch\u00f6nes Wetter, die Kleinen waren wieder schmerzfrei, also besuchten wir Oma in der B\u00e4ckerei und entschieden spontan, den Nachmittag im Freilichtmuseum in Lindlar zu verbringen.<\/p>\n<p>Meine Mutter war schon gef\u00fchlte 100 x im Freilichtmuseum Kommern, aber noch nie in Lindlar. Diese Bildungsl\u00fccke musste ich nat\u00fcrlich schlie\u00dfen.<\/p>\n<p><img loading=\"lazy\" decoding=\"async\" class=\"size-medium wp-image-2341 alignleft\" src=\"http:\/\/fernwehkinder.de\/wp-content\/uploads\/2017\/03\/P3260312-300x225.jpg\" alt=\"p3260312\" width=\"300\" height=\"225\" srcset=\"https:\/\/fernwehkinder.de\/wp-content\/uploads\/2017\/03\/P3260312-300x225.jpg 300w, https:\/\/fernwehkinder.de\/wp-content\/uploads\/2017\/03\/P3260312-768x576.jpg 768w, https:\/\/fernwehkinder.de\/wp-content\/uploads\/2017\/03\/P3260312.jpg 800w\" sizes=\"auto, (max-width: 300px) 100vw, 300px\" \/>Im Museum war Saisoner\u00f6ffnung, d.h. wir fanden auf dem eigentlichen Museumsparkplatz keine Stellm\u00f6glichkeit f\u00fcr unser Auto. Wohl aber auf dem Ausweichparkplatz am Nordtor, das f\u00fcr diesen Anlass auch ge\u00f6ffnet war.<\/p>\n<p>Erster Anlaufpunkt war der Sattler. Doch der war so m\u00fcrrisch, dass mir gar nicht klar werden will, warum er in einem Freilichtmuseum mit Besuchern zu tun haben will. Egal, die K\u00fche gegen\u00fcber waren wesentlich besser gelaunt. Sie wurden gef\u00fcttert und gekrault, bis der Hunger uns ins Museumsrestaurant trieb.<\/p>\n<p><img loading=\"lazy\" decoding=\"async\" class=\"size-medium wp-image-2344 alignright\" src=\"http:\/\/fernwehkinder.de\/wp-content\/uploads\/2017\/03\/P3260366-300x225.jpg\" alt=\"p3260366\" width=\"300\" height=\"225\" srcset=\"https:\/\/fernwehkinder.de\/wp-content\/uploads\/2017\/03\/P3260366-300x225.jpg 300w, https:\/\/fernwehkinder.de\/wp-content\/uploads\/2017\/03\/P3260366-768x576.jpg 768w, https:\/\/fernwehkinder.de\/wp-content\/uploads\/2017\/03\/P3260366.jpg 800w\" sizes=\"auto, (max-width: 300px) 100vw, 300px\" \/>Dort wurde schon beim Hinsetzen eine Portion Fritten f\u00fcr alle drei M\u00e4dchen zusammen bestellt. Naja, nicht alle setzten sich auf die St\u00fchle, Cari suchte sich einen luftigeren Platz, w\u00e4hrend wir ihr kurz den R\u00fccken zuwandten.<\/p>\n<figure id=\"attachment_2345\" aria-describedby=\"caption-attachment-2345\" style=\"width: 300px\" class=\"wp-caption alignleft\"><img loading=\"lazy\" decoding=\"async\" class=\"wp-image-2345 size-medium\" src=\"http:\/\/fernwehkinder.de\/wp-content\/uploads\/2017\/03\/P3260373-300x225.jpg\" alt=\"p3260373\" width=\"300\" height=\"225\" srcset=\"https:\/\/fernwehkinder.de\/wp-content\/uploads\/2017\/03\/P3260373-300x225.jpg 300w, https:\/\/fernwehkinder.de\/wp-content\/uploads\/2017\/03\/P3260373-768x576.jpg 768w, https:\/\/fernwehkinder.de\/wp-content\/uploads\/2017\/03\/P3260373.jpg 800w\" sizes=\"auto, (max-width: 300px) 100vw, 300px\" \/><figcaption id=\"caption-attachment-2345\" class=\"wp-caption-text\">Potthucke &#8211; k\u00f6stlich!<\/figcaption><\/figure>\n<p>Beim Blick in die Karte entdeckte meine Mutter&nbsp;eine k\u00f6stliche Bergische Spezialit\u00e4t: Potthucke. Das ist ein naher Verwandter unseres D\u00f6ppekooches und schmeckte uns allen so gut, dass am Ende Fritten auf dem Teller blieben, weil sich unsere Mini-Kartoffelmonster \u00fcber unsere Potthucken hermachten. Aurelia am\u00fcsierte sich \u00fcber den Namen des Gerichts, den ein netter Mann vom Nebentisch erl\u00e4uterte: &#8222;Dieses Gericht brennt schnell an, bleibt also im Pott hocken!&#8220;<\/p>\n<p><img loading=\"lazy\" decoding=\"async\" class=\"size-medium wp-image-2347 alignright\" src=\"http:\/\/fernwehkinder.de\/wp-content\/uploads\/2017\/03\/P3260404-300x225.jpg\" alt=\"p3260404\" width=\"300\" height=\"225\" srcset=\"https:\/\/fernwehkinder.de\/wp-content\/uploads\/2017\/03\/P3260404-300x225.jpg 300w, https:\/\/fernwehkinder.de\/wp-content\/uploads\/2017\/03\/P3260404-768x576.jpg 768w, https:\/\/fernwehkinder.de\/wp-content\/uploads\/2017\/03\/P3260404.jpg 800w\" sizes=\"auto, (max-width: 300px) 100vw, 300px\" \/>N\u00e4chste Station war die Seilerei, in der die Besucher sich ihr eigenes Seil drehen k\u00f6nnen. Spannend f\u00fcr die Gro\u00dfe, die schnell eine Antwort auf ihre Frage hatte, warum denn das Haus des Seilers viel l\u00e4nger ist, als all die anderen H\u00e4user. Die Kleinen fanden den kleinen Bach hinter dem Seilerhaus viel spannender.<\/p>\n<p>Leider war der Schmied krank, wir m\u00fcssen also noch einmal wieder kommen, um gl\u00fchende Eisen und klingende H\u00e4mmer zu erleben. Aber im Nebenraum bot ein kreativer Herr ungew\u00f6hnliches Holzspielzeug an. Eine Strickliesel kenne ich ja schon, nun habe ich aber einen Webring gekauft und werde an einem lauschigen Fr\u00fchlingsabend auf der Terrasse diese neue Handarbeitstechnik ausprobieren. (Bis dahin kann viel Zeit vergehen, ihr kennt ja meinen engen Tagesablauf&#8230;)<\/p>\n<p><img loading=\"lazy\" decoding=\"async\" class=\"size-medium wp-image-2348 alignleft\" src=\"http:\/\/fernwehkinder.de\/wp-content\/uploads\/2017\/03\/P3260418-300x225.jpg\" alt=\"p3260418\" width=\"300\" height=\"225\" srcset=\"https:\/\/fernwehkinder.de\/wp-content\/uploads\/2017\/03\/P3260418-300x225.jpg 300w, https:\/\/fernwehkinder.de\/wp-content\/uploads\/2017\/03\/P3260418-768x576.jpg 768w, https:\/\/fernwehkinder.de\/wp-content\/uploads\/2017\/03\/P3260418.jpg 800w\" sizes=\"auto, (max-width: 300px) 100vw, 300px\" \/>Einer Hauswirtschafterin schauten wir bei der Herstellung von Bl\u00e4tterteig zu und Aurelia wollte mir nicht glauben, dass es in den H\u00e4usern weder Waschbecken noch Toiletten gab. Nach Best\u00e4tigung meiner Aussage durch die Hauswirtschafterin und die Oma fand sie die Kanne mit der Sch\u00fcssel dann doch etwas umst\u00e4ndlich und \u00fcberlegte, ob es aus dem Nachttopf und dem Klostuhl nicht f\u00fcrchterlich gerochen haben musste. Ihre gr\u00f6\u00dfte Sorge war aber eine andere: &#8222;Mama,&#8220;sagte sie und sch\u00fcttelte sich, &#8222;wir kippen doch so oft Apfelschorle und Pudding um, stell dir &#8218;mal vor, das w\u00e4re der Nachttopf!&#8220; Kluges Kind, die Farben stimmen ja immerhin!<\/p>\n<p><img loading=\"lazy\" decoding=\"async\" class=\"size-medium wp-image-2350 alignright\" src=\"http:\/\/fernwehkinder.de\/wp-content\/uploads\/2017\/03\/P3260492-300x225.jpg\" alt=\"p3260492\" width=\"300\" height=\"225\" srcset=\"https:\/\/fernwehkinder.de\/wp-content\/uploads\/2017\/03\/P3260492-300x225.jpg 300w, https:\/\/fernwehkinder.de\/wp-content\/uploads\/2017\/03\/P3260492-768x576.jpg 768w, https:\/\/fernwehkinder.de\/wp-content\/uploads\/2017\/03\/P3260492.jpg 800w\" sizes=\"auto, (max-width: 300px) 100vw, 300px\" \/>Beim B\u00e4cker war leider schon alles ausverkauft, als wir ankamen. Ein halber Tag ist eben auch viel zu kurz f\u00fcr dieses Museum.<\/p>\n<p>Aber der freundliche Handwerker schickte uns in das Nachbargeb\u00e4ude, wo wir einer netten M\u00fcllerin bei einer Geschichte aus dem Koffertheater zuschauen durften. Die junge M\u00fcllerstochter war n\u00e4mlich ganz traurig, weil sie in der Schule immer von den anderen Kindern geh\u00e4nselt wurde. Sie lachten \u00fcber ihre vom Mehlstaub grauen Haare und das k\u00e4sig-wei\u00dfe Gesicht. Doch es gab ein Happy End: Der B\u00e4ckerlehrling verliebte sich in die M\u00fcllerstochter, weil sie so lecker nach Mehl roch.<\/p>\n<p><img loading=\"lazy\" decoding=\"async\" class=\"size-medium wp-image-2351 alignleft\" src=\"http:\/\/fernwehkinder.de\/wp-content\/uploads\/2017\/03\/P3260507-300x225.jpg\" alt=\"p3260507\" width=\"300\" height=\"225\" srcset=\"https:\/\/fernwehkinder.de\/wp-content\/uploads\/2017\/03\/P3260507-300x225.jpg 300w, https:\/\/fernwehkinder.de\/wp-content\/uploads\/2017\/03\/P3260507-768x576.jpg 768w, https:\/\/fernwehkinder.de\/wp-content\/uploads\/2017\/03\/P3260507.jpg 800w\" sizes=\"auto, (max-width: 300px) 100vw, 300px\" \/>Inzwischen war es halb 6 und wir konnten nur noch schnell die gro\u00dfe Ziege mit ihren Zicklein besuchen, die wir auf dem Weg zum B\u00e4cker schon gesehen hatten.<\/p>\n<p>Wir kommen wieder &#8211; und dann den ganzen Tag!<\/p>\n<p>&nbsp;<\/p>\n","protected":false},"excerpt":{"rendered":"<p>Am Sonntag war sch\u00f6nes Wetter, die Kleinen waren wieder schmerzfrei, also besuchten wir Oma in der B\u00e4ckerei und entschieden spontan, den Nachmittag im&#8230;<\/p>\n","protected":false},"author":1,"featured_media":2343,"comment_status":"open","ping_status":"open","sticky":false,"template":"","format":"standard","meta":{"jetpack_post_was_ever_published":false,"_jetpack_newsletter_access":"","_jetpack_dont_email_post_to_subs":true,"_jetpack_newsletter_tier_id":0,"_jetpack_memberships_contains_paywalled_content":false,"_jetpack_memberships_contains_paid_content":false,"footnotes":""},"categories":[5,7,3,181,4],"tags":[109,163,67],"class_list":["post-2338","post","type-post","status-publish","format-standard","has-post-thumbnail","hentry","category-buchprojekte","category-kinder","category-rabenmutter","category-fernweh-schreiberin","category-recherchetour","tag-bergisches-land","tag-museum","tag-tiere"],"jetpack_featured_media_url":"https:\/\/fernwehkinder.de\/wp-content\/uploads\/2017\/03\/P3260364.jpg","jetpack_sharing_enabled":true,"jetpack-related-posts":[],"jetpack_likes_enabled":true,"_links":{"self":[{"href":"https:\/\/fernwehkinder.de\/index.php?rest_route=\/wp\/v2\/posts\/2338","targetHints":{"allow":["GET"]}}],"collection":[{"href":"https:\/\/fernwehkinder.de\/index.php?rest_route=\/wp\/v2\/posts"}],"about":[{"href":"https:\/\/fernwehkinder.de\/index.php?rest_route=\/wp\/v2\/types\/post"}],"author":[{"embeddable":true,"href":"https:\/\/fernwehkinder.de\/index.php?rest_route=\/wp\/v2\/users\/1"}],"replies":[{"embeddable":true,"href":"https:\/\/fernwehkinder.de\/index.php?rest_route=%2Fwp%2Fv2%2Fcomments&post=2338"}],"version-history":[{"count":1,"href":"https:\/\/fernwehkinder.de\/index.php?rest_route=\/wp\/v2\/posts\/2338\/revisions"}],"predecessor-version":[{"id":8367,"href":"https:\/\/fernwehkinder.de\/index.php?rest_route=\/wp\/v2\/posts\/2338\/revisions\/8367"}],"wp:featuredmedia":[{"embeddable":true,"href":"https:\/\/fernwehkinder.de\/index.php?rest_route=\/wp\/v2\/media\/2343"}],"wp:attachment":[{"href":"https:\/\/fernwehkinder.de\/index.php?rest_route=%2Fwp%2Fv2%2Fmedia&parent=2338"}],"wp:term":[{"taxonomy":"category","embeddable":true,"href":"https:\/\/fernwehkinder.de\/index.php?rest_route=%2Fwp%2Fv2%2Fcategories&post=2338"},{"taxonomy":"post_tag","embeddable":true,"href":"https:\/\/fernwehkinder.de\/index.php?rest_route=%2Fwp%2Fv2%2Ftags&post=2338"}],"curies":[{"name":"wp","href":"https:\/\/api.w.org\/{rel}","templated":true}]}}