{"id":2456,"date":"2017-04-23T09:51:55","date_gmt":"2017-04-23T07:51:55","guid":{"rendered":"http:\/\/fernwehkinder.de\/?p=2456"},"modified":"2017-04-23T10:00:27","modified_gmt":"2017-04-23T08:00:27","slug":"welttag-des-buches","status":"publish","type":"post","link":"https:\/\/fernwehkinder.de\/?p=2456","title":{"rendered":"Welttag des Buches"},"content":{"rendered":"<p><img loading=\"lazy\" decoding=\"async\" class=\"size-medium wp-image-2459 alignleft\" src=\"http:\/\/fernwehkinder.de\/wp-content\/uploads\/2017\/04\/welttag-des-buches-header-300x135.jpg\" alt=\"welttag-des-buches-header\" width=\"300\" height=\"135\" srcset=\"https:\/\/fernwehkinder.de\/wp-content\/uploads\/2017\/04\/welttag-des-buches-header-300x135.jpg 300w, https:\/\/fernwehkinder.de\/wp-content\/uploads\/2017\/04\/welttag-des-buches-header-768x346.jpg 768w, https:\/\/fernwehkinder.de\/wp-content\/uploads\/2017\/04\/welttag-des-buches-header.jpg 900w\" sizes=\"auto, (max-width: 300px) 100vw, 300px\" \/>F\u00fcr mich als Vielleserin und Autorin ist der 23. April ein ganz besonderer Tag im Kalender. Es ist der Welttag des Buches, ein von der UNESCO 1995 eingef\u00fchrter Tag f\u00fcr das Lesen, die B\u00fccher und die Rechte der Autoren.<\/p>\n<p><img loading=\"lazy\" decoding=\"async\" class=\"size-full wp-image-2462 alignright\" src=\"http:\/\/fernwehkinder.de\/wp-content\/uploads\/2017\/04\/Download.jpg\" alt=\"download\" width=\"134\" height=\"180\" \/>Einmal, vor vielen vielen Jahren, hat meine Verlegerin Annette Sievers extra f\u00fcr diesen Feiertag einen Schreibwettbewerb veranstaltet und mit den Geschichten der Sieger ein Buch herausgegeben, in dem Reisegeschichten aus aller Welt enthalten waren: Lockende Ferne. Ich hatte mich mit einer Kurzgeschichte \u00fcber meine Hochzeit 1993 in Caernarfon (Wales) beteiligt und geh\u00f6rte zu den gl\u00fccklichen Gewinnern. Das war quasi mein Einstieg in die Belletristik, die mit den <a href=\"http:\/\/fernwehkinder.de\/?page_id=1323\">Weihnachtsgeschichten aus der Eifel<\/a> als erstem komplett belletristischem Werk ihren vorl\u00e4ufigen H\u00f6hepunkt hatte.<\/p>\n<p>Jedes Jahr werden an die Sch\u00fcler der 4. und 5. Klassen Gutscheine verschenkt, mit denen sie sich in ihrer Buchhandlung ein Exemplar des Buchs &#8222;Ich schenk dir eine Geschichte&#8220; abholen d\u00fcrfen. Diese landen nach ein paar Monaten dann oft in den \u00f6ffentlichen B\u00fccherschr\u00e4nken, z.B. in unserer B\u00fcchertelefonzelle in Herm\u00fclheim und im Tauschb\u00fccherregal bei IKEA. Ich habe davon vier verschiedene B\u00e4nde zuhause, aus denen sich Aurelia gerne vorlesen l\u00e4sst.<\/p>\n<p><img loading=\"lazy\" decoding=\"async\" class=\"size-medium wp-image-2461 alignleft\" src=\"http:\/\/fernwehkinder.de\/wp-content\/uploads\/2017\/04\/blogger2015W-300x156-300x156.png\" alt=\"blogger2015w-300x156\" width=\"300\" height=\"156\" \/>Eine weitere gro\u00dfe Aktion an diesem B\u00fcchertag ist &#8222;Blogger schenken Lesefreude&#8220;. An diesem Tag verlosen Blogger B\u00fccher, die sie empfehlen, nicht mehr brauchen oder von Verlagen zur Verf\u00fcgung gestellt bekommen. Oft steckt die Zielsetzung dahinter, Wenig- und Nichtlesern das Lesen etwas schmackhafter zu machen, indem sie kein Geld f\u00fcr ein lesenswertes Buch ausgeben m\u00fcssen. Ich wei\u00df nicht, ob ihr gerne B\u00fccher lest oder nicht. Aber vielleicht wollt ihr ja gerne ein Buch von mir geschenkt bekommen oder gewinnen. Der Trend geht ja eindeutig zum Zweitbuch. In diesem Jahr m\u00f6chte ich mich deshalb an der Aktion &#8222;Blogger schenken Lesefreude&#8220;\u00a0beteiligen. Und zwar wie folgt:<\/p>\n<figure id=\"attachment_2460\" aria-describedby=\"caption-attachment-2460\" style=\"width: 300px\" class=\"wp-caption alignright\"><img loading=\"lazy\" decoding=\"async\" class=\"wp-image-2460 size-medium\" src=\"http:\/\/fernwehkinder.de\/wp-content\/uploads\/2017\/04\/20170422_085157_resized-e1492932839620-300x169.jpg\" alt=\"20170422_085157_resized\" width=\"300\" height=\"169\" srcset=\"https:\/\/fernwehkinder.de\/wp-content\/uploads\/2017\/04\/20170422_085157_resized-e1492932839620-300x169.jpg 300w, https:\/\/fernwehkinder.de\/wp-content\/uploads\/2017\/04\/20170422_085157_resized-e1492932839620-768x432.jpg 768w, https:\/\/fernwehkinder.de\/wp-content\/uploads\/2017\/04\/20170422_085157_resized-e1492932839620-1024x576.jpg 1024w, https:\/\/fernwehkinder.de\/wp-content\/uploads\/2017\/04\/20170422_085157_resized-e1492932839620.jpg 1632w\" sizes=\"auto, (max-width: 300px) 100vw, 300px\" \/><figcaption id=\"caption-attachment-2460\" class=\"wp-caption-text\">Noch nicht in der Booklooker-Sammlung, aber ganz nett zu lesen<\/figcaption><\/figure>\n<p>1.) Jeder, der diesen Beitrag bis zum 25. April\u00a0um 12 Uhr kommentiert oder mir eine Nachricht schickt, darf sich in meinem virtuellen B\u00fccherregal ein Buch aussuchen, das ich ihm\/ihr zuschicke. Das Regal ist in Wirklichkeit eine Kombination aus mehreren\u00a0Regalen:<br \/>\na) selbst geschriebene <a href=\"http:\/\/fernwehkinder.de\/?page_id=751\">B\u00fccher <\/a>(nicht alle aus meiner Liste sind noch verf\u00fcgbar, aber fragt einfach nach)<br \/>\nb) B\u00fccher, die ich aussortiert habe und die bei <a href=\"https:\/\/www.booklooker.de\/B%C3%BCcher\/Angebote\/showAlluID=3075730\">Booklooker <\/a>zum Verkauf stehen<\/p>\n<p>2.) Wer diesen Beitrag bis zum 1. Mai um 12:00 Uhr kommentiert, kommt in einen Lostopf. Unter allen Kommentaren verlose ich ein Exemplar (bei mehr als acht Teilnehmern zwei Exemplare) meines Wanderf\u00fchrers mit den Kurzwanderungen auf Mallorca.<\/p>\n<p><a href=\"https:\/\/docs.google.com\/spreadsheets\/d\/1WLKD3ZI5pgfwM_WnRE-2vQMFE7bk3kXM9uj3ACzhVfA\/edit#gid=1460319257\">Hier <\/a>k\u00f6nnt ihr \u00fcbrigens sehen, welche anderen B\u00fccher heute von anderen Bloggern verlost werden.<\/p>\n<p>Auch wenn es auf diesen Fotos anders wirkt:<\/p>\n<figure id=\"attachment_2457\" aria-describedby=\"caption-attachment-2457\" style=\"width: 300px\" class=\"wp-caption alignleft\"><img loading=\"lazy\" decoding=\"async\" class=\"wp-image-2457 size-medium\" src=\"http:\/\/fernwehkinder.de\/wp-content\/uploads\/2017\/04\/20170422_085104_resized-300x169.jpg\" alt=\"20170422_085104_resized\" width=\"300\" height=\"169\" srcset=\"https:\/\/fernwehkinder.de\/wp-content\/uploads\/2017\/04\/20170422_085104_resized-300x169.jpg 300w, https:\/\/fernwehkinder.de\/wp-content\/uploads\/2017\/04\/20170422_085104_resized-768x432.jpg 768w, https:\/\/fernwehkinder.de\/wp-content\/uploads\/2017\/04\/20170422_085104_resized-1024x576.jpg 1024w, https:\/\/fernwehkinder.de\/wp-content\/uploads\/2017\/04\/20170422_085104_resized.jpg 1632w\" sizes=\"auto, (max-width: 300px) 100vw, 300px\" \/><figcaption id=\"caption-attachment-2457\" class=\"wp-caption-text\">Ich habe auch Belletristik im Angebot&#8230;<\/figcaption><\/figure>\n<figure id=\"attachment_2458\" aria-describedby=\"caption-attachment-2458\" style=\"width: 300px\" class=\"wp-caption alignright\"><img loading=\"lazy\" decoding=\"async\" class=\"wp-image-2458 size-medium\" src=\"http:\/\/fernwehkinder.de\/wp-content\/uploads\/2017\/04\/20170422_085114_resized-300x169.jpg\" alt=\"20170422_085114_resized\" width=\"300\" height=\"169\" srcset=\"https:\/\/fernwehkinder.de\/wp-content\/uploads\/2017\/04\/20170422_085114_resized-300x169.jpg 300w, https:\/\/fernwehkinder.de\/wp-content\/uploads\/2017\/04\/20170422_085114_resized-768x432.jpg 768w, https:\/\/fernwehkinder.de\/wp-content\/uploads\/2017\/04\/20170422_085114_resized-1024x576.jpg 1024w, https:\/\/fernwehkinder.de\/wp-content\/uploads\/2017\/04\/20170422_085114_resized.jpg 1632w\" sizes=\"auto, (max-width: 300px) 100vw, 300px\" \/><figcaption id=\"caption-attachment-2458\" class=\"wp-caption-text\">&#8230;aber die Reiseliteratur nimmt mehr Platz ein<\/figcaption><\/figure>\n","protected":false},"excerpt":{"rendered":"<p>F\u00fcr mich als Vielleserin und Autorin ist der 23. April ein ganz besonderer Tag im Kalender. Es ist der Welttag des Buches, ein&#8230;<\/p>\n","protected":false},"author":1,"featured_media":2458,"comment_status":"open","ping_status":"open","sticky":false,"template":"","format":"standard","meta":{"jetpack_post_was_ever_published":false,"_jetpack_newsletter_access":"","_jetpack_dont_email_post_to_subs":true,"_jetpack_newsletter_tier_id":0,"_jetpack_memberships_contains_paywalled_content":false,"_jetpack_memberships_contains_paid_content":false,"footnotes":""},"categories":[3,8],"tags":[74,18,160,108,125,40],"class_list":["post-2456","post","type-post","status-publish","format-standard","has-post-thumbnail","hentry","category-rabenmutter","category-tipps","tag-buecher","tag-entruempeln","tag-lesen","tag-mallorca","tag-verlosung","tag-wandern"],"jetpack_featured_media_url":"https:\/\/fernwehkinder.de\/wp-content\/uploads\/2017\/04\/20170422_085114_resized.jpg","jetpack_sharing_enabled":true,"jetpack-related-posts":[],"jetpack_likes_enabled":true,"_links":{"self":[{"href":"https:\/\/fernwehkinder.de\/index.php?rest_route=\/wp\/v2\/posts\/2456","targetHints":{"allow":["GET"]}}],"collection":[{"href":"https:\/\/fernwehkinder.de\/index.php?rest_route=\/wp\/v2\/posts"}],"about":[{"href":"https:\/\/fernwehkinder.de\/index.php?rest_route=\/wp\/v2\/types\/post"}],"author":[{"embeddable":true,"href":"https:\/\/fernwehkinder.de\/index.php?rest_route=\/wp\/v2\/users\/1"}],"replies":[{"embeddable":true,"href":"https:\/\/fernwehkinder.de\/index.php?rest_route=%2Fwp%2Fv2%2Fcomments&post=2456"}],"version-history":[{"count":0,"href":"https:\/\/fernwehkinder.de\/index.php?rest_route=\/wp\/v2\/posts\/2456\/revisions"}],"wp:featuredmedia":[{"embeddable":true,"href":"https:\/\/fernwehkinder.de\/index.php?rest_route=\/wp\/v2\/media\/2458"}],"wp:attachment":[{"href":"https:\/\/fernwehkinder.de\/index.php?rest_route=%2Fwp%2Fv2%2Fmedia&parent=2456"}],"wp:term":[{"taxonomy":"category","embeddable":true,"href":"https:\/\/fernwehkinder.de\/index.php?rest_route=%2Fwp%2Fv2%2Fcategories&post=2456"},{"taxonomy":"post_tag","embeddable":true,"href":"https:\/\/fernwehkinder.de\/index.php?rest_route=%2Fwp%2Fv2%2Ftags&post=2456"}],"curies":[{"name":"wp","href":"https:\/\/api.w.org\/{rel}","templated":true}]}}