{"id":3092,"date":"2017-07-31T14:58:35","date_gmt":"2017-07-31T12:58:35","guid":{"rendered":"http:\/\/fernwehkinder.de\/?p=3092"},"modified":"2021-03-12T19:13:02","modified_gmt":"2021-03-12T18:13:02","slug":"stillgelegte-bahnstrecken-und-ihre-anschlussnutzung-im-bergischen-land","status":"publish","type":"post","link":"https:\/\/fernwehkinder.de\/?p=3092","title":{"rendered":"Ausflugstipp: Stillgelegte Bahnstrecken und ihre Anschlussnutzung im Bergischen Land"},"content":{"rendered":"<p>Bei unseren Touren im Bergischen Land trafen wir an einigen Stellen auf ehemalige Bahnstrecken, die nicht mehr f\u00fcr den G\u00fcter- und Personentransport ben\u00f6tigt wurden. Man legte sie still. Das wiederum fanden andere Menschen sehr schade und suchten nach einer sinnvollen Anschlussnutzung.<\/p>\n<p>&nbsp;<\/p>\n<p>Drei sch\u00f6ne Ideen m\u00f6chte ich euch vorstellen:<\/p>\n<p>&nbsp;<\/p>\n<p><img loading=\"lazy\" decoding=\"async\" class=\"size-medium wp-image-3106 alignright\" src=\"http:\/\/fernwehkinder.de\/wp-content\/uploads\/2017\/07\/4703-Wiehltalbahn-c-Ingrid-Retterath-300x225.jpg\" alt=\"\" width=\"300\" height=\"225\" srcset=\"https:\/\/fernwehkinder.de\/wp-content\/uploads\/2017\/07\/4703-Wiehltalbahn-c-Ingrid-Retterath-300x225.jpg 300w, https:\/\/fernwehkinder.de\/wp-content\/uploads\/2017\/07\/4703-Wiehltalbahn-c-Ingrid-Retterath-768x576.jpg 768w, https:\/\/fernwehkinder.de\/wp-content\/uploads\/2017\/07\/4703-Wiehltalbahn-c-Ingrid-Retterath.jpg 800w\" sizes=\"auto, (max-width: 300px) 100vw, 300px\" \/>1.) Wenn es denn nicht mehr die Reichsbahn\/Bundesbahn\/Deutsche Bahn AG ist, kann ja ein anderer Betreiber zumindest am Wochenende touristische Fahrten anbieten. So wurde es auf der Strecke der Wiehltalbahn bemacht.<\/p>\n<p>Der <a href=\"http:\/\/www.loewendampf.de\/\"><strong>Bergische L\u00f6we<\/strong><\/a>, ein Dampfzug, f\u00e4hrt etwa alle drei Wochen am Sonntag zweimal zwischen dem Eisenbahnmuseum in Gummersbach-Dieringhausen und dem Bahnhof Wiehl hin und her.<\/p>\n<p>Herrlich, so eine Fahrt mit gem\u00e4\u00dfigter Geschwindigkeit durch das Wiehltal.<\/p>\n<p>Holzklasse selbstverst\u00e4ndlich!<\/p>\n<p><img loading=\"lazy\" decoding=\"async\" class=\"size-medium wp-image-3104 alignnone\" src=\"http:\/\/fernwehkinder.de\/wp-content\/uploads\/2017\/07\/4701-Wiehltalbahn-c-Ingrid-Retterath-300x225.jpg\" alt=\"\" width=\"300\" height=\"225\" srcset=\"https:\/\/fernwehkinder.de\/wp-content\/uploads\/2017\/07\/4701-Wiehltalbahn-c-Ingrid-Retterath-300x225.jpg 300w, https:\/\/fernwehkinder.de\/wp-content\/uploads\/2017\/07\/4701-Wiehltalbahn-c-Ingrid-Retterath-768x576.jpg 768w, https:\/\/fernwehkinder.de\/wp-content\/uploads\/2017\/07\/4701-Wiehltalbahn-c-Ingrid-Retterath.jpg 800w\" sizes=\"auto, (max-width: 300px) 100vw, 300px\" \/> <img loading=\"lazy\" decoding=\"async\" class=\"size-medium wp-image-3105 alignnone\" src=\"http:\/\/fernwehkinder.de\/wp-content\/uploads\/2017\/07\/4702-Wiehltalbahn-c-Ingrid-Retterath-300x225.jpg\" alt=\"\" width=\"300\" height=\"225\" srcset=\"https:\/\/fernwehkinder.de\/wp-content\/uploads\/2017\/07\/4702-Wiehltalbahn-c-Ingrid-Retterath-300x225.jpg 300w, https:\/\/fernwehkinder.de\/wp-content\/uploads\/2017\/07\/4702-Wiehltalbahn-c-Ingrid-Retterath-768x576.jpg 768w, https:\/\/fernwehkinder.de\/wp-content\/uploads\/2017\/07\/4702-Wiehltalbahn-c-Ingrid-Retterath.jpg 800w\" sizes=\"auto, (max-width: 300px) 100vw, 300px\" \/><\/p>\n<p><img loading=\"lazy\" decoding=\"async\" class=\"size-medium wp-image-3097 alignright\" src=\"http:\/\/fernwehkinder.de\/wp-content\/uploads\/2017\/07\/3503-Korkenziehertrasse-c-Ingrid-Retterath-300x169.jpg\" alt=\"\" width=\"300\" height=\"169\" srcset=\"https:\/\/fernwehkinder.de\/wp-content\/uploads\/2017\/07\/3503-Korkenziehertrasse-c-Ingrid-Retterath-300x169.jpg 300w, https:\/\/fernwehkinder.de\/wp-content\/uploads\/2017\/07\/3503-Korkenziehertrasse-c-Ingrid-Retterath-768x432.jpg 768w, https:\/\/fernwehkinder.de\/wp-content\/uploads\/2017\/07\/3503-Korkenziehertrasse-c-Ingrid-Retterath.jpg 800w\" sizes=\"auto, (max-width: 300px) 100vw, 300px\" \/><\/p>\n<p>2.)&nbsp;In Solingen wurden sogar die Schienen der Korkenzieherbahn abgebaut und auf der verbleibenden Trasse entstand ein Weg f\u00fcr Freizeitsportler. Besonders beliebt ist die&nbsp;Solinger <strong>Korkenziehertrasse<\/strong> bei Radlern.<\/p>\n<p>Eine Weile lang gab es an der Korkenziehertrasse sogar ein Caf\u00e9 in einem alten Eisenbahnwaggon. Das musste aber aus wirtschaftlichen Gr\u00fcnden geschlossen werden. Heute dient der Waggon als Klassenzimmer f\u00fcr Sprachkurse.<\/p>\n<p>&nbsp;<\/p>\n<figure id=\"attachment_3100\" aria-describedby=\"caption-attachment-3100\" style=\"width: 300px\" class=\"wp-caption alignright\"><img loading=\"lazy\" decoding=\"async\" class=\"wp-image-3100 size-medium\" src=\"http:\/\/fernwehkinder.de\/wp-content\/uploads\/2017\/07\/4203-Wuppertrail-c-Ingrid-Retterath-300x225.jpg\" alt=\"\" width=\"300\" height=\"225\" srcset=\"https:\/\/fernwehkinder.de\/wp-content\/uploads\/2017\/07\/4203-Wuppertrail-c-Ingrid-Retterath-300x225.jpg 300w, https:\/\/fernwehkinder.de\/wp-content\/uploads\/2017\/07\/4203-Wuppertrail-c-Ingrid-Retterath-768x576.jpg 768w, https:\/\/fernwehkinder.de\/wp-content\/uploads\/2017\/07\/4203-Wuppertrail-c-Ingrid-Retterath.jpg 800w\" sizes=\"auto, (max-width: 300px) 100vw, 300px\" \/><figcaption id=\"caption-attachment-3100\" class=\"wp-caption-text\">Eine rasante Fahrt, wenn zwei kr\u00e4ftige Burschen in die Pedale treten<\/figcaption><\/figure>\n<p>3.) Der Mittelweg wurde zwischen Wuppertal und Radevormwald beschritten. Dort blieben die Schienen liegen, es fahren zwar keine Bahnen mehr, aber Fahrraddraisinen von <a href=\"http:\/\/www.wuppertrail.de\/\">Wuppertrail<\/a>. Aurelia und ich hatten viel Spa\u00df bei der Fahrt. Wir starteten am&nbsp;Beyenburger Stausee&nbsp;fuhren durch ein Naturschutzgebiet bis kurz vor die Wuppertalsperre.<\/p>\n<p><img loading=\"lazy\" decoding=\"async\" class=\"size-medium wp-image-3108 alignleft\" src=\"http:\/\/fernwehkinder.de\/wp-content\/uploads\/2017\/07\/elchdraisine-225x300.jpg\" alt=\"\" width=\"225\" height=\"300\" srcset=\"https:\/\/fernwehkinder.de\/wp-content\/uploads\/2017\/07\/elchdraisine-225x300.jpg 225w, https:\/\/fernwehkinder.de\/wp-content\/uploads\/2017\/07\/elchdraisine.jpg 449w\" sizes=\"auto, (max-width: 225px) 100vw, 225px\" \/>Unterwegs konnten wir uns von der Qualifikation der Techniker \u00fcberzeugen: Auf H\u00f6he des W\u00fclfing-Museums wurde die Draisine kurzerhand von den Schienen gelupft und an der Bremsanlage repariert. Auf der ersten Strecke fiel das Treten n\u00e4mlich sehr schwer, es stellte sich heraus, dass die Bremsen leicht angezogen waren. Aurelia und ich verbrachten die Wartezeit mit dem Genuss herrlich reifer Walderdbeeren. Wir mussten nicht einmal teilen, denn die anderen Draisineng\u00e4ste waren weiter gefahren, ohne auf uns zu warten und die uns begleitenden Herren von Wuppertrail auf unserer Draisine hatten (1) eine Fruktoseintoleranz, (2) wegen der Reparatur keine Zeit zum Ernten bzw. (3) Angst vor dem Fuchsbandwurm.<\/p>\n<p><img loading=\"lazy\" decoding=\"async\" class=\"alignnone size-medium wp-image-3109\" src=\"http:\/\/fernwehkinder.de\/wp-content\/uploads\/2017\/07\/P6213251-300x225.jpg\" alt=\"\" width=\"300\" height=\"225\" srcset=\"https:\/\/fernwehkinder.de\/wp-content\/uploads\/2017\/07\/P6213251-300x225.jpg 300w, https:\/\/fernwehkinder.de\/wp-content\/uploads\/2017\/07\/P6213251-768x576.jpg 768w, https:\/\/fernwehkinder.de\/wp-content\/uploads\/2017\/07\/P6213251.jpg 800w\" sizes=\"auto, (max-width: 300px) 100vw, 300px\" \/> <img loading=\"lazy\" decoding=\"async\" class=\"alignnone size-medium wp-image-3111\" src=\"http:\/\/fernwehkinder.de\/wp-content\/uploads\/2017\/07\/P6213254-300x225.jpg\" alt=\"\" width=\"300\" height=\"225\" srcset=\"https:\/\/fernwehkinder.de\/wp-content\/uploads\/2017\/07\/P6213254-300x225.jpg 300w, https:\/\/fernwehkinder.de\/wp-content\/uploads\/2017\/07\/P6213254-768x576.jpg 768w, https:\/\/fernwehkinder.de\/wp-content\/uploads\/2017\/07\/P6213254.jpg 800w\" sizes=\"auto, (max-width: 300px) 100vw, 300px\" \/><img loading=\"lazy\" decoding=\"async\" class=\"alignnone size-medium wp-image-3110\" src=\"http:\/\/fernwehkinder.de\/wp-content\/uploads\/2017\/07\/P6213252-300x225.jpg\" alt=\"\" width=\"300\" height=\"225\" srcset=\"https:\/\/fernwehkinder.de\/wp-content\/uploads\/2017\/07\/P6213252-300x225.jpg 300w, https:\/\/fernwehkinder.de\/wp-content\/uploads\/2017\/07\/P6213252-768x576.jpg 768w, https:\/\/fernwehkinder.de\/wp-content\/uploads\/2017\/07\/P6213252.jpg 800w\" sizes=\"auto, (max-width: 300px) 100vw, 300px\" \/> <img loading=\"lazy\" decoding=\"async\" class=\"alignnone size-medium wp-image-3103\" src=\"http:\/\/fernwehkinder.de\/wp-content\/uploads\/2017\/07\/4206-Wuppertrail-c-Ingrid-Retterath-300x225.jpg\" alt=\"\" width=\"300\" height=\"225\" srcset=\"https:\/\/fernwehkinder.de\/wp-content\/uploads\/2017\/07\/4206-Wuppertrail-c-Ingrid-Retterath-300x225.jpg 300w, https:\/\/fernwehkinder.de\/wp-content\/uploads\/2017\/07\/4206-Wuppertrail-c-Ingrid-Retterath-768x576.jpg 768w, https:\/\/fernwehkinder.de\/wp-content\/uploads\/2017\/07\/4206-Wuppertrail-c-Ingrid-Retterath.jpg 800w\" sizes=\"auto, (max-width: 300px) 100vw, 300px\" \/> <img loading=\"lazy\" decoding=\"async\" class=\"alignnone size-medium wp-image-3102\" src=\"http:\/\/fernwehkinder.de\/wp-content\/uploads\/2017\/07\/4205-Wuppertrail-c-Ingrid-Retterath-300x225.jpg\" alt=\"\" width=\"300\" height=\"225\" srcset=\"https:\/\/fernwehkinder.de\/wp-content\/uploads\/2017\/07\/4205-Wuppertrail-c-Ingrid-Retterath-300x225.jpg 300w, https:\/\/fernwehkinder.de\/wp-content\/uploads\/2017\/07\/4205-Wuppertrail-c-Ingrid-Retterath-768x576.jpg 768w, https:\/\/fernwehkinder.de\/wp-content\/uploads\/2017\/07\/4205-Wuppertrail-c-Ingrid-Retterath.jpg 800w\" sizes=\"auto, (max-width: 300px) 100vw, 300px\" \/> <img loading=\"lazy\" decoding=\"async\" class=\"alignnone size-medium wp-image-3101\" src=\"http:\/\/fernwehkinder.de\/wp-content\/uploads\/2017\/07\/4204-Wuppertrail-c-Ingrid-Retterath-300x225.jpg\" alt=\"\" width=\"300\" height=\"225\" srcset=\"https:\/\/fernwehkinder.de\/wp-content\/uploads\/2017\/07\/4204-Wuppertrail-c-Ingrid-Retterath-300x225.jpg 300w, https:\/\/fernwehkinder.de\/wp-content\/uploads\/2017\/07\/4204-Wuppertrail-c-Ingrid-Retterath-768x576.jpg 768w, https:\/\/fernwehkinder.de\/wp-content\/uploads\/2017\/07\/4204-Wuppertrail-c-Ingrid-Retterath.jpg 800w\" sizes=\"auto, (max-width: 300px) 100vw, 300px\" \/> <img loading=\"lazy\" decoding=\"async\" class=\"alignnone size-medium wp-image-3099\" src=\"http:\/\/fernwehkinder.de\/wp-content\/uploads\/2017\/07\/4202-Wuppertrail-c-Ingrid-Retterath-300x225.jpg\" alt=\"\" width=\"300\" height=\"225\" srcset=\"https:\/\/fernwehkinder.de\/wp-content\/uploads\/2017\/07\/4202-Wuppertrail-c-Ingrid-Retterath-300x225.jpg 300w, https:\/\/fernwehkinder.de\/wp-content\/uploads\/2017\/07\/4202-Wuppertrail-c-Ingrid-Retterath-768x576.jpg 768w, https:\/\/fernwehkinder.de\/wp-content\/uploads\/2017\/07\/4202-Wuppertrail-c-Ingrid-Retterath.jpg 800w\" sizes=\"auto, (max-width: 300px) 100vw, 300px\" \/> <img loading=\"lazy\" decoding=\"async\" class=\"alignnone size-medium wp-image-3098\" src=\"http:\/\/fernwehkinder.de\/wp-content\/uploads\/2017\/07\/4201-Wuppertrail-c-Ingrid-Retterath-300x225.jpg\" alt=\"\" width=\"300\" height=\"225\" srcset=\"https:\/\/fernwehkinder.de\/wp-content\/uploads\/2017\/07\/4201-Wuppertrail-c-Ingrid-Retterath-300x225.jpg 300w, https:\/\/fernwehkinder.de\/wp-content\/uploads\/2017\/07\/4201-Wuppertrail-c-Ingrid-Retterath-768x576.jpg 768w, https:\/\/fernwehkinder.de\/wp-content\/uploads\/2017\/07\/4201-Wuppertrail-c-Ingrid-Retterath.jpg 800w\" sizes=\"auto, (max-width: 300px) 100vw, 300px\" \/><\/p>\n<p>Schade, dass Oma und die Zwillinge nicht dabei waren, sie h\u00e4tten die Fahrt bestimmt auch genossen. Aber Oma hatte zu viel Angst, dass sie selbst in die Pedale treten muss.<\/p>\n<p>Wir kommen wieder, wenn Aurelias Beine gewachsen sind und sie kr\u00e4ftiger mitradeln kann. Bei diesem Mal kam sie auch in der kleinsten Einstellung nur mit den Zehenspitzen an die Pedale, das war anstrengend und wackelig.<\/p>\n<p>Noch lange nach der Fahrt haben wir davon gesprochen, wie lustig es war, wie eine Bahn auf Schienen zu fahren. &#8222;Aber&#8220;, so betont Aurelia jedes Mal, wenn wir davon sprechen, &#8222;eine Bahn hat Vorfahrt, eine Draisine nicht!&#8220; Sie hat sich n\u00e4mlich immer k\u00f6stlich am\u00fcsiert, wenn einer der Fahrtbegleiter von der Draisine sprang und eine Kreuzung der Schienen mit einer Stra\u00dfe mit Warnweste und Fahne absicherte.<\/p>\n","protected":false},"excerpt":{"rendered":"<p>Bei unseren Touren im Bergischen Land trafen wir an einigen Stellen auf ehemalige Bahnstrecken, die nicht mehr f\u00fcr den G\u00fcter- und Personentransport ben\u00f6tigt&#8230;<\/p>\n","protected":false},"author":1,"featured_media":3103,"comment_status":"open","ping_status":"open","sticky":false,"template":"","format":"standard","meta":{"jetpack_post_was_ever_published":false,"_jetpack_newsletter_access":"","_jetpack_dont_email_post_to_subs":false,"_jetpack_newsletter_tier_id":0,"_jetpack_memberships_contains_paywalled_content":false,"_jetpack_memberships_contains_paid_content":false,"footnotes":""},"categories":[3,8,4],"tags":[20,149,109,208,49],"class_list":["post-3092","post","type-post","status-publish","format-standard","has-post-thumbnail","hentry","category-rabenmutter","category-tipps","category-recherchetour","tag-mit-kindern","tag-bahn","tag-bergisches-land","tag-elkline","tag-radfahren"],"jetpack_featured_media_url":"https:\/\/fernwehkinder.de\/wp-content\/uploads\/2017\/07\/4206-Wuppertrail-c-Ingrid-Retterath.jpg","jetpack_sharing_enabled":true,"jetpack-related-posts":[],"jetpack_likes_enabled":true,"_links":{"self":[{"href":"https:\/\/fernwehkinder.de\/index.php?rest_route=\/wp\/v2\/posts\/3092","targetHints":{"allow":["GET"]}}],"collection":[{"href":"https:\/\/fernwehkinder.de\/index.php?rest_route=\/wp\/v2\/posts"}],"about":[{"href":"https:\/\/fernwehkinder.de\/index.php?rest_route=\/wp\/v2\/types\/post"}],"author":[{"embeddable":true,"href":"https:\/\/fernwehkinder.de\/index.php?rest_route=\/wp\/v2\/users\/1"}],"replies":[{"embeddable":true,"href":"https:\/\/fernwehkinder.de\/index.php?rest_route=%2Fwp%2Fv2%2Fcomments&post=3092"}],"version-history":[{"count":1,"href":"https:\/\/fernwehkinder.de\/index.php?rest_route=\/wp\/v2\/posts\/3092\/revisions"}],"predecessor-version":[{"id":8363,"href":"https:\/\/fernwehkinder.de\/index.php?rest_route=\/wp\/v2\/posts\/3092\/revisions\/8363"}],"wp:featuredmedia":[{"embeddable":true,"href":"https:\/\/fernwehkinder.de\/index.php?rest_route=\/wp\/v2\/media\/3103"}],"wp:attachment":[{"href":"https:\/\/fernwehkinder.de\/index.php?rest_route=%2Fwp%2Fv2%2Fmedia&parent=3092"}],"wp:term":[{"taxonomy":"category","embeddable":true,"href":"https:\/\/fernwehkinder.de\/index.php?rest_route=%2Fwp%2Fv2%2Fcategories&post=3092"},{"taxonomy":"post_tag","embeddable":true,"href":"https:\/\/fernwehkinder.de\/index.php?rest_route=%2Fwp%2Fv2%2Ftags&post=3092"}],"curies":[{"name":"wp","href":"https:\/\/api.w.org\/{rel}","templated":true}]}}