{"id":4471,"date":"2018-03-08T13:06:18","date_gmt":"2018-03-08T12:06:18","guid":{"rendered":"http:\/\/fernwehkinder.de\/?p=4471"},"modified":"2018-03-08T09:20:05","modified_gmt":"2018-03-08T08:20:05","slug":"ein-belegexemplar-flattert-ins-haus","status":"publish","type":"post","link":"https:\/\/fernwehkinder.de\/?p=4471","title":{"rendered":"Ein Belegexemplar flattert ins Haus"},"content":{"rendered":"<p><img loading=\"lazy\" decoding=\"async\" class=\"size-medium wp-image-4472 alignright\" src=\"http:\/\/fernwehkinder.de\/wp-content\/uploads\/2018\/03\/9783770020065-745x1146-195x300.jpg\" alt=\"\" width=\"195\" height=\"300\" srcset=\"https:\/\/fernwehkinder.de\/wp-content\/uploads\/2018\/03\/9783770020065-745x1146-195x300.jpg 195w, https:\/\/fernwehkinder.de\/wp-content\/uploads\/2018\/03\/9783770020065-745x1146-666x1024.jpg 666w, https:\/\/fernwehkinder.de\/wp-content\/uploads\/2018\/03\/9783770020065-745x1146.jpg 745w\" sizes=\"auto, (max-width: 195px) 100vw, 195px\" \/>Von meinen F\u00e4higkeiten als Fotografin halte ich nicht besonders viel. Obwohl ich als Sch\u00fclerin sogar mit Belichtungsmesser unterwegs war und selbst in der Dunkelkammer stand, komme ich nicht gro\u00dfartig \u00fcber Schnappschuss-Niveau heraus. Na gut, so lange es meinen Verlegern reicht, ist ja alles gut.<\/p>\n<p>Umso mehr habe ich mich gefreut, als ich heute das Belegexemplar eines anderen F\u00fchrers im Briefkasten fand, bei dem zwei meiner Fotos Verwendung fanden, die ich f\u00fcr die &#8222;Bergische Maus&#8220; eingereicht hatte.<\/p>\n<p>Der Tag begann mit Schmerzen, Atemnot und schlecht gelaunten Kinder, ist aber seit dem \u00d6ffnen der Post trotzdem mein Freund.<\/p>\n","protected":false},"excerpt":{"rendered":"<p>Von meinen F\u00e4higkeiten als Fotografin halte ich nicht besonders viel. Obwohl ich als Sch\u00fclerin sogar mit Belichtungsmesser unterwegs war und selbst in der&#8230;<\/p>\n","protected":false},"author":1,"featured_media":4472,"comment_status":"open","ping_status":"open","sticky":false,"template":"","format":"standard","meta":{"jetpack_post_was_ever_published":false,"_jetpack_newsletter_access":"","_jetpack_dont_email_post_to_subs":false,"_jetpack_newsletter_tier_id":0,"_jetpack_memberships_contains_paywalled_content":false,"_jetpack_memberships_contains_paid_content":false,"footnotes":""},"categories":[5],"tags":[109,74,253,34],"class_list":["post-4471","post","type-post","status-publish","format-standard","has-post-thumbnail","hentry","category-buchprojekte","tag-bergisches-land","tag-buecher","tag-droste-verlag","tag-fotos"],"jetpack_featured_media_url":"https:\/\/fernwehkinder.de\/wp-content\/uploads\/2018\/03\/9783770020065-745x1146.jpg","jetpack_sharing_enabled":true,"jetpack-related-posts":[],"jetpack_likes_enabled":true,"_links":{"self":[{"href":"https:\/\/fernwehkinder.de\/index.php?rest_route=\/wp\/v2\/posts\/4471","targetHints":{"allow":["GET"]}}],"collection":[{"href":"https:\/\/fernwehkinder.de\/index.php?rest_route=\/wp\/v2\/posts"}],"about":[{"href":"https:\/\/fernwehkinder.de\/index.php?rest_route=\/wp\/v2\/types\/post"}],"author":[{"embeddable":true,"href":"https:\/\/fernwehkinder.de\/index.php?rest_route=\/wp\/v2\/users\/1"}],"replies":[{"embeddable":true,"href":"https:\/\/fernwehkinder.de\/index.php?rest_route=%2Fwp%2Fv2%2Fcomments&post=4471"}],"version-history":[{"count":0,"href":"https:\/\/fernwehkinder.de\/index.php?rest_route=\/wp\/v2\/posts\/4471\/revisions"}],"wp:featuredmedia":[{"embeddable":true,"href":"https:\/\/fernwehkinder.de\/index.php?rest_route=\/wp\/v2\/media\/4472"}],"wp:attachment":[{"href":"https:\/\/fernwehkinder.de\/index.php?rest_route=%2Fwp%2Fv2%2Fmedia&parent=4471"}],"wp:term":[{"taxonomy":"category","embeddable":true,"href":"https:\/\/fernwehkinder.de\/index.php?rest_route=%2Fwp%2Fv2%2Fcategories&post=4471"},{"taxonomy":"post_tag","embeddable":true,"href":"https:\/\/fernwehkinder.de\/index.php?rest_route=%2Fwp%2Fv2%2Ftags&post=4471"}],"curies":[{"name":"wp","href":"https:\/\/api.w.org\/{rel}","templated":true}]}}