{"id":4676,"date":"2018-04-13T00:56:47","date_gmt":"2018-04-12T22:56:47","guid":{"rendered":"http:\/\/fernwehkinder.de\/?p=4676"},"modified":"2018-04-13T00:56:47","modified_gmt":"2018-04-12T22:56:47","slug":"eine-unter-die-haut-gehende-recherche-auf-melaten","status":"publish","type":"post","link":"https:\/\/fernwehkinder.de\/?p=4676","title":{"rendered":"Eine unter die Haut gehende Recherche auf Melaten"},"content":{"rendered":"<figure id=\"attachment_4684\" aria-describedby=\"caption-attachment-4684\" style=\"width: 200px\" class=\"wp-caption alignright\"><img loading=\"lazy\" decoding=\"async\" class=\"wp-image-4684 size-medium\" src=\"http:\/\/fernwehkinder.de\/wp-content\/uploads\/2018\/04\/DSC_0593-200x300.jpg\" alt=\"\" width=\"200\" height=\"300\" srcset=\"https:\/\/fernwehkinder.de\/wp-content\/uploads\/2018\/04\/DSC_0593-200x300.jpg 200w, https:\/\/fernwehkinder.de\/wp-content\/uploads\/2018\/04\/DSC_0593.jpg 320w\" sizes=\"auto, (max-width: 200px) 100vw, 200px\" \/><figcaption id=\"caption-attachment-4684\" class=\"wp-caption-text\">Ein Lappenclown auf dem Grab eines Vollblutkarnevalisten<\/figcaption><\/figure>\n<p>Ein Ziel f\u00fcr den Ausflugsf\u00fchrer mag euch ungew\u00f6hnlich vorkommen: ich nehme meine kleinen Leser mit auf einen Friedhof. Damit stehe ich nicht alleine: fast alle Anbieter von K\u00f6lner Stadtf\u00fchrungen haben einen Ausflug zum Melaten-Friedhof im Angebot, oft sogar als Kinderf\u00fchrung. Denn hier gibt es f\u00fcr Kinder viel zu sehen, das sie vielleicht gar nicht auf einem Friedhof erwarten w\u00fcrden.<\/p>\n<p>Es ist auch nicht irgendein Friedhof. Es ist einer meiner drei Lieblingsfriedh\u00f6fe. Nummer eins befindet sich auf dem Great Ormes Head in Nordwales, Nummer zwei in Mahdia, also beide direkt am Meer.<\/p>\n<p>Seit meinem Studium mag ich Melaten, den gro\u00dfen alten Friedhof an der \u00d6cher Stro\u00df (Aachener Stra\u00dfe). Der k\u00fcrzeste Weg zu meinem Seminar f\u00fcr Rechtsmedizin f\u00fchrte \u00fcber das Friedhofsgel\u00e4nde. Unz\u00e4hlige V\u00f6gel sangen mir ein Lied, freundliche Schutzengel aus Sandstein schauten mir nach und liebenswerte \u00e4ltere Damen erwiderten meinen Morgengru\u00df.<\/p>\n<h4>Viel Leben auf dem Friedhof<\/h4>\n<p>Obwohl ich von Geburt an Naturfreundemitglied war, hatte ich nie eine genaue Ahnung, wer dort f\u00fcr mich sang, aber die Vielfalt der Stimmen wird an keiner mir bekannten Stelle \u00fcberboten. Nachdem ich oft genug davon geschw\u00e4rmt hatte, organisierte unser Wandergruppenleiter eine F\u00fchrung \u00fcber Melaten. Wir lernten, dass w\u00e4hrend der franz\u00f6sischen Besetzung K\u00f6lns Beerdigungen innerhalb der mittelalterlichen Stadt untersagt wurden und der K\u00f6lner Universalgelehrte Franz Ferdinand Wallraf das Areal des alten Leprosenheims f\u00fcr die Einrichtung des ersten K\u00f6lner Zentralfriedhofs vorschlug. Franzosen und K\u00f6lsche sagen &#8222;malade&#8220;, wenn jemand krank ist, darauf ergab sich in sp\u00e4teren Jahren die Bezeichnung &#8222;Melaten&#8220;. Neben diesem Ausflug in die Geschichte sprach der F\u00fchrer von \u00fcber 30 verschiedenen Vogelarten, die sich in diesem Parkgel\u00e4nde wohl f\u00fchlen.<\/p>\n<figure id=\"attachment_4686\" aria-describedby=\"caption-attachment-4686\" style=\"width: 300px\" class=\"wp-caption aligncenter\"><img loading=\"lazy\" decoding=\"async\" class=\"wp-image-4686 size-medium\" src=\"http:\/\/fernwehkinder.de\/wp-content\/uploads\/2018\/04\/DSC_0583-300x200.jpg\" alt=\"\" width=\"300\" height=\"200\" srcset=\"https:\/\/fernwehkinder.de\/wp-content\/uploads\/2018\/04\/DSC_0583-300x200.jpg 300w, https:\/\/fernwehkinder.de\/wp-content\/uploads\/2018\/04\/DSC_0583.jpg 640w\" sizes=\"auto, (max-width: 300px) 100vw, 300px\" \/><figcaption id=\"caption-attachment-4686\" class=\"wp-caption-text\">Dieser Vogel wurde vom NABU nicht mitgez\u00e4hlt<\/figcaption><\/figure>\n<p>Diese Zahl ist inzwischen gestiegen. Unser heutiger Ansprechpartner sprach von \u00fcber 40 Arten, was wir ihm gerne glauben, denn mit seiner Hilfe konnten wir mehr als ein Dutzend Piepm\u00e4tze an der Stimme oder am Aussehen spontan auseinander halten: Spatz, Amsel, Blaumeise, Rotkehlchen, Buntspecht, Sperber, Kernbei\u00dfer, Taube, Singdrossel, Habicht, Dompfaff, Gr\u00fcnfink, und die f\u00fcrchterlich lauten Alexandersittiche! Diese Schreih\u00e4lse wurden dann auch von Aurelia erst einmal zurecht gewiesen: &#8222;Auf einem Friedhof darf man nicht schreien!&#8220;<\/p>\n<p>Wir sprachen \u00fcbe Flederm\u00e4use, heimische und zugewanderte Eichh\u00f6rnchen, Feldm\u00e4use, verwilderte Katzen und die Fuchsfamilien, die sich auf dem Friedhof zuhause f\u00fchlen. Aurelia entdeckte zudem auf der Unterseite eines M\u00fclleimerdeckels eine Weinbergschnecke, Nele wies auf einen Blindenhund hin. Ja, es ist wirklich viel Leben auf diesem Friedhof.<\/p>\n<h4>Gedanken \u00fcber den Tod<\/h4>\n<p>Doch es ist eben auch ein Friedhof. Nach dem Gespr\u00e4ch spazierten wir noch eine ganze Weile durch die Wege und Grabfelder.<\/p>\n<p>Wir standen nachdenklich vor dem Grab von Guido Westerwelle und fragten uns, wer wohl die kleinen kitschigen Schutzengel auf den Grabstein gestellt haben k\u00f6nnte.<\/p>\n<figure id=\"attachment_4683\" aria-describedby=\"caption-attachment-4683\" style=\"width: 300px\" class=\"wp-caption aligncenter\"><img loading=\"lazy\" decoding=\"async\" class=\"wp-image-4683 size-medium\" src=\"http:\/\/fernwehkinder.de\/wp-content\/uploads\/2018\/04\/DSC_0600-300x200.jpg\" alt=\"\" width=\"300\" height=\"200\" srcset=\"https:\/\/fernwehkinder.de\/wp-content\/uploads\/2018\/04\/DSC_0600-300x200.jpg 300w, https:\/\/fernwehkinder.de\/wp-content\/uploads\/2018\/04\/DSC_0600.jpg 640w\" sizes=\"auto, (max-width: 300px) 100vw, 300px\" \/><figcaption id=\"caption-attachment-4683\" class=\"wp-caption-text\">Westerwelle starb sehr jung<\/figcaption><\/figure>\n<p>Wir waren beeindruckt von den pr\u00e4chtigen Grabst\u00e4tten und Gruften auf der &#8222;Millionenallee&#8220;, die ich versehentlich im Gespr\u00e4ch mit einem der Friedhofsg\u00e4rtner &#8222;Melonenallee&#8220; nannte. Da meint man, die Kinder h\u00f6ren nicht zu, aber als wir dann in diesem Weg standen, fragte Nele, wo es denn jetzt die Melonen gibt. Die gro\u00dfe Schwester konterte altklug: &#8222;Das ist doch hier ein Friedhof, w\u00fcrde hier eine Melone liegen, w\u00e4re sie doch schon tot und w\u00fcrde nicht mehr schmecken!&#8220;<\/p>\n<p>Wir freuten uns an der Heiterkeit der Gr\u00e4ber von Hans-Gert Kierdorf und Hans-Horst Engels, deren Gr\u00e4ber von einem Karnevalsfunken und einem Lappenclown dominiert werden.<\/p>\n<figure id=\"attachment_4685\" aria-describedby=\"caption-attachment-4685\" style=\"width: 300px\" class=\"wp-caption aligncenter\"><img loading=\"lazy\" decoding=\"async\" class=\"wp-image-4685 size-medium\" src=\"http:\/\/fernwehkinder.de\/wp-content\/uploads\/2018\/04\/DSC_0588-300x200.jpg\" alt=\"\" width=\"300\" height=\"200\" srcset=\"https:\/\/fernwehkinder.de\/wp-content\/uploads\/2018\/04\/DSC_0588-300x200.jpg 300w, https:\/\/fernwehkinder.de\/wp-content\/uploads\/2018\/04\/DSC_0588.jpg 640w\" sizes=\"auto, (max-width: 300px) 100vw, 300px\" \/><figcaption id=\"caption-attachment-4685\" class=\"wp-caption-text\">Ist der Mann im Karneval gestorben?<\/figcaption><\/figure>\n<p>Wir sprachen am Grab der Familie Stollwerck \u00fcber unsere gestrigen Besuch im Schokoladenmuseum und meinen Studentenjob in der Stollwerck-Fabrik.<\/p>\n<p><img loading=\"lazy\" decoding=\"async\" class=\"wp-image-4682 size-medium aligncenter\" src=\"http:\/\/fernwehkinder.de\/wp-content\/uploads\/2018\/04\/DSC_0607-200x300.jpg\" alt=\"\" width=\"200\" height=\"300\" srcset=\"https:\/\/fernwehkinder.de\/wp-content\/uploads\/2018\/04\/DSC_0607-200x300.jpg 200w, https:\/\/fernwehkinder.de\/wp-content\/uploads\/2018\/04\/DSC_0607.jpg 320w\" sizes=\"auto, (max-width: 200px) 100vw, 200px\" \/><\/p>\n<p>Aufrichtiges Gedenken an die Familie StollwerckWir sprachen \u00fcber Soldaten, Krieg und Kameradschaft, als wir den Ehrenfriedhof erreichten. Meiner Gro\u00dfen erschien es vollkommen logisch, dass die Soldaten, die nebeneinander marschierten, k\u00e4mpften und starben, auch &#8222;neben ihren Freunden&#8220; begraben wurden. Als sie dann nach einem ernsten &#8222;Krieg ist unn\u00f6tig und doof!&#8220; auch noch fragte, ob der &#8222;Chef von den Amerikanern&#8220; denn gar nicht wei\u00df, wie gemein es ist, andere Leute in den Krieg zu schicken und sterben zu lassen, wurde mir flau. Welches Weltbild muss ein kleines sechsj\u00e4hriges M\u00e4dchen in der heutigen Zeit bekommen, wenn ein affektgesteuerter US-Pr\u00e4sident per Twitter (!) Kriege androht? Nein, ich lese ihr nicht den Weltpolitikteil der Zeitung vor und binde sie nicht vor der Tagesschau fest, aber das ist es, was sie aufschnappt und hinterfragt, wenn sie mir beim Zeitunglesen \u00fcber die Schulter sieht.<\/p>\n<figure id=\"attachment_4679\" aria-describedby=\"caption-attachment-4679\" style=\"width: 300px\" class=\"wp-caption aligncenter\"><img loading=\"lazy\" decoding=\"async\" class=\"wp-image-4679 size-medium\" src=\"http:\/\/fernwehkinder.de\/wp-content\/uploads\/2018\/04\/DSC_0609-300x200.jpg\" alt=\"\" width=\"300\" height=\"200\" srcset=\"https:\/\/fernwehkinder.de\/wp-content\/uploads\/2018\/04\/DSC_0609-300x200.jpg 300w, https:\/\/fernwehkinder.de\/wp-content\/uploads\/2018\/04\/DSC_0609.jpg 640w\" sizes=\"auto, (max-width: 300px) 100vw, 300px\" \/><figcaption id=\"caption-attachment-4679\" class=\"wp-caption-text\">Soldatenfriedhof<\/figcaption><\/figure>\n<p>Wir sprachen \u00fcber den Sensenmann und den Aberglauben der Menschen in fr\u00fcherer Zeit. Nein, wenn unser Tod bevorsteht, klopft kein Knochenmann mit schwarzem Kaputzenmantel an unsere T\u00fcr, die Sense in der Hand.<\/p>\n<figure id=\"attachment_4680\" aria-describedby=\"caption-attachment-4680\" style=\"width: 200px\" class=\"wp-caption aligncenter\"><img loading=\"lazy\" decoding=\"async\" class=\"wp-image-4680 size-medium\" src=\"http:\/\/fernwehkinder.de\/wp-content\/uploads\/2018\/04\/DSC_0623-200x300.jpg\" alt=\"\" width=\"200\" height=\"300\" srcset=\"https:\/\/fernwehkinder.de\/wp-content\/uploads\/2018\/04\/DSC_0623-200x300.jpg 200w, https:\/\/fernwehkinder.de\/wp-content\/uploads\/2018\/04\/DSC_0623.jpg 320w\" sizes=\"auto, (max-width: 200px) 100vw, 200px\" \/><figcaption id=\"caption-attachment-4680\" class=\"wp-caption-text\">Keine Angst vor dem Sensenmann<\/figcaption><\/figure>\n<p>Wir sprachen \u00fcber Schutzengel und den auch darin liegenden Aberglauben. Hier erwischte mich Aurelia: &#8222;Aber Mama, du sagst doch immer, dass du nur so schnell f\u00e4hrst, wie dein Schutzengel fliegen kann!&#8220;<\/p>\n<p>Wir gingen voller Andacht und Dankbarkeit durch die Reihen der Kindergr\u00e4ber. So viele Kinder mussten fr\u00fch sterben, wir k\u00f6nnen dankbar sein f\u00fcr unser Leben. Cari und Nele freuten sich zwar an den Spielzeugen und an der bunten Gestaltung der Gr\u00e4ber, aber sp\u00fcrten schnell, dass dies kein Platz zum Toben ist. Aurelia lie\u00df sich bei jedem Grab vorrechnen, wie alt das Kind geworden war. Sie entdeckte zwei gleich gestaltete Kindergr\u00e4ber mit dem gleichen Nachnamen und erkannte an den Zahlen, dass in dieser Familie zwei Kinder in aufeinander folgenden Jahren gleich nach der Geburt gestorben waren. Wir \u00fcberlegten, ob es ein gutes Zeichen ist, wenn die Gr\u00e4ber nicht mehr perfekt gepflegt sind. Haben sie ihr Kind vergessen? Sind sie in eine andere Stadt gezogen? Trauern die Eltern so sehr, dass sie nicht zum Grab kommen k\u00f6nnen? Haben sie sich mit einem neuen Kind getr\u00f6stet?<\/p>\n<figure id=\"attachment_4678\" aria-describedby=\"caption-attachment-4678\" style=\"width: 300px\" class=\"wp-caption aligncenter\"><img loading=\"lazy\" decoding=\"async\" class=\"wp-image-4678 size-medium\" src=\"http:\/\/fernwehkinder.de\/wp-content\/uploads\/2018\/04\/DSC_0641-300x200.jpg\" alt=\"\" width=\"300\" height=\"200\" srcset=\"https:\/\/fernwehkinder.de\/wp-content\/uploads\/2018\/04\/DSC_0641-300x200.jpg 300w, https:\/\/fernwehkinder.de\/wp-content\/uploads\/2018\/04\/DSC_0641.jpg 640w\" sizes=\"auto, (max-width: 300px) 100vw, 300px\" \/><figcaption id=\"caption-attachment-4678\" class=\"wp-caption-text\">Verwilderte Kindergr\u00e4ber<\/figcaption><\/figure>\n<p>Wir mutma\u00dften, dass es einen Code gibt, wenn nur ein Datum da steht: Wenn ein Sternchen * und ein Kreuz neben dem Datum stehen, hat das Kind nach der Geburt gelebt und ist noch am selben Tag gestorben. Ohne Stern und Kreuz wurde es vielleicht tot geboren. Aurelia erz\u00e4hlte von einem M\u00e4dchen aus der Schule, dessen kleiner Bruder tot geboren wurde. Davon h\u00e4tte ich ohne diesen Besuch wohl nie erfahren, obwohl es sie besch\u00e4ftigt. Wir zogen die Aufmerksamkeit von drei Frauen auf uns, die in diesem Gr\u00e4berfeld standen und miteinander sprachen. Es stellte sich heraus, dass jede von ihnen hier ein Kind liegen hatte. Sie freuten sich dar\u00fcber, dass lebende Kinder sich f\u00fcr die Gr\u00e4ber ihrer Kinder interessieren und beantworteten alle Fragen.<\/p>\n<figure id=\"attachment_4681\" aria-describedby=\"caption-attachment-4681\" style=\"width: 300px\" class=\"wp-caption aligncenter\"><img loading=\"lazy\" decoding=\"async\" class=\"wp-image-4681 size-medium\" src=\"http:\/\/fernwehkinder.de\/wp-content\/uploads\/2018\/04\/DSC_0639-300x200.jpg\" alt=\"\" width=\"300\" height=\"200\" srcset=\"https:\/\/fernwehkinder.de\/wp-content\/uploads\/2018\/04\/DSC_0639-300x200.jpg 300w, https:\/\/fernwehkinder.de\/wp-content\/uploads\/2018\/04\/DSC_0639.jpg 640w\" sizes=\"auto, (max-width: 300px) 100vw, 300px\" \/><figcaption id=\"caption-attachment-4681\" class=\"wp-caption-text\">Frische Blumen auf dem Kindergrab<\/figcaption><\/figure>\n<p>Wir sprachen \u00fcber Aurelias ersten Besuch auf diesem Friedhof, als wir am Geburtstag von Heinz G. Konsalik rund um sein Grab auf allen Ruheb\u00e4nken bei Bookcrossing registrierte Konsalikb\u00fccher ausgewildert hatten.<\/p>\n<p>Wir lachten zum Abschluss noch herzhaft \u00fcber einen Grabstein mit zwei H\u00e4hnen, der zum Gedenken an Siegbert Hahn und Dr. Peter Guckel aufgestellt worden war.<\/p>\n<figure id=\"attachment_4687\" aria-describedby=\"caption-attachment-4687\" style=\"width: 300px\" class=\"wp-caption aligncenter\"><img loading=\"lazy\" decoding=\"async\" class=\"wp-image-4687 size-medium\" src=\"http:\/\/fernwehkinder.de\/wp-content\/uploads\/2018\/04\/DSC_0644-300x200.jpg\" alt=\"\" width=\"300\" height=\"200\" srcset=\"https:\/\/fernwehkinder.de\/wp-content\/uploads\/2018\/04\/DSC_0644-300x200.jpg 300w, https:\/\/fernwehkinder.de\/wp-content\/uploads\/2018\/04\/DSC_0644.jpg 640w\" sizes=\"auto, (max-width: 300px) 100vw, 300px\" \/><figcaption id=\"caption-attachment-4687\" class=\"wp-caption-text\">Hahn und Guckel<\/figcaption><\/figure>\n<p>Dieser Besuch war nicht nur f\u00fcr die Recherche wichtig, sondern auch f\u00fcr uns als Familie. Wir haben viel \u00fcber den Tod gesprochen. \u00dcber den k\u00fcrzlich verstorbenen Opa Heinz. \u00dcber dessen Frau, die Oma Hedi, die nur Aurelia kannte und an die diese sich nicht erinnert. \u00dcber den Opa Alois, den keines der M\u00e4dchen kennen lernen konnte, weil er starb, als Mama 3 Jahre alt war. \u00dcber den inzwischen schon fast zwei Jahre toten Maxim. \u00dcber unseren Nachbarn Heinz, der w\u00e4hrend unserer ersten Mallorcareise beerdigt wurde.<\/p>\n<p>Wir sprachen auch \u00fcber unterschiedliche Bestattungsarten. Meine Idee, mir im Friedwald Bad M\u00fcnstereifel oder im Ruheforst H\u00fcmmel einen h\u00fcbschen Baum auszusuchen, den ich dann nach meinem Tod fein d\u00fcnge (oder mit Schwermetallen belaste?), fanden die Kinder fad. Omas Wunsch nach einer Seebestattung auf der Ostsee vor Niendorf entspricht eher ihren Vorstellungen: Eine Reise ans Meer und dann auch noch eine Schifffahrt! Aurelia schw\u00e4rmte den Kleinen von Axels Seebestattung in den Niederlanden vor, an die sie sich tats\u00e4chlich nach dreieinhalb Jahren noch erinnert. Nun wollen sie mich auch bequatschen, mich den Fischen vorwerfen zu lassen. \u00dcberzeugt bin ich noch nicht, das stelle ich mir k\u00e4lter und ungem\u00fctlicher vor als am Fu\u00df einer alten Eifelbuche.<\/p>\n<p>Einig waren wir uns aber, dass wir uns alle noch ganz viel Zeit nehmen wollen mit dem Sterben &#8211; und dass wir es genie\u00dfen wollen, dass wir leben. Logische Konsequenz war, dass wir auf dem Heimweg einen kleinen Stopp f\u00fcr ein leckeres Eis einlegten. So sch\u00f6n kann das Leben sein!<\/p>\n","protected":false},"excerpt":{"rendered":"<p>Ein Ziel f\u00fcr den Ausflugsf\u00fchrer mag euch ungew\u00f6hnlich vorkommen: ich nehme meine kleinen Leser mit auf einen Friedhof. Damit stehe ich nicht alleine:&#8230;<\/p>\n","protected":false},"author":1,"featured_media":4679,"comment_status":"open","ping_status":"open","sticky":false,"template":"","format":"standard","meta":{"jetpack_post_was_ever_published":false,"_jetpack_newsletter_access":"","_jetpack_dont_email_post_to_subs":false,"_jetpack_newsletter_tier_id":0,"_jetpack_memberships_contains_paywalled_content":false,"_jetpack_memberships_contains_paid_content":false,"footnotes":""},"categories":[6,5,7,4],"tags":[20,73,68,67,29,31],"class_list":["post-4676","post","type-post","status-publish","format-standard","has-post-thumbnail","hentry","category-nachdenkliches","category-buchprojekte","category-kinder","category-recherchetour","tag-mit-kindern","tag-bookcrossing","tag-koeln","tag-tiere","tag-tod","tag-trauer"],"jetpack_featured_media_url":"https:\/\/fernwehkinder.de\/wp-content\/uploads\/2018\/04\/DSC_0609.jpg","jetpack_sharing_enabled":true,"jetpack-related-posts":[],"jetpack_likes_enabled":true,"_links":{"self":[{"href":"https:\/\/fernwehkinder.de\/index.php?rest_route=\/wp\/v2\/posts\/4676","targetHints":{"allow":["GET"]}}],"collection":[{"href":"https:\/\/fernwehkinder.de\/index.php?rest_route=\/wp\/v2\/posts"}],"about":[{"href":"https:\/\/fernwehkinder.de\/index.php?rest_route=\/wp\/v2\/types\/post"}],"author":[{"embeddable":true,"href":"https:\/\/fernwehkinder.de\/index.php?rest_route=\/wp\/v2\/users\/1"}],"replies":[{"embeddable":true,"href":"https:\/\/fernwehkinder.de\/index.php?rest_route=%2Fwp%2Fv2%2Fcomments&post=4676"}],"version-history":[{"count":0,"href":"https:\/\/fernwehkinder.de\/index.php?rest_route=\/wp\/v2\/posts\/4676\/revisions"}],"wp:featuredmedia":[{"embeddable":true,"href":"https:\/\/fernwehkinder.de\/index.php?rest_route=\/wp\/v2\/media\/4679"}],"wp:attachment":[{"href":"https:\/\/fernwehkinder.de\/index.php?rest_route=%2Fwp%2Fv2%2Fmedia&parent=4676"}],"wp:term":[{"taxonomy":"category","embeddable":true,"href":"https:\/\/fernwehkinder.de\/index.php?rest_route=%2Fwp%2Fv2%2Fcategories&post=4676"},{"taxonomy":"post_tag","embeddable":true,"href":"https:\/\/fernwehkinder.de\/index.php?rest_route=%2Fwp%2Fv2%2Ftags&post=4676"}],"curies":[{"name":"wp","href":"https:\/\/api.w.org\/{rel}","templated":true}]}}