{"id":5819,"date":"2019-02-23T11:45:24","date_gmt":"2019-02-23T10:45:24","guid":{"rendered":"http:\/\/fernwehkinder.de\/?p=5819"},"modified":"2019-02-23T11:45:29","modified_gmt":"2019-02-23T10:45:29","slug":"sollte-ein-kind-ski-fahren-koennen","status":"publish","type":"post","link":"https:\/\/fernwehkinder.de\/?p=5819","title":{"rendered":"Sollte ein Kind Ski fahren k\u00f6nnen?"},"content":{"rendered":"\n<p>Cari hat es schon mit 2 1\/2 Jahren das erste Mal gemacht, meine erste Erinnerung an einen Skikindergarten liegt in der N\u00e4he meines 4. Geburtstags und Aurelia hat gestern ihren ersten Skikurs mit Erfolg beendet. Nach nur vier Tagen \u00e0 2,5 Stunden kann sie Pflug, Pflugbogen, aufstehen, aufsteigen und Lift fahren! <\/p>\n\n\n\n<p>Dabei musste ich einige neue Vokabeln lernen: Was wir Parallelski nannten, hei\u00dft heute Fritten, aus dem Pflug wurde eine Pizza, aus dem Pflugbogen eine fliegende Pizza und unser Aufstieg hei\u00dft heute Treppe oder Bergaufpizza. Wie gut, dass ich keine Skilehrerin bin, ich h\u00e4tte bei dieser modernen Art der Erkl\u00e4rung st\u00e4ndig Hunger!<\/p>\n\n\n\n<ul class=\"wp-block-gallery columns-2 is-cropped wp-block-gallery-1 is-layout-flex wp-block-gallery-is-layout-flex\"><li class=\"blocks-gallery-item\"><figure><img loading=\"lazy\" decoding=\"async\" width=\"800\" height=\"533\" src=\"http:\/\/fernwehkinder.de\/wp-content\/uploads\/2019\/02\/P2210443.jpg\" alt=\"\" data-id=\"5823\" data-link=\"http:\/\/fernwehkinder.de\/?attachment_id=5823\" class=\"wp-image-5823\" srcset=\"https:\/\/fernwehkinder.de\/wp-content\/uploads\/2019\/02\/P2210443.jpg 800w, https:\/\/fernwehkinder.de\/wp-content\/uploads\/2019\/02\/P2210443-300x200.jpg 300w, https:\/\/fernwehkinder.de\/wp-content\/uploads\/2019\/02\/P2210443-768x512.jpg 768w\" sizes=\"auto, (max-width: 800px) 100vw, 800px\" \/><\/figure><\/li><li class=\"blocks-gallery-item\"><figure><img loading=\"lazy\" decoding=\"async\" width=\"800\" height=\"533\" src=\"http:\/\/fernwehkinder.de\/wp-content\/uploads\/2019\/02\/P2210448.jpg\" alt=\"\" data-id=\"5824\" data-link=\"http:\/\/fernwehkinder.de\/?attachment_id=5824\" class=\"wp-image-5824\" srcset=\"https:\/\/fernwehkinder.de\/wp-content\/uploads\/2019\/02\/P2210448.jpg 800w, https:\/\/fernwehkinder.de\/wp-content\/uploads\/2019\/02\/P2210448-300x200.jpg 300w, https:\/\/fernwehkinder.de\/wp-content\/uploads\/2019\/02\/P2210448-768x512.jpg 768w\" sizes=\"auto, (max-width: 800px) 100vw, 800px\" \/><\/figure><\/li><\/ul>\n\n\n\n<p>Ich bin stolz auf meine Gro\u00dfe. Sie hat es nicht so mit Sportarten, bei denen Kraft, Z\u00e4higkeit und Durchhaltewillen gefragt sind. R\u00fcckschl\u00e4ge spornen sie nicht an, sondern entmutigen sie. Deshalb habe ich auch nicht locker gelassen, genau wie vor drei Jahren mit dem Schwimmen. <\/p>\n\n\n\n<p>Nur war es seinerzeit f\u00fcr uns beide der falsche Weg, nur einmal w\u00f6chentlich zum Schwimmkurs zu gehen. Erst ein Intensivkurs brachte den Erfolg: Mit ihrer Schwimmtrainerin Kate hatten wir vereinbart, so lange t\u00e4glich schwimmen zu gehen, bis sie reif f\u00fcr die Seepferdchenpr\u00fcfung ist. Montags schaffte sie noch keine drei Schwimmz\u00fcge in Folge, am Mittwoch teilte mir die Trainerin mit, dass ich am Donnerstag mit ins Schwimmbad kommen m\u00f6ge. Aurelia ging zur Kanzel, zupfte einem Schwimmmeister am Shirt und sagte: &#8222;Ich will dir das Seepferdchen zeigen!&#8220;. Er hatte Zeit, nahm ihr die Pr\u00fcfung ab und mein Kind stand keine Viertelstunde sp\u00e4ter mit Abzeichen und Urkunde am Beckenrand!<\/p>\n\n\n\n<p>Schwimmen ist aktuell das Thema f\u00fcr die Kleinen. Sie haben hier im Hotel vier Tage hintereinander einen Minimaus-Schwimmkurs mitgemacht. Sie k\u00f6nnen noch nicht schwimmen. So schnell geht das nicht bei ihnen. Aber sie bewegen sich mit Schwimmhilfen angstfrei im Wasser, selbst wenn ein Erwachsener direkt neben ihnen mit einer Arschbombe oder einem Bauchplatscher ins Wasser springt. Das ist ein enormer Erfolg f\u00fcr die beiden, auf den sie auch stolz sein d\u00fcrfen. Sie wissen aber auch, dass wir weiter machen, bis sie ohne Hilfe schwimmen k\u00f6nnen.<\/p>\n\n\n\n<ul class=\"wp-block-gallery columns-1 is-cropped wp-block-gallery-2 is-layout-flex wp-block-gallery-is-layout-flex\"><li class=\"blocks-gallery-item\"><figure><img loading=\"lazy\" decoding=\"async\" width=\"800\" height=\"533\" src=\"http:\/\/fernwehkinder.de\/wp-content\/uploads\/2019\/02\/P2220462.jpg\" alt=\"\" data-id=\"5825\" data-link=\"http:\/\/fernwehkinder.de\/?attachment_id=5825\" class=\"wp-image-5825\" srcset=\"https:\/\/fernwehkinder.de\/wp-content\/uploads\/2019\/02\/P2220462.jpg 800w, https:\/\/fernwehkinder.de\/wp-content\/uploads\/2019\/02\/P2220462-300x200.jpg 300w, https:\/\/fernwehkinder.de\/wp-content\/uploads\/2019\/02\/P2220462-768x512.jpg 768w\" sizes=\"auto, (max-width: 800px) 100vw, 800px\" \/><\/figure><\/li><\/ul>\n\n\n\n<p>Ich bin der Auffassung, dass meine Kinder einiges unbedingt bis zur Einschulung lernen sollten:<\/p>\n\n\n\n<ul class=\"wp-block-list\"><li>Bitte, Danke, Warten<\/li><li>Nachname und Anschrift nennen<\/li><li>Schleife binden<\/li><li>Haare flechten<\/li><li>die Uhr lesen<\/li><li>Fahrrad fahren<\/li><li>Schwimmen<\/li><\/ul>\n\n\n\n<p>danach dann:<\/p>\n\n\n\n<ul class=\"wp-block-list\"><li>Ski laufen<\/li><li>Erste Hilfe<\/li><li>Auto fahren<\/li><li>Selbstverteidigung<\/li><\/ul>\n\n\n\n<p>Zum Teil sind dies Kulturtechniken, die uns selbst schon als Kindergartenkinder selbstverst\u00e4ndlich waren, zum Teil einfache Sport-Basics, zum Teil dient dies zur Pers\u00f6nlichkeitsbildung oder sch\u00fctzt vor einem Unfalltod, z.B. durch Ertrinken oder das Mitfahrenm\u00fcssen mit einem besoffenen Freund nach einem Diskobesuch.<\/p>\n\n\n\n<p>Ihr habt Recht, wenn ihr sagt, man kann auch gut leben, ohne das Skifahren gelernt zu haben. Mir geht es dabei auch mehr um das \u00dcberwinden von Angst, um das Verarbeiten von R\u00fcckschl\u00e4gen, um Gleichgewichtssinn und Durchhalteverm\u00f6gen. Ein weiterer Punkt ist, dass man Skifahren am besten schon als Kind lernt, weil es f\u00fcr Erwachsene ungleich schwieriger ist. Hinzu kommt, dass es einfach Spa\u00df macht, wenn man es einmal kann &#8211; was man gar nicht vermutet, wenn man das erste Mal auf den Brettern steht.<\/p>\n\n\n\n<p>Neben diesem Pflichtprogramm ermuntere ich meine T\u00f6chter dazu, m\u00f6glichst viele Sportarten und andere Bet\u00e4tigungen auszuprobieren, ohne sich dauerhaft darauf festlegen zu m\u00fcssen. Woher wollen sie sp\u00e4ter wissen, ob ihnen Yoga besser gef\u00e4llt als Schlittschuhfahren, wenn sie beides nie ausprobiert haben? Und wie sollte ich sonst ahnen, dass alle drei gerne und gut tanzen (was ich \u00fcberhaupt nicht kann) und meine 7-j\u00e4hrige schon gerne stickt (w\u00e4hrend ich erst als Erwachsene damit begann)? <\/p>\n\n\n\n<p>Ich will ja keine drei Abziehbilder von mir gro\u00dfziehen, sondern sie nach ihren F\u00e4higkeiten, Fertigkeiten und Interessen f\u00f6rdern. Sie <strong>m\u00fcssen<\/strong> deshalb weder Motorrad fahren noch paddeln\/rudern lernen, obwohl ich leidenschaftlich gerne auf dem Moped oder in einem Kayak\/Kanadier\/Einer\/Vierer sa\u00df oder einfach &#8218;mal abtauchte. Aber ausprobieren sollten sie es.<\/p>\n","protected":false},"excerpt":{"rendered":"<p>Cari hat es schon mit 2 1\/2 Jahren das erste Mal gemacht, meine erste Erinnerung an einen Skikindergarten liegt in der N\u00e4he meines&#8230;<\/p>\n","protected":false},"author":1,"featured_media":5823,"comment_status":"open","ping_status":"open","sticky":false,"template":"","format":"standard","meta":{"jetpack_post_was_ever_published":false,"_jetpack_newsletter_access":"","_jetpack_dont_email_post_to_subs":false,"_jetpack_newsletter_tier_id":0,"_jetpack_memberships_contains_paywalled_content":false,"_jetpack_memberships_contains_paid_content":false,"footnotes":""},"categories":[7,3],"tags":[246,39,287,280],"class_list":["post-5819","post","type-post","status-publish","format-standard","has-post-thumbnail","hentry","category-kinder","category-rabenmutter","tag-fichtelgebirge","tag-schwimmen","tag-skifahren","tag-winter"],"jetpack_featured_media_url":"https:\/\/fernwehkinder.de\/wp-content\/uploads\/2019\/02\/P2210443.jpg","jetpack_sharing_enabled":true,"jetpack-related-posts":[],"jetpack_likes_enabled":true,"_links":{"self":[{"href":"https:\/\/fernwehkinder.de\/index.php?rest_route=\/wp\/v2\/posts\/5819","targetHints":{"allow":["GET"]}}],"collection":[{"href":"https:\/\/fernwehkinder.de\/index.php?rest_route=\/wp\/v2\/posts"}],"about":[{"href":"https:\/\/fernwehkinder.de\/index.php?rest_route=\/wp\/v2\/types\/post"}],"author":[{"embeddable":true,"href":"https:\/\/fernwehkinder.de\/index.php?rest_route=\/wp\/v2\/users\/1"}],"replies":[{"embeddable":true,"href":"https:\/\/fernwehkinder.de\/index.php?rest_route=%2Fwp%2Fv2%2Fcomments&post=5819"}],"version-history":[{"count":0,"href":"https:\/\/fernwehkinder.de\/index.php?rest_route=\/wp\/v2\/posts\/5819\/revisions"}],"wp:featuredmedia":[{"embeddable":true,"href":"https:\/\/fernwehkinder.de\/index.php?rest_route=\/wp\/v2\/media\/5823"}],"wp:attachment":[{"href":"https:\/\/fernwehkinder.de\/index.php?rest_route=%2Fwp%2Fv2%2Fmedia&parent=5819"}],"wp:term":[{"taxonomy":"category","embeddable":true,"href":"https:\/\/fernwehkinder.de\/index.php?rest_route=%2Fwp%2Fv2%2Fcategories&post=5819"},{"taxonomy":"post_tag","embeddable":true,"href":"https:\/\/fernwehkinder.de\/index.php?rest_route=%2Fwp%2Fv2%2Ftags&post=5819"}],"curies":[{"name":"wp","href":"https:\/\/api.w.org\/{rel}","templated":true}]}}