{"id":6784,"date":"2019-12-15T08:37:57","date_gmt":"2019-12-15T07:37:57","guid":{"rendered":"http:\/\/fernwehkinder.de\/?p=6784"},"modified":"2019-12-15T08:44:30","modified_gmt":"2019-12-15T07:44:30","slug":"nett","status":"publish","type":"post","link":"https:\/\/fernwehkinder.de\/?p=6784","title":{"rendered":"Nett"},"content":{"rendered":"\n<p>Meine Tochter kam in der vergangenen Woche aus der Schule und fragte mich nach der Bedeutung des Wortes &#8222;<em>nett<\/em>&#8222;. Wir schauten in den Duden* und staunten:<\/p>\n\n\n\n<ul class=\"wp-block-list\"><li>freundlich und liebenswert, im Wesen angenehm (&#8222;Du bist ein <em>nettes <\/em>M\u00e4dchen.&#8220;)<\/li><li>h\u00fcbsch und ansprechend, sodass es jemandem gef\u00e4llt (&#8222;ein <em>nettes <\/em>Kleid&#8220;)<\/li><li>ziemlich gro\u00df, betr\u00e4chtlich (&#8222;ein <em>netter <\/em>Batzen Geld&#8220;)<\/li><li>sehr, ziemlich <\/li><li>unangenehm, wenig erfreulich (&#8222;Das kann ja <em>nett <\/em>werden!&#8220;<\/li><li>leicht zu durchschauen; abzulehnen (&#8222;<em>Netter <\/em>Versuch, aber&#8230;&#8220;)<\/li><\/ul>\n\n\n\n<p>Eigentlich ein <em>netter <\/em>Begriff, dieses <em>Nett<\/em>. <\/p>\n\n\n\n<p>Warum f\u00fchlte sich mein Kind also angegriffen, als die Jungen bei ihrem aktuellen Lieblingsspiel Wir-ziehen-die-M\u00e4dchen-mit-ihren-Namen-auf mit &#8222;<em>Nett &#8211; Netter &#8211; Netterath<\/em>&#8220; bezeichnet wurde? <\/p>\n\n\n\n<p>Die erste Antwort liegt auf der Hand: Weil sie sp\u00fcrt, dass die Jungs das machen, um die M\u00e4dchen zu \u00e4rgern. <\/p>\n\n\n\n<p>Ich habe aber noch eine zweite Vermutung: zwar sind die ersten vier Definitionen im Duden eigentlich positiv besetzt und nur die letzten beiden ironisch zu sehen, aber im Alltag h\u00f6rt es sich doch oft ganz anders an:<\/p>\n\n\n\n<p><em>Nett <\/em>hat einfach einen schlechten Ruf.<\/p>\n\n\n\n<p>Wer <em>nett <\/em>ist, gilt als langweilig oder uncool. Er ist harmlos und hilfsbereit, Ein <em>netter <\/em>Mensch wird nicht besonders ernst genommen &#8211; aber gerne ausgenutzt.<\/p>\n\n\n\n<p>Ein <em>netter <\/em>Mensch wartet eine halbe Stunde am Treffpunkt und redet sich das auch noch sch\u00f6n: Bestimmt hat der andere keinen Parkplatz gefunden, sich verfahren, im Stau gestanden, &#8230; <\/p>\n\n\n\n<p>Selbst wenn der andere trotz pr\u00e4ziser Verabredung gar nicht kommt, gibt es daf\u00fcr bestimmt einen guten Grund, vielleicht ein wichtiger Termin oder ein Unfall. Blo\u00df nicht Gedankenlosigkeit und Gleichg\u00fcltigkeit vermuten!<\/p>\n\n\n\n<p>Noch schlimmer finde ich das kleine <em>Nett<\/em>, wenn es mit seinem Kumpel <em>Ganz <\/em>unterwegs ist, denn wenn ich in einem Satz &#8222;<em>ganz nett<\/em>&#8220; h\u00f6re, wei\u00df ich, dass in mehr als 80 % aller F\u00e4lle der Dritte im Bunde, das <em>Aber <\/em>folgt.<\/p>\n\n\n\n<p>Was ist denn noch nett an dem Satz &#8222;Naja, das Theaterst\u00fcck war <em>ganz nett<\/em>.&#8220;? Das kann ich mir doch sofort mit &#8222;Naja, das Theaterst\u00fcck war nichts Besonderes.&#8220; \u00fcbersetzen!<\/p>\n\n\n\n<p>Ich jedenfalls habe mir vorgenommen, in Zukunft <em>netter <\/em>mit dem Wort <em>Nett <\/em>umzugehen.<\/p>\n\n\n\n<p>Deshalb werde ich nun viel \u00f6fter ein <em>richtig <\/em>oder <em>sehr <\/em>vor das <em>Nett <\/em>packen. Denn es ist eben einfach ein Unterschied, ob ich sage &#8222;Die XY ist <em>ganz nett<\/em>.&#8220;, &#8222;Die XY ist <em>nett<\/em>.&#8220; oder &#8222;Die XY ist <em>sehr nett<\/em>!&#8220;<\/p>\n\n\n\n<p>P.S. ich finde es \u00fcbrigens<em> total nett<\/em>, dass Aurelia f\u00fcr den Nikolausstandl ihrer Deutschlehrerinnen einen leckeren Kuchen gebacken hat. Und weil ich sonst kein passendes Beitragsfoto gehabt h\u00e4tte, seht ihr mein <em>supernettes <\/em>M\u00e4dchen in der K\u00fcche, bevor die Kleinen hinzu kamen und mit dem Teig eine <em>nette <\/em>Sauerei machten \ud83d\ude09<\/p>\n\n\n\n<p><\/p>\n\n\n\n<p>*Werbung? Ja, durch Nennung von Produkten und Marken. Und zwar aus voller \u00dcberzeugung! <\/p>\n","protected":false},"excerpt":{"rendered":"<p>Meine Tochter kam in der vergangenen Woche aus der Schule und fragte mich nach der Bedeutung des Wortes &#8222;nett&#8222;. Wir schauten in den&#8230;<\/p>\n","protected":false},"author":1,"featured_media":6886,"comment_status":"open","ping_status":"open","sticky":false,"template":"","format":"standard","meta":{"jetpack_post_was_ever_published":false,"_jetpack_newsletter_access":"","_jetpack_dont_email_post_to_subs":false,"_jetpack_newsletter_tier_id":0,"_jetpack_memberships_contains_paywalled_content":false,"_jetpack_memberships_contains_paid_content":false,"footnotes":""},"categories":[3],"tags":[48,268,78],"class_list":["post-6784","post","type-post","status-publish","format-standard","has-post-thumbnail","hentry","category-rabenmutter","tag-backen","tag-nachdenkliches","tag-sprache"],"jetpack_featured_media_url":"https:\/\/fernwehkinder.de\/wp-content\/uploads\/2019\/12\/PC043602.jpg","jetpack_sharing_enabled":true,"jetpack-related-posts":[],"jetpack_likes_enabled":true,"_links":{"self":[{"href":"https:\/\/fernwehkinder.de\/index.php?rest_route=\/wp\/v2\/posts\/6784","targetHints":{"allow":["GET"]}}],"collection":[{"href":"https:\/\/fernwehkinder.de\/index.php?rest_route=\/wp\/v2\/posts"}],"about":[{"href":"https:\/\/fernwehkinder.de\/index.php?rest_route=\/wp\/v2\/types\/post"}],"author":[{"embeddable":true,"href":"https:\/\/fernwehkinder.de\/index.php?rest_route=\/wp\/v2\/users\/1"}],"replies":[{"embeddable":true,"href":"https:\/\/fernwehkinder.de\/index.php?rest_route=%2Fwp%2Fv2%2Fcomments&post=6784"}],"version-history":[{"count":5,"href":"https:\/\/fernwehkinder.de\/index.php?rest_route=\/wp\/v2\/posts\/6784\/revisions"}],"predecessor-version":[{"id":6887,"href":"https:\/\/fernwehkinder.de\/index.php?rest_route=\/wp\/v2\/posts\/6784\/revisions\/6887"}],"wp:featuredmedia":[{"embeddable":true,"href":"https:\/\/fernwehkinder.de\/index.php?rest_route=\/wp\/v2\/media\/6886"}],"wp:attachment":[{"href":"https:\/\/fernwehkinder.de\/index.php?rest_route=%2Fwp%2Fv2%2Fmedia&parent=6784"}],"wp:term":[{"taxonomy":"category","embeddable":true,"href":"https:\/\/fernwehkinder.de\/index.php?rest_route=%2Fwp%2Fv2%2Fcategories&post=6784"},{"taxonomy":"post_tag","embeddable":true,"href":"https:\/\/fernwehkinder.de\/index.php?rest_route=%2Fwp%2Fv2%2Ftags&post=6784"}],"curies":[{"name":"wp","href":"https:\/\/api.w.org\/{rel}","templated":true}]}}