{"id":6810,"date":"2019-09-17T18:34:48","date_gmt":"2019-09-17T16:34:48","guid":{"rendered":"http:\/\/fernwehkinder.de\/?p=6810"},"modified":"2019-09-17T18:34:48","modified_gmt":"2019-09-17T16:34:48","slug":"peter-meyer","status":"publish","type":"post","link":"https:\/\/fernwehkinder.de\/?p=6810","title":{"rendered":"Peter Meyer"},"content":{"rendered":"\n<p>Ein Schock beim heutigen Leeren des Briefkastens: Eine Trauerkarte.<\/p>\n\n\n\n<p>Geschrieben hat sie mir meine Verlegerin und Freundin Annette Sievers. Ihr Mann Peter Meyer ist vergangenen Freitag gestorben. Schon vor Monaten hatte ihn der Krebs wieder befallen, am Ende starb er an einer Lungenentz\u00fcndung.<\/p>\n\n\n\n<p>Ich bin sehr traurig und verbitte mir daher f\u00fcr alle Zukunft Spr\u00fcche \u00fcber Freitag, den 13. In diesem Monat war es wirklich ein ganz \u00fcbler Ungl\u00fccktag.<\/p>\n\n\n\n<blockquote class=\"wp-block-quote is-layout-flow wp-block-quote-is-layout-flow\"><p>Ich habe immer nach neuen Wegen gesucht.<\/p><cite>Peter Meyer<\/cite><\/blockquote>\n\n\n\n<p>Mit diesen Worten starb Peter. <\/p>\n\n\n\n<p>Das passt zu ihm. Er war stets ein Pionier, voller Ideen und Tr\u00e4ume. Er liebte die Natur und tat alles daf\u00fcr, dass es unserem armen Planeten Erde gut geht. Ich habe ihn bewundert f\u00fcr seinen Mut, nach einer Ausbildung zum Elektriker Etnologie zu studieren, einen Buchversand und einen Verlag zu gr\u00fcnden, der 2016 schon seinen 40. Geburtstag feierte. Stets waren ihm und seiner Frau Annette Umweltthemen sehr wichtig. Deshalb wunderte es mich nicht, als er sich immer mehr aus dem Verlag zur\u00fcck zog und &#8222;in Lein\u00f6l&#8220; machte.<\/p>\n\n\n\n<p>Umwelt war sein Thema. Zu einer Besprechung in seinem Verlag habe ich einen riesigen Rucksack mit nachgewogenen 24,5 kg Fotoalben und Diak\u00e4sten von hier zur Stra\u00dfenbahn, in den Intercity, in die Frankfurter U-Bahn, zum Verlag und zur\u00fcck geschleppt, weil er mich darum bat, das Auto stehen zu lassen.<\/p>\n\n\n\n<p>Ihr k\u00f6nnt euch kaum vorstellen, wie oft ich ihm gedanklich ganze S\u00e4cke voller Schimpfw\u00f6rter vor die F\u00fc\u00dfe gekippt habe, wenn ich f\u00fcr jeden, aber auch wirklich jeden, Ausflugstipp in einem Buch der Reihe &#8222;&#8230;mit Kindern&#8220; eine Anreise mit \u00d6PNV und\/oder Fahrrad angeben musste, auch wenn die n\u00e4chste (Schul-)Bushaltestelle 4,5 km entfernt war oder man gef\u00fchlte 137 x umsteigen musste.<\/p>\n\n\n\n<p>Aber er hatte ja Recht. Es ist schon f\u00fcnf <em>nach <\/em>12 f\u00fcr unseren Planeten. Da war ein Reisef\u00fchrer \u00fcber autofreie Ziele in Italien ebenso ein guter Schritt in die richtige Richtung wie das Streben, schon fr\u00fch ein &#8222;klimaneutraler Verlag&#8220; zu werden. Als Kopf der Globetrotter-Zentrale gab er in pr\u00e4internetischen Zeiten ein \u00fcber 10.000 Stichworte umfassendes Selbstreise-Handbuch heraus, das mir bei mehr als einer Individualreise fantastisch weiter half. Oft war er seiner Zeit voraus: Ich habe ein Wellness-Buch in meinem Regal stehen, das aus Zeiten stammt, in denen in meinem Bekanntenkreis niemand etwas mit dem Wort anfangen konnte. <\/p>\n\n\n\n<p>Danke dir, lieber Peter, dass du dich so f\u00fcr die Umwelt eingesetzt und dabei stets nach neuen Wegen gesucht hast. Wenn du jetzt ohne k\u00f6rperliche Beschwerden auf einer Wolke sitzt, die Beine baumeln l\u00e4sst und dein Werk betrachtest, kannst du stolz auf dich sein. Und du kannst dich darauf verlassen, dass, allen voran Annette, aber auch jeder deiner deine Freunde, Mitarbeiter und Autoren deine nachdenkliche Begeisterungsf\u00e4higkeit im Herzen tragen wird.<\/p>\n","protected":false},"excerpt":{"rendered":"<p>Ein Schock beim heutigen Leeren des Briefkastens: Eine Trauerkarte. Geschrieben hat sie mir meine Verlegerin und Freundin Annette Sievers. Ihr Mann Peter Meyer&#8230;<\/p>\n","protected":false},"author":1,"featured_media":6811,"comment_status":"open","ping_status":"open","sticky":false,"template":"","format":"standard","meta":{"jetpack_post_was_ever_published":false,"_jetpack_newsletter_access":"","_jetpack_dont_email_post_to_subs":false,"_jetpack_newsletter_tier_id":0,"_jetpack_memberships_contains_paywalled_content":false,"_jetpack_memberships_contains_paid_content":false,"footnotes":""},"categories":[6],"tags":[20,29,31,14],"class_list":["post-6810","post","type-post","status-publish","format-standard","has-post-thumbnail","hentry","category-nachdenkliches","tag-mit-kindern","tag-tod","tag-trauer","tag-wales"],"jetpack_featured_media_url":"https:\/\/fernwehkinder.de\/wp-content\/uploads\/2019\/09\/39_pmv_Trauer_Meyer_online.pdf.2729081.jpg","jetpack_sharing_enabled":true,"jetpack-related-posts":[],"jetpack_likes_enabled":true,"_links":{"self":[{"href":"https:\/\/fernwehkinder.de\/index.php?rest_route=\/wp\/v2\/posts\/6810","targetHints":{"allow":["GET"]}}],"collection":[{"href":"https:\/\/fernwehkinder.de\/index.php?rest_route=\/wp\/v2\/posts"}],"about":[{"href":"https:\/\/fernwehkinder.de\/index.php?rest_route=\/wp\/v2\/types\/post"}],"author":[{"embeddable":true,"href":"https:\/\/fernwehkinder.de\/index.php?rest_route=\/wp\/v2\/users\/1"}],"replies":[{"embeddable":true,"href":"https:\/\/fernwehkinder.de\/index.php?rest_route=%2Fwp%2Fv2%2Fcomments&post=6810"}],"version-history":[{"count":1,"href":"https:\/\/fernwehkinder.de\/index.php?rest_route=\/wp\/v2\/posts\/6810\/revisions"}],"predecessor-version":[{"id":6812,"href":"https:\/\/fernwehkinder.de\/index.php?rest_route=\/wp\/v2\/posts\/6810\/revisions\/6812"}],"wp:featuredmedia":[{"embeddable":true,"href":"https:\/\/fernwehkinder.de\/index.php?rest_route=\/wp\/v2\/media\/6811"}],"wp:attachment":[{"href":"https:\/\/fernwehkinder.de\/index.php?rest_route=%2Fwp%2Fv2%2Fmedia&parent=6810"}],"wp:term":[{"taxonomy":"category","embeddable":true,"href":"https:\/\/fernwehkinder.de\/index.php?rest_route=%2Fwp%2Fv2%2Fcategories&post=6810"},{"taxonomy":"post_tag","embeddable":true,"href":"https:\/\/fernwehkinder.de\/index.php?rest_route=%2Fwp%2Fv2%2Ftags&post=6810"}],"curies":[{"name":"wp","href":"https:\/\/api.w.org\/{rel}","templated":true}]}}