{"id":6909,"date":"2019-12-18T20:35:30","date_gmt":"2019-12-18T19:35:30","guid":{"rendered":"http:\/\/fernwehkinder.de\/?p=6909"},"modified":"2019-12-18T20:35:30","modified_gmt":"2019-12-18T19:35:30","slug":"pilgern-im-advent","status":"publish","type":"post","link":"https:\/\/fernwehkinder.de\/?p=6909","title":{"rendered":"Pilgern im Advent"},"content":{"rendered":"\n<p>Da ich ganzj\u00e4hrig recherchiere, komme ich immer wieder in den Genuss, auch im Advent zu wandern oder zu pilgern. Vielleicht k\u00f6nnt ihr euch noch an meine sch\u00f6ne <a href=\"http:\/\/fernwehkinder.de\/?p=1988\">Weihnachtswanderung <\/a>auf Mallorca 2016 erinnern.<\/p>\n\n\n\n<p>Es ist einfach eine andere Atmosph\u00e4re als im restlichen Jahr. W\u00e4hrend es im Advent in den St\u00e4dten unertr\u00e4glich hektisch wird, sind Wanderungen in dieser Zeit etwas ganz besonders Sch\u00f6nes f\u00fcr mich.<\/p>\n\n\n\n<p>Mir f\u00e4llt die Recherche im Dezember 2015 ein, bei der ich auf der Via Francigena im T-Shirt durch die Toskana pilgerte und laut mitgr\u00f6hlte, als die Einwohner eines D\u00f6rfchens &#8222;Last Christmas&#8220; in Endlosschleife \u00fcber die Dorflautsprecher spielen lie\u00dfen, w\u00e4hrend sie die Weihnachtsbeleuchtung montierten.<\/p>\n\n\n\n<p>Heute war es dann auf der Via Coloniensis so weit: Ich verlie\u00df ein festlich geschm\u00fccktes Blankenheim, <\/p>\n\n\n\n<figure class=\"wp-block-image\"><img loading=\"lazy\" decoding=\"async\" width=\"800\" height=\"533\" src=\"http:\/\/fernwehkinder.de\/wp-content\/uploads\/2019\/12\/PC183848.jpg\" alt=\"\" class=\"wp-image-6915\" srcset=\"https:\/\/fernwehkinder.de\/wp-content\/uploads\/2019\/12\/PC183848.jpg 800w, https:\/\/fernwehkinder.de\/wp-content\/uploads\/2019\/12\/PC183848-300x200.jpg 300w, https:\/\/fernwehkinder.de\/wp-content\/uploads\/2019\/12\/PC183848-768x512.jpg 768w\" sizes=\"auto, (max-width: 800px) 100vw, 800px\" \/><\/figure>\n\n\n\n<div class=\"wp-block-image\"><figure class=\"alignright is-resized\"><img loading=\"lazy\" decoding=\"async\" src=\"http:\/\/fernwehkinder.de\/wp-content\/uploads\/2019\/12\/PC183851.jpg\" alt=\"\" class=\"wp-image-6914\" width=\"201\" height=\"302\" srcset=\"https:\/\/fernwehkinder.de\/wp-content\/uploads\/2019\/12\/PC183851.jpg 400w, https:\/\/fernwehkinder.de\/wp-content\/uploads\/2019\/12\/PC183851-200x300.jpg 200w\" sizes=\"auto, (max-width: 201px) 100vw, 201px\" \/><\/figure><\/div>\n\n\n\n<p>am Eifelblick gab es zu der Aussicht auf Burg &amp; Ort noch einen Weihnachtsbaum dazu. <\/p>\n\n\n\n<p>Kurz darauf kam ich mit einem netten Herrn vom Blankenheimer Eifelverein ins Gespr\u00e4ch, der durch den Ort wanderte, um Weihnachtsgr\u00fc\u00dfe und die Wanderprogramme f\u00fcr 2020 in die Briefk\u00e4sten der Mitglieder zu werfen.<\/p>\n\n\n\n<p>In Nonnenbach musste ich kurz warten, damit eine Autofahrerin in ihre Einfahrt kam. Sie bot mir spontan einige Weihnachtsleckereien an, die sie einige Minuten vorher eingekauft hatte. Zum Gl\u00fcck war es Marzipan, sodass ich ablehnen konnte, ohne l\u00fcgen zu m\u00fcssen.<\/p>\n\n\n\n<p>Weiter ging es nach Ahrm\u00fchle. Hier stellten die Dorf\u00e4ltesten den Dorfweihnachtsbaum auf. Jeder Neuank\u00f6mmling wurde mit lautem Hallo und einer festen Umarmung begr\u00fc\u00dft.<\/p>\n\n\n\n<p>In Waldorf sprach ich lange mit einer alten Dame, die bedauerte, dass im Winter so wenige Fremde ins Dorf kommen und sie nach der Schlie\u00dfung des letzten Gasthauses genauso in ihrem Dorf versauert, wie die jungen Leute. Doch ehe Tr\u00fcbsal aufkommen konnte, freuten wir uns an der sch\u00f6nen Wintersonne am Ortsrand.<\/p>\n\n\n\n<figure class=\"wp-block-gallery columns-2 is-cropped wp-block-gallery-1 is-layout-flex wp-block-gallery-is-layout-flex\"><ul class=\"blocks-gallery-grid\"><li class=\"blocks-gallery-item\"><figure><img loading=\"lazy\" decoding=\"async\" width=\"800\" height=\"533\" src=\"http:\/\/fernwehkinder.de\/wp-content\/uploads\/2019\/12\/PC183883.jpg\" alt=\"\" data-id=\"6911\" data-full-url=\"http:\/\/fernwehkinder.de\/wp-content\/uploads\/2019\/12\/PC183883.jpg\" data-link=\"http:\/\/fernwehkinder.de\/?attachment_id=6911\" class=\"wp-image-6911\" srcset=\"https:\/\/fernwehkinder.de\/wp-content\/uploads\/2019\/12\/PC183883.jpg 800w, https:\/\/fernwehkinder.de\/wp-content\/uploads\/2019\/12\/PC183883-300x200.jpg 300w, https:\/\/fernwehkinder.de\/wp-content\/uploads\/2019\/12\/PC183883-768x512.jpg 768w\" sizes=\"auto, (max-width: 800px) 100vw, 800px\" \/><\/figure><\/li><li class=\"blocks-gallery-item\"><figure><img loading=\"lazy\" decoding=\"async\" width=\"800\" height=\"533\" src=\"http:\/\/fernwehkinder.de\/wp-content\/uploads\/2019\/12\/PC183884.jpg\" alt=\"\" data-id=\"6910\" data-full-url=\"http:\/\/fernwehkinder.de\/wp-content\/uploads\/2019\/12\/PC183884.jpg\" data-link=\"http:\/\/fernwehkinder.de\/?attachment_id=6910\" class=\"wp-image-6910\" srcset=\"https:\/\/fernwehkinder.de\/wp-content\/uploads\/2019\/12\/PC183884.jpg 800w, https:\/\/fernwehkinder.de\/wp-content\/uploads\/2019\/12\/PC183884-300x200.jpg 300w, https:\/\/fernwehkinder.de\/wp-content\/uploads\/2019\/12\/PC183884-768x512.jpg 768w\" sizes=\"auto, (max-width: 800px) 100vw, 800px\" \/><\/figure><\/li><\/ul><\/figure>\n\n\n\n<p>Doch damit nicht genug: erfreut stellte ich fest, dass es in der Dorfkirche nun auch einen Pilgerstempel gibt, als eine andere Einheimische mich auf die Krippenausstellung hinwiest, die ein paar H\u00e4user weiter immer im Advent zu sehen ist. Eigentlich nur an den Wochenenden, aber die Inhaberin sah, wie ich im Hof die beiden Au\u00dfenkrippen fotografiere und bat mich herein. Im Gespr\u00e4ch erfuhr ich dann auch noch, dass in ihrem Ferienhaus Pilger sogar f\u00fcr eine Nacht willkommen sind, wenn es eine Belegungsl\u00fccke zul\u00e4sst.<\/p>\n\n\n\n<figure class=\"wp-block-gallery columns-2 is-cropped wp-block-gallery-2 is-layout-flex wp-block-gallery-is-layout-flex\"><ul class=\"blocks-gallery-grid\"><li class=\"blocks-gallery-item\"><figure><img loading=\"lazy\" decoding=\"async\" width=\"400\" height=\"600\" src=\"http:\/\/fernwehkinder.de\/wp-content\/uploads\/2019\/12\/PC183872.jpg\" alt=\"\" data-id=\"6913\" data-full-url=\"http:\/\/fernwehkinder.de\/wp-content\/uploads\/2019\/12\/PC183872.jpg\" data-link=\"http:\/\/fernwehkinder.de\/?attachment_id=6913\" class=\"wp-image-6913\" srcset=\"https:\/\/fernwehkinder.de\/wp-content\/uploads\/2019\/12\/PC183872.jpg 400w, https:\/\/fernwehkinder.de\/wp-content\/uploads\/2019\/12\/PC183872-200x300.jpg 200w\" sizes=\"auto, (max-width: 400px) 100vw, 400px\" \/><\/figure><\/li><li class=\"blocks-gallery-item\"><figure><img loading=\"lazy\" decoding=\"async\" width=\"800\" height=\"533\" src=\"http:\/\/fernwehkinder.de\/wp-content\/uploads\/2019\/12\/PC183875.jpg\" alt=\"\" data-id=\"6912\" data-full-url=\"http:\/\/fernwehkinder.de\/wp-content\/uploads\/2019\/12\/PC183875.jpg\" data-link=\"http:\/\/fernwehkinder.de\/?attachment_id=6912\" class=\"wp-image-6912\" srcset=\"https:\/\/fernwehkinder.de\/wp-content\/uploads\/2019\/12\/PC183875.jpg 800w, https:\/\/fernwehkinder.de\/wp-content\/uploads\/2019\/12\/PC183875-300x200.jpg 300w, https:\/\/fernwehkinder.de\/wp-content\/uploads\/2019\/12\/PC183875-768x512.jpg 768w\" sizes=\"auto, (max-width: 800px) 100vw, 800px\" \/><\/figure><\/li><\/ul><\/figure>\n\n\n\n<p>Freunde! Das Leben ist sch\u00f6n! Besonders in der Eifel im Advent!<\/p>\n\n\n\n<p>Einen Nachteil gibt es bei Adventstouren: Sie liegen so nah an der Wintersonnenwende, dass es schon fr\u00fch dunkel wird. Wobei ich nicht einmal sicher bin, dass es ein Nachteil ist. Es geh\u00f6rt doch einfach mit dazu. So wie die K\u00e4lte und die matschigen Wege. So lange es nicht auch noch den ganzen Tag regnet, macht mir das nichts.<\/p>\n\n\n\n<p>Morgen soll das Wetter auch wieder trocken werden. Im Kalender steht kein anderer Termin. Also geht es wieder in meine geliebte Eifel!<\/p>\n","protected":false},"excerpt":{"rendered":"<p>Da ich ganzj\u00e4hrig recherchiere, komme ich immer wieder in den Genuss, auch im Advent zu wandern oder zu pilgern. Vielleicht k\u00f6nnt ihr euch&#8230;<\/p>\n","protected":false},"author":1,"featured_media":6910,"comment_status":"open","ping_status":"open","sticky":false,"template":"","format":"standard","meta":{"jetpack_post_was_ever_published":false,"_jetpack_newsletter_access":"","_jetpack_dont_email_post_to_subs":false,"_jetpack_newsletter_tier_id":0,"_jetpack_memberships_contains_paywalled_content":false,"_jetpack_memberships_contains_paid_content":false,"footnotes":""},"categories":[4],"tags":[231,11,108,62,24,12],"class_list":["post-6909","post","type-post","status-publish","format-standard","has-post-thumbnail","hentry","category-recherchetour","tag-advent","tag-eifel","tag-mallorca","tag-pilgern","tag-via-francigena","tag-weihnachten"],"jetpack_featured_media_url":"https:\/\/fernwehkinder.de\/wp-content\/uploads\/2019\/12\/PC183884.jpg","jetpack_sharing_enabled":true,"jetpack-related-posts":[],"jetpack_likes_enabled":true,"_links":{"self":[{"href":"https:\/\/fernwehkinder.de\/index.php?rest_route=\/wp\/v2\/posts\/6909","targetHints":{"allow":["GET"]}}],"collection":[{"href":"https:\/\/fernwehkinder.de\/index.php?rest_route=\/wp\/v2\/posts"}],"about":[{"href":"https:\/\/fernwehkinder.de\/index.php?rest_route=\/wp\/v2\/types\/post"}],"author":[{"embeddable":true,"href":"https:\/\/fernwehkinder.de\/index.php?rest_route=\/wp\/v2\/users\/1"}],"replies":[{"embeddable":true,"href":"https:\/\/fernwehkinder.de\/index.php?rest_route=%2Fwp%2Fv2%2Fcomments&post=6909"}],"version-history":[{"count":1,"href":"https:\/\/fernwehkinder.de\/index.php?rest_route=\/wp\/v2\/posts\/6909\/revisions"}],"predecessor-version":[{"id":6916,"href":"https:\/\/fernwehkinder.de\/index.php?rest_route=\/wp\/v2\/posts\/6909\/revisions\/6916"}],"wp:featuredmedia":[{"embeddable":true,"href":"https:\/\/fernwehkinder.de\/index.php?rest_route=\/wp\/v2\/media\/6910"}],"wp:attachment":[{"href":"https:\/\/fernwehkinder.de\/index.php?rest_route=%2Fwp%2Fv2%2Fmedia&parent=6909"}],"wp:term":[{"taxonomy":"category","embeddable":true,"href":"https:\/\/fernwehkinder.de\/index.php?rest_route=%2Fwp%2Fv2%2Fcategories&post=6909"},{"taxonomy":"post_tag","embeddable":true,"href":"https:\/\/fernwehkinder.de\/index.php?rest_route=%2Fwp%2Fv2%2Ftags&post=6909"}],"curies":[{"name":"wp","href":"https:\/\/api.w.org\/{rel}","templated":true}]}}