{"id":7565,"date":"2020-07-27T16:15:00","date_gmt":"2020-07-27T14:15:00","guid":{"rendered":"http:\/\/fernwehkinder.de\/?p=7565"},"modified":"2020-07-24T22:29:58","modified_gmt":"2020-07-24T20:29:58","slug":"lehrmeister","status":"publish","type":"post","link":"https:\/\/fernwehkinder.de\/?p=7565","title":{"rendered":"Lehrmeister"},"content":{"rendered":"\n<p>Folgende Situation:<\/p>\n\n\n\n<p>Euer Kind erz\u00e4hlt euch etwas. Die Erz\u00e4hlung ist spannend, farbenfroh und zusammenh\u00e4ngend. <\/p>\n\n\n\n<p>Da! <\/p>\n\n\n\n<p>Pl\u00f6tzlich ein &#8222;&#8230;ich bin <strong>gegangt<\/strong>&#8230;&#8220;. <\/p>\n\n\n\n<p>Unterbrecht ihr mit &#8222;Das hei\u00dft &#8218;<strong>gegangen<\/strong>&#8218;, mein Schatz!&#8220; oder h\u00f6rt ihr weiter zu? <\/p>\n\n\n\n<p>Mir ist der Inhalt wichtiger als die Grammatik. Deshalb h\u00f6re ich erst  einmal zu, bis sich im nat\u00fcrlichen Gespr\u00e4chsfluss eine Gelegenheit ergibt, unauff\u00e4llig auf die richtige Form hinzuweisen. Das kann eine verstehende Wiederholung sein (&#8222;Wie mutig, dass du ganz allein in den Keller gegangen bist!&#8220;) oder eine R\u00fcckfrage (&#8222;Warum bist du denn dahin  gegangen?&#8220;).<\/p>\n\n\n\n<p>Nat\u00fcrlich soll das Kind lernen, dass &#8222;gehen&#8220; im Perfekt &#8222;gegangen&#8220; hei\u00dft.  Aber muss ich da immer sofort den Zeigefinger heben? Nein, muss ich nicht!<\/p>\n\n\n\n<h4 class=\"wp-block-heading\">Eine Frage der H\u00f6flichkeit<\/h4>\n\n\n\n<p>Erwachsene  korrigiere ich ja auch nicht mitten im Satz. Und ich empfinde es als \u00e4u\u00dferst unh\u00f6flich, wenn andere das mit mir machen. Ich verliere zuerst den Faden und dann die Lust daran, dieser Person \u00fcberhaupt etwas zu erz\u00e4hlen.<\/p>\n\n\n\n<p>Wie  gerne w\u00fcrde ich jedes Mal aufbegehren, wenn jemand &#8222;Eigentum&#8220; und  &#8222;Besitz&#8220; verwechselt. Eine Nachbarin spricht stets von Luxenburg (mit n). Meine Zehenn\u00e4gel rollen sich auf, wenn jemand  &#8222;&#8230;ich bin gr\u00f6\u00dfer wie&#8230;&#8220; sagt. Rund um Trier werden &#8222;holen&#8220; und &#8222;nehmen&#8220; zu meiner gro\u00dfen Verwirrung anders verwendet als hier im Rheinland. <\/p>\n\n\n\n<p>Aber ich habe bei anderen Erwachsenen doch keinen Lehrauftrag. Also schweige ich, so lange ich verstehen kann, was gemeint ist. Wenn ich ehrlich bin, w\u00fcnsche ich mir das auch von anderen Erwachsenen.<\/p>\n\n\n\n<p>K\u00fcrzlich  fiel mir der Mann einer Freundin ins Wort, als ich davon sprach, dass  &#8222;&#8230;die Kinder vor Freude krischen&#8230;&#8220; &#8211; &#8222;Kreischten!&#8220; Zugegeben:  in einem schriftlichen Text w\u00fcrde ich auch &#8222;kreischten&#8220; verwenden, aber &#8222;krischen&#8220; kam mir zuerst in den Sinn, gilt allenfalls als veraltet und ist sogar laut Duden erlaubt. Musste ich daf\u00fcr wirklich in  meiner Erz\u00e4hlung unterbrochen werden? Von jemandem, der andererseits nicht den Unterschied zwischen &#8222;Worten&#8220; und &#8222;W\u00f6rtern&#8220; kennt? Ich meine: nein!<\/p>\n\n\n\n<p>Heute an der Schule eine \u00e4hnliche Situation: wir stehen zu drei  M\u00fcttern zusammen und quatschen \u00fcber die Pl\u00e4ne f\u00fcr den Rest der Sommerferien. Locker-flockig, ohne Anspruch auf eine Germanistik-Auszeichnung. Die eine Mutter berichtet, dass ihre Tochter wohl endlich die pinke Phase  \u00fcberwunden hat, denn &#8222;&#8230;sie hat sich gestern im Laden einen orangenen Badeanzug  ausgesucht.&#8220; &#8211; &#8222;Orangen Badeanzug!&#8220; korrigiert die andere Mutter. Die erste Mutter dreht sich um und geht wortlos davon. Schade um das nette Gespr\u00e4ch, ich h\u00e4tte ihr gerne noch best\u00e4tigt, dass mir nach der pinken Phase meiner T\u00f6chter auch jede andere Farbe willkommen war. Aber ich kann ihre Reaktion verstehen und verabschiede mich ebenfalls. Die Oberlehrerin macht \u00fcbrigens keinen Unterschied zwischen &#8222;selben&#8220; und  &#8222;gleichen&#8220; Dingen&#8230; <\/p>\n\n\n\n<p><\/p>\n\n\n\n<p>P.S. Das Beitragsbild &#8211; eigentlich gew\u00e4hlt, weil es Silke so gut gefiel &#8211; passt ja auch irgendwie zum Thema: H\u00e4tte ich den D\u00f6nermann auf seine Defizite bei der Gro\u00df- und Kleinschreibung hinweisen m\u00fcssen? Nein! Ich verstand, was er meinte und war gl\u00fccklich dar\u00fcber, dass er besser kochen als schreiben kann.<\/p>\n","protected":false},"excerpt":{"rendered":"<p>Folgende Situation: Euer Kind erz\u00e4hlt euch etwas. Die Erz\u00e4hlung ist spannend, farbenfroh und zusammenh\u00e4ngend. Da! Pl\u00f6tzlich ein &#8222;&#8230;ich bin gegangt&#8230;&#8220;. Unterbrecht ihr mit&#8230;<\/p>\n","protected":false},"author":1,"featured_media":7552,"comment_status":"open","ping_status":"open","sticky":false,"template":"","format":"standard","meta":{"jetpack_post_was_ever_published":false,"_jetpack_newsletter_access":"","_jetpack_dont_email_post_to_subs":false,"_jetpack_newsletter_tier_id":0,"_jetpack_memberships_contains_paywalled_content":false,"_jetpack_memberships_contains_paid_content":false,"footnotes":""},"categories":[3],"tags":[168,78],"class_list":["post-7565","post","type-post","status-publish","format-standard","has-post-thumbnail","hentry","category-rabenmutter","tag-erziehung","tag-sprache"],"jetpack_featured_media_url":"https:\/\/fernwehkinder.de\/wp-content\/uploads\/2020\/07\/DSC_1377-1.jpg","jetpack_sharing_enabled":true,"jetpack-related-posts":[],"jetpack_likes_enabled":true,"_links":{"self":[{"href":"https:\/\/fernwehkinder.de\/index.php?rest_route=\/wp\/v2\/posts\/7565","targetHints":{"allow":["GET"]}}],"collection":[{"href":"https:\/\/fernwehkinder.de\/index.php?rest_route=\/wp\/v2\/posts"}],"about":[{"href":"https:\/\/fernwehkinder.de\/index.php?rest_route=\/wp\/v2\/types\/post"}],"author":[{"embeddable":true,"href":"https:\/\/fernwehkinder.de\/index.php?rest_route=\/wp\/v2\/users\/1"}],"replies":[{"embeddable":true,"href":"https:\/\/fernwehkinder.de\/index.php?rest_route=%2Fwp%2Fv2%2Fcomments&post=7565"}],"version-history":[{"count":3,"href":"https:\/\/fernwehkinder.de\/index.php?rest_route=\/wp\/v2\/posts\/7565\/revisions"}],"predecessor-version":[{"id":7568,"href":"https:\/\/fernwehkinder.de\/index.php?rest_route=\/wp\/v2\/posts\/7565\/revisions\/7568"}],"wp:featuredmedia":[{"embeddable":true,"href":"https:\/\/fernwehkinder.de\/index.php?rest_route=\/wp\/v2\/media\/7552"}],"wp:attachment":[{"href":"https:\/\/fernwehkinder.de\/index.php?rest_route=%2Fwp%2Fv2%2Fmedia&parent=7565"}],"wp:term":[{"taxonomy":"category","embeddable":true,"href":"https:\/\/fernwehkinder.de\/index.php?rest_route=%2Fwp%2Fv2%2Fcategories&post=7565"},{"taxonomy":"post_tag","embeddable":true,"href":"https:\/\/fernwehkinder.de\/index.php?rest_route=%2Fwp%2Fv2%2Ftags&post=7565"}],"curies":[{"name":"wp","href":"https:\/\/api.w.org\/{rel}","templated":true}]}}