{"id":895,"date":"2016-08-31T23:15:21","date_gmt":"2016-08-31T21:15:21","guid":{"rendered":"http:\/\/fernwehkinder.de\/?p=895"},"modified":"2016-09-01T11:58:00","modified_gmt":"2016-09-01T09:58:00","slug":"flinke-forscher","status":"publish","type":"post","link":"https:\/\/fernwehkinder.de\/?p=895","title":{"rendered":"Flinke Forscher"},"content":{"rendered":"<p>Seit Montag habe ich keine Babys mehr, sondern Kindergartenkinder.<\/p>\n<p>Wir haben mit der Eingew\u00f6hnung im Nestbereich eines Kindergartens namens <a href=\"https:\/\/flinkeforscher.froebel.info\/\">Flinke Forscher<\/a> begonnen. Der Name passt prima zu meinen\u00a0Minim\u00e4usen. Sie sind beide momentan sehr flink unterwegs und erforschen alles.<\/p>\n<hr \/>\n<p><img loading=\"lazy\" decoding=\"async\" class=\"size-medium wp-image-881 alignleft\" src=\"http:\/\/fernwehkinder.de\/wp-content\/uploads\/2016\/08\/P8270933-225x300.jpg\" alt=\"OLYMPUS DIGITAL CAMERA\" width=\"225\" height=\"300\" srcset=\"https:\/\/fernwehkinder.de\/wp-content\/uploads\/2016\/08\/P8270933-225x300.jpg 225w, https:\/\/fernwehkinder.de\/wp-content\/uploads\/2016\/08\/P8270933-768x1024.jpg 768w\" sizes=\"auto, (max-width: 225px) 100vw, 225px\" \/><\/p>\n<figure id=\"attachment_884\" aria-describedby=\"caption-attachment-884\" style=\"width: 300px\" class=\"wp-caption alignright\"><img loading=\"lazy\" decoding=\"async\" class=\"size-medium wp-image-884\" src=\"http:\/\/fernwehkinder.de\/wp-content\/uploads\/2016\/08\/P8270959-300x225.jpg\" alt=\"OLYMPUS DIGITAL CAMERA\" width=\"300\" height=\"225\" srcset=\"https:\/\/fernwehkinder.de\/wp-content\/uploads\/2016\/08\/P8270959-300x225.jpg 300w, https:\/\/fernwehkinder.de\/wp-content\/uploads\/2016\/08\/P8270959-768x576.jpg 768w, https:\/\/fernwehkinder.de\/wp-content\/uploads\/2016\/08\/P8270959-1024x768.jpg 1024w\" sizes=\"auto, (max-width: 300px) 100vw, 300px\" \/><figcaption id=\"caption-attachment-884\" class=\"wp-caption-text\">Mein Lieblingsschild im Affenhaus<\/figcaption><\/figure>\n<p>Am Samstag waren wir mit Aurelias gro\u00dfer Liebe Jonas im Zoo. Seine kleine Schwester ist drei<br \/>\nMonate \u00e4lter als meine Minim\u00e4use und hat auch grade laufen gelernt. Das war ein ganz sch\u00f6nes Gewusel mit den drei Kleinen.<\/p>\n<figure id=\"attachment_883\" aria-describedby=\"caption-attachment-883\" style=\"width: 375px\" class=\"wp-caption alignright\"><img loading=\"lazy\" decoding=\"async\" class=\" wp-image-883\" src=\"http:\/\/fernwehkinder.de\/wp-content\/uploads\/2016\/08\/P8270953-300x225.jpg\" alt=\"OLYMPUS DIGITAL CAMERA\" width=\"375\" height=\"281\" srcset=\"https:\/\/fernwehkinder.de\/wp-content\/uploads\/2016\/08\/P8270953-300x225.jpg 300w, https:\/\/fernwehkinder.de\/wp-content\/uploads\/2016\/08\/P8270953-768x576.jpg 768w, https:\/\/fernwehkinder.de\/wp-content\/uploads\/2016\/08\/P8270953-1024x768.jpg 1024w\" sizes=\"auto, (max-width: 375px) 100vw, 375px\" \/><figcaption id=\"caption-attachment-883\" class=\"wp-caption-text\">Ein Regenbogen am Tropenhaus<\/figcaption><\/figure>\n<p>&nbsp;<\/p>\n<figure id=\"attachment_882\" aria-describedby=\"caption-attachment-882\" style=\"width: 300px\" class=\"wp-caption alignleft\"><img loading=\"lazy\" decoding=\"async\" class=\"size-medium wp-image-882\" src=\"http:\/\/fernwehkinder.de\/wp-content\/uploads\/2016\/08\/P8270949-300x225.jpg\" alt=\"OLYMPUS DIGITAL CAMERA\" width=\"300\" height=\"225\" srcset=\"https:\/\/fernwehkinder.de\/wp-content\/uploads\/2016\/08\/P8270949-300x225.jpg 300w, https:\/\/fernwehkinder.de\/wp-content\/uploads\/2016\/08\/P8270949-768x576.jpg 768w, https:\/\/fernwehkinder.de\/wp-content\/uploads\/2016\/08\/P8270949-1024x768.jpg 1024w\" sizes=\"auto, (max-width: 300px) 100vw, 300px\" \/><figcaption id=\"caption-attachment-882\" class=\"wp-caption-text\">Huch! Darf der da so frei herumlaufen?<\/figcaption><\/figure>\n<p>&nbsp;<\/p>\n<p>&nbsp;<\/p>\n<p>&nbsp;<\/p>\n<p>&nbsp;<\/p>\n<p>&nbsp;<\/p>\n<p>&nbsp;<\/p>\n<p>&nbsp;<\/p>\n<p>&nbsp;<\/p>\n<p>&nbsp;<\/p>\n<p>&nbsp;<\/p>\n<p>&nbsp;<\/p>\n<hr \/>\n<p><img loading=\"lazy\" decoding=\"async\" class=\"wp-image-893 size-medium alignleft\" src=\"http:\/\/fernwehkinder.de\/wp-content\/uploads\/2016\/08\/P8270965-225x300.jpg\" width=\"225\" height=\"300\" srcset=\"https:\/\/fernwehkinder.de\/wp-content\/uploads\/2016\/08\/P8270965-225x300.jpg 225w, https:\/\/fernwehkinder.de\/wp-content\/uploads\/2016\/08\/P8270965-768x1024.jpg 768w\" sizes=\"auto, (max-width: 225px) 100vw, 225px\" \/><img loading=\"lazy\" decoding=\"async\" class=\"wp-image-885 size-medium alignright\" src=\"http:\/\/fernwehkinder.de\/wp-content\/uploads\/2016\/08\/P8270964-300x225.jpg\" width=\"300\" height=\"225\" srcset=\"https:\/\/fernwehkinder.de\/wp-content\/uploads\/2016\/08\/P8270964-300x225.jpg 300w, https:\/\/fernwehkinder.de\/wp-content\/uploads\/2016\/08\/P8270964-768x576.jpg 768w, https:\/\/fernwehkinder.de\/wp-content\/uploads\/2016\/08\/P8270964-1024x768.jpg 1024w\" sizes=\"auto, (max-width: 300px) 100vw, 300px\" \/><img loading=\"lazy\" decoding=\"async\" class=\"wp-image-888 size-medium alignleft\" src=\"http:\/\/fernwehkinder.de\/wp-content\/uploads\/2016\/08\/P8270967-300x225.jpg\" width=\"300\" height=\"225\" srcset=\"https:\/\/fernwehkinder.de\/wp-content\/uploads\/2016\/08\/P8270967-300x225.jpg 300w, https:\/\/fernwehkinder.de\/wp-content\/uploads\/2016\/08\/P8270967-768x576.jpg 768w, https:\/\/fernwehkinder.de\/wp-content\/uploads\/2016\/08\/P8270967-1024x768.jpg 1024w\" sizes=\"auto, (max-width: 300px) 100vw, 300px\" \/><img loading=\"lazy\" decoding=\"async\" class=\"wp-image-892 size-medium alignright\" src=\"http:\/\/fernwehkinder.de\/wp-content\/uploads\/2016\/08\/P8270966-225x300.jpg\" width=\"225\" height=\"300\" srcset=\"https:\/\/fernwehkinder.de\/wp-content\/uploads\/2016\/08\/P8270966-225x300.jpg 225w, https:\/\/fernwehkinder.de\/wp-content\/uploads\/2016\/08\/P8270966-768x1024.jpg 768w\" sizes=\"auto, (max-width: 225px) 100vw, 225px\" \/><\/p>\n<p>&nbsp;<\/p>\n<p>&nbsp;<\/p>\n<p>&nbsp;<\/p>\n<p>&nbsp;<\/p>\n<p>&nbsp;<\/p>\n<p>&nbsp;<\/p>\n<p>&nbsp;<\/p>\n<p>&nbsp;<\/p>\n<p>&nbsp;<\/p>\n<p>Jonas hatte sich gedacht,\u00a0Aurelia nach dem Zoobesuch noch zu sich nach Hause einzuladen. Sie wollte aber lieber zum\u00a0Kennenlernfest der Flinken Forscher und lud in kurzerhand zu uns ins Auto ein. Also hatte ich theoretisch vier Kinder im Schlepptau, stand aber praktisch trotzdem \u00f6fters ganz allein auf dem\u00a0\u00a0Spielplatz, weil die beiden Gro\u00dfen\u00a0drinnen in der Holzburg Ritter und Prinzessin spielten und die Kleinen sich einfach zu den anderen Kindern gesellten.<\/p>\n<p>&nbsp;<\/p>\n<p>&nbsp;<\/p>\n<figure id=\"attachment_889\" aria-describedby=\"caption-attachment-889\" style=\"width: 220px\" class=\"wp-caption alignleft\"><img loading=\"lazy\" decoding=\"async\" class=\"wp-image-889\" src=\"http:\/\/fernwehkinder.de\/wp-content\/uploads\/2016\/08\/P8270973-300x225.jpg\" alt=\"OLYMPUS DIGITAL CAMERA\" width=\"220\" height=\"165\" srcset=\"https:\/\/fernwehkinder.de\/wp-content\/uploads\/2016\/08\/P8270973-300x225.jpg 300w, https:\/\/fernwehkinder.de\/wp-content\/uploads\/2016\/08\/P8270973-768x576.jpg 768w, https:\/\/fernwehkinder.de\/wp-content\/uploads\/2016\/08\/P8270973-1024x768.jpg 1024w\" sizes=\"auto, (max-width: 220px) 100vw, 220px\" \/><figcaption id=\"caption-attachment-889\" class=\"wp-caption-text\">Oh, Wasser, prima!<\/figcaption><\/figure>\n<figure id=\"attachment_891\" aria-describedby=\"caption-attachment-891\" style=\"width: 220px\" class=\"wp-caption alignright\"><img loading=\"lazy\" decoding=\"async\" class=\"wp-image-891\" src=\"http:\/\/fernwehkinder.de\/wp-content\/uploads\/2016\/08\/P8270984-300x225.jpg\" alt=\"OLYMPUS DIGITAL CAMERA\" width=\"220\" height=\"165\" srcset=\"https:\/\/fernwehkinder.de\/wp-content\/uploads\/2016\/08\/P8270984-300x225.jpg 300w, https:\/\/fernwehkinder.de\/wp-content\/uploads\/2016\/08\/P8270984-768x576.jpg 768w, https:\/\/fernwehkinder.de\/wp-content\/uploads\/2016\/08\/P8270984-1024x768.jpg 1024w\" sizes=\"auto, (max-width: 220px) 100vw, 220px\" \/><figcaption id=\"caption-attachment-891\" class=\"wp-caption-text\">Das bin ja ich! Cari beim Kennenlernfest<\/figcaption><\/figure>\n<figure id=\"attachment_890\" aria-describedby=\"caption-attachment-890\" style=\"width: 220px\" class=\"wp-caption alignright\"><img loading=\"lazy\" decoding=\"async\" class=\"wp-image-890\" src=\"http:\/\/fernwehkinder.de\/wp-content\/uploads\/2016\/08\/P8270975-300x225.jpg\" alt=\"OLYMPUS DIGITAL CAMERA\" width=\"220\" height=\"165\" srcset=\"https:\/\/fernwehkinder.de\/wp-content\/uploads\/2016\/08\/P8270975-300x225.jpg 300w, https:\/\/fernwehkinder.de\/wp-content\/uploads\/2016\/08\/P8270975-768x576.jpg 768w, https:\/\/fernwehkinder.de\/wp-content\/uploads\/2016\/08\/P8270975-1024x768.jpg 1024w\" sizes=\"auto, (max-width: 220px) 100vw, 220px\" \/><figcaption id=\"caption-attachment-890\" class=\"wp-caption-text\">Das Atelier ist mein Lieblingsraum<\/figcaption><\/figure>\n<div class=\"mceTemp\"><\/div>\n<p>&nbsp;<\/p>\n<p>&nbsp;<\/p>\n<p>&nbsp;<\/p>\n<p>&nbsp;<\/p>\n<p>&nbsp;<\/p>\n<hr \/>\n<p><img loading=\"lazy\" decoding=\"async\" class=\"size-medium wp-image-903 alignleft\" src=\"http:\/\/fernwehkinder.de\/wp-content\/uploads\/2016\/08\/20160829_095217-300x169.jpg\" alt=\"20160829_095217\" width=\"300\" height=\"169\" srcset=\"https:\/\/fernwehkinder.de\/wp-content\/uploads\/2016\/08\/20160829_095217-300x169.jpg 300w, https:\/\/fernwehkinder.de\/wp-content\/uploads\/2016\/08\/20160829_095217-768x432.jpg 768w, https:\/\/fernwehkinder.de\/wp-content\/uploads\/2016\/08\/20160829_095217-1024x576.jpg 1024w\" sizes=\"auto, (max-width: 300px) 100vw, 300px\" \/>P<img loading=\"lazy\" decoding=\"async\" class=\"size-medium wp-image-904 alignright\" src=\"http:\/\/fernwehkinder.de\/wp-content\/uploads\/2016\/08\/20160829_095246-300x169.jpg\" alt=\"20160829_095246\" width=\"300\" height=\"169\" srcset=\"https:\/\/fernwehkinder.de\/wp-content\/uploads\/2016\/08\/20160829_095246-300x169.jpg 300w, https:\/\/fernwehkinder.de\/wp-content\/uploads\/2016\/08\/20160829_095246-768x432.jpg 768w, https:\/\/fernwehkinder.de\/wp-content\/uploads\/2016\/08\/20160829_095246-1024x576.jpg 1024w\" sizes=\"auto, (max-width: 300px) 100vw, 300px\" \/>\u00fcnktlich zum ersten Tag im Kindergarten hat Cari am Sonntag bei <a href=\"http:\/\/fernwehkinder.de\/?p=501\">Diana <\/a>&#8218;mal eben zw\u00f6lf Schrittchen am St\u00fcck gezeigt. Entsprechend unsicher habe ich am Montag die Frage der Erzieherin beantwortet, ob beide schon laufen. Wir einigten uns auf &#8222;erste Schritte&#8220;. Die Stunde im Kindergarten verging wie im Fluge, Aurelia durfte mitkommen, weil sie ja noch Ferien hat. Sehr nett!<\/p>\n<hr \/>\n<p><img loading=\"lazy\" decoding=\"async\" class=\"size-medium wp-image-905 alignleft\" src=\"http:\/\/fernwehkinder.de\/wp-content\/uploads\/2016\/08\/20160829_111352-300x169.jpg\" alt=\"20160829_111352\" width=\"300\" height=\"169\" srcset=\"https:\/\/fernwehkinder.de\/wp-content\/uploads\/2016\/08\/20160829_111352-300x169.jpg 300w, https:\/\/fernwehkinder.de\/wp-content\/uploads\/2016\/08\/20160829_111352-768x432.jpg 768w, https:\/\/fernwehkinder.de\/wp-content\/uploads\/2016\/08\/20160829_111352-1024x576.jpg 1024w\" sizes=\"auto, (max-width: 300px) 100vw, 300px\" \/><img loading=\"lazy\" decoding=\"async\" class=\"size-medium wp-image-906 alignright\" src=\"http:\/\/fernwehkinder.de\/wp-content\/uploads\/2016\/08\/20160829_111418-300x169.jpg\" alt=\"20160829_111418\" width=\"300\" height=\"169\" srcset=\"https:\/\/fernwehkinder.de\/wp-content\/uploads\/2016\/08\/20160829_111418-300x169.jpg 300w, https:\/\/fernwehkinder.de\/wp-content\/uploads\/2016\/08\/20160829_111418-768x432.jpg 768w, https:\/\/fernwehkinder.de\/wp-content\/uploads\/2016\/08\/20160829_111418-1024x576.jpg 1024w\" sizes=\"auto, (max-width: 300px) 100vw, 300px\" \/>Danach ging es weiter zur Kinder\u00e4rztin, Aurelias U9 stand an. Sie hatte mich gebeten, etwas fr\u00fcher dort zu sein, weil es in der Praxis so tolle Malvorlagen gibt. Na gut, also 20 Minuten vor der Zeit, damit meine Prinzessinnen noch Eisk\u00f6niginnen ausmalen k\u00f6nnen.<\/p>\n<p>Die Untersuchung grenzt mit drei kleinen M\u00e4dels an Abenteuerurlaub: Wir hatten den Buggy aus Platzgr\u00fcnden im Wartezimmer stehen gelassen. Mit zwei Minim\u00e4usen an der Hand musste ich Aurelia zur Toilette lotsen, um eine Urinprobe abzugeben. Wir jonglierten noch mit dem Becher, als Aurelia an mir vorbei schauend fragte: &#8222;D\u00fcrfen die beiden die Reserverolle abwickeln?&#8220; Nein, nat\u00fcrlich nicht. Der Schaden war schnell behoben, auch mein kurz an die Seite gelegter Autoschl\u00fcssel wieder aus dem M\u00fclleimer gefischt.\u00a0W\u00e4hrend ich dann zu Beginn der Untersuchung Aurelia den Rei\u00dfverschluss am Kleid \u00f6ffnete, flitzte Nele zum Rechner und schaltete ihn aus. W\u00e4hrend die Arzthelferin ihn wiederbelebte, musste ich mich entscheiden, wen ich mir zuerst schnappte: Cari piddelte einen kleinen Teil der aufgeklebten Messlatte von der Wand, w\u00e4hrend Nele nun am anderen Ende des Behandlungsraums die L\u00e4nge der Druckerrolle des\u00a0Ultraschallger\u00e4ts pr\u00fcfte. Ich entschied mich f\u00fcr Nele, weil es schon ihr dritter\u00a0Bl\u00f6dsinn war. Als ich beide unter den Armen nach drau\u00dfen getragen und im Buggy angeschnallt hatte, konnte es weiter gehen. Theoretisch. <img loading=\"lazy\" decoding=\"async\" class=\"size-medium wp-image-902 alignright\" src=\"http:\/\/fernwehkinder.de\/wp-content\/uploads\/2016\/08\/20160829_120111-300x169.jpg\" alt=\"20160829_120111\" width=\"300\" height=\"169\" srcset=\"https:\/\/fernwehkinder.de\/wp-content\/uploads\/2016\/08\/20160829_120111-300x169.jpg 300w, https:\/\/fernwehkinder.de\/wp-content\/uploads\/2016\/08\/20160829_120111-768x432.jpg 768w, https:\/\/fernwehkinder.de\/wp-content\/uploads\/2016\/08\/20160829_120111-1024x576.jpg 1024w\" sizes=\"auto, (max-width: 300px) 100vw, 300px\" \/>Denn nun stand der H\u00f6rtest an und die beiden quatschten gut gelaunt miteinander. Also wurden wir\u00a0vor die T\u00fcr geschickt.<br \/>\nErst zum Sehtest durften wir wieder reinkommen, das wollte Aurelia lieber machen, wenn ich dabei bin, um mir die tolle Brille zu zeigen. Die U9 hatte zufriedenstellende Ergebnisse, einziger Schwachpunkt waren die Artikel, da irrte sie sich zweimal. Dazu bekamen wir den Rat, \u00f6fter deutsche B\u00fccher zu lesen, weil Aurelia offensichtlich im Englischen einen\u00a0gr\u00f6\u00dfere Sprachkompetenz hat. Wird gemacht!<\/p>\n<p>Leider gab es f\u00fcr den geschwollenen Lymphknoten immer noch keine eindeutige Diagnose. Am Dienstag fuhren Aurelia und ich daher in die Uniklinik. Fast f\u00fcnf Stunden mussten wir dort verbringen, ohne dass wir auch nur einen Schritt weiter sind. Beide Arme der armen Maus wurden f\u00fcr Blutentnahmen durchl\u00f6chert. Dass der Lymphknoten und die Milz vergr\u00f6\u00dfert sind, wurde in der Radiologie festgestellt. Na prima, das kann ich ja sogar als Laie sehen bzw. tasten! Aber all die Hundert Ultraschallfotos und Blutuntersuchungen brachten kein Ergebnis. Zwei Blutwerte brauchen l\u00e4nger, daf\u00fcr m\u00fcssen wir n\u00e4chste Woche noch einmal wiederkommen. Wir sollen einen Termin in der Kinderonkologie vereinbaren. All die Beschwichtigungsversuche wie &#8222;Da schicken wir alle geschwollenen Lymphknoten zur Kontrolle hin&#8220; und &#8222;In 80 % aller F\u00e4lle ist es vollkommen harmlos&#8220; beruhigen mich nicht so richtig. Auch wenn ich mir in der Klinik in Aurelias Gegenwart nichts anmerken lie\u00df, es lie\u00df mir keine Ruhe. Nachts tr\u00e4umte ich davon, dass bei ihr Leuk\u00e4mie diagnostiziert w\u00fcrde und ich sofort mein Haus verkaufe, um durch einen Umzug in die Eifel zumindest die beiden Kleinen vor diesem Schicksal zu bewahren. \u00dcber unseren Garten hinweg verl\u00e4uft ja eine Hochspannung und es ist doch\u00a0immer wieder davon die Rede, dass diese Strahlung ein erh\u00f6htes Krebsrisiko birgt. Deshalb waren wir auch\u00a0schon mehrmals auf Demonstationen und unterst\u00fctzen die\u00a0B\u00fcrgerinitiative IG H\u00fcrth gegen Hochspannung e.V. bei ihrem Kampf &#8222;David gegen Goliath&#8220;, denn die Firma Amprion will &#8222;unsere&#8220; drei bisherigen Leitungen mit 40 m-Masten durch zwei Leitungen mit 90 m-Masten ersetzen.<\/p>\n<p>Die drei \u00c4rzte berieten sich jedenfalls noch weiter und verschieben\u00a0au\u00dferdem\u00a0ein Antibiotikum. In ganz seltenen F\u00e4llen gibt es wohl Entz\u00fcndungen im K\u00f6rper, die im Blut nicht nachgewiesen werden. Mit etwas Gl\u00fcck ist das bei Aurelia der Fall und durch die Gabe von Antibiotika geht die Schwellung zur\u00fcck. Leider hat das verschriebene Medikament einen absolut ekligen Geschmack. Der sehr bitter schmeckende Wirkstoff wird mit einem widerlich s\u00fc\u00dfen Tutti-Frutti-Aroma UND einem sauscharfen Minzaroma zu \u00fcberdecken versucht. Es bleibt leider beim Versuch. Aurelia musste beim ersten Schluck schon w\u00fcrgen. Ein leicht dahin gesagtes &#8222;Schau mal, so schlimm schmeckt das doch gar nicht!&#8220; der Oma f\u00fchrte bei dieser zu Brechreiz. Ich versuchte auch ein Tr\u00f6pfchen: Wirklich widerlich. Trotzdem. Wir k\u00e4mpften weiter, denn Aurelia wollte ja nicht in die Klinik, um Antibiotika per Tropf zu bekommen. Aber es endete damit, dass sie nach dem Schlucken alles wieder erbrach. Sogar die Tapferkeitspizza, die wir nach der langen Strapaze in der Klinik bestellt hatten! Heute morgen haben wir dann mit Hilfe\u00a0unserer Kinder\u00e4rztinnen und unseres Apothekers ein Medikament gefunden, das genauso gut wirkt, aber auch drin bleibt und mild nach Erdbeere schmeckt. Puh! Dr\u00fcckt uns die Daumen und betet f\u00fcr uns, dass das Antibiotikum anschl\u00e4gt.<\/p>\n<hr \/>\n<p>Heute an ihrem letzten Ferientag ist meine gro\u00dfe Fernwehmaus mit Papa nach Gie\u00dfen gefahren. Shoppen mit der gro\u00dfen Schwester ist genau das Richtige nach solch einem doofen Tag. Die Kleinen finden den Kindergarten wohl gut, denn ich konnte heute schon 20 Minuten nach drau\u00dfen gehen, ohne das eine von beiden mir nachweinte. Wie sch\u00f6n f\u00fcr mein Ego, dass sich zumindest Nele freute, als ich zur\u00fcck kam. Cari hatte mich wohl nicht einmal vermisst, schaute kurz auf und spielte fr\u00f6hlich mit ihrer Bezugsbetreuerin weiter&#8230;<\/p>\n","protected":false},"excerpt":{"rendered":"<p>Seit Montag habe ich keine Babys mehr, sondern Kindergartenkinder. Wir haben mit der Eingew\u00f6hnung im Nestbereich eines Kindergartens namens Flinke Forscher begonnen. Der&#8230;<\/p>\n","protected":false},"author":1,"featured_media":880,"comment_status":"open","ping_status":"open","sticky":false,"template":"","format":"standard","meta":{"jetpack_post_was_ever_published":false,"_jetpack_newsletter_access":"","_jetpack_dont_email_post_to_subs":false,"_jetpack_newsletter_tier_id":0,"_jetpack_memberships_contains_paywalled_content":false,"_jetpack_memberships_contains_paid_content":false,"footnotes":""},"categories":[7],"tags":[66,57,51],"class_list":["post-895","post","type-post","status-publish","format-standard","has-post-thumbnail","hentry","category-kinder","tag-freunde","tag-gesundheit","tag-lernen"],"jetpack_featured_media_url":"https:\/\/fernwehkinder.de\/wp-content\/uploads\/2016\/08\/P8270929.jpg","jetpack_sharing_enabled":true,"jetpack-related-posts":[],"jetpack_likes_enabled":true,"_links":{"self":[{"href":"https:\/\/fernwehkinder.de\/index.php?rest_route=\/wp\/v2\/posts\/895","targetHints":{"allow":["GET"]}}],"collection":[{"href":"https:\/\/fernwehkinder.de\/index.php?rest_route=\/wp\/v2\/posts"}],"about":[{"href":"https:\/\/fernwehkinder.de\/index.php?rest_route=\/wp\/v2\/types\/post"}],"author":[{"embeddable":true,"href":"https:\/\/fernwehkinder.de\/index.php?rest_route=\/wp\/v2\/users\/1"}],"replies":[{"embeddable":true,"href":"https:\/\/fernwehkinder.de\/index.php?rest_route=%2Fwp%2Fv2%2Fcomments&post=895"}],"version-history":[{"count":0,"href":"https:\/\/fernwehkinder.de\/index.php?rest_route=\/wp\/v2\/posts\/895\/revisions"}],"wp:featuredmedia":[{"embeddable":true,"href":"https:\/\/fernwehkinder.de\/index.php?rest_route=\/wp\/v2\/media\/880"}],"wp:attachment":[{"href":"https:\/\/fernwehkinder.de\/index.php?rest_route=%2Fwp%2Fv2%2Fmedia&parent=895"}],"wp:term":[{"taxonomy":"category","embeddable":true,"href":"https:\/\/fernwehkinder.de\/index.php?rest_route=%2Fwp%2Fv2%2Fcategories&post=895"},{"taxonomy":"post_tag","embeddable":true,"href":"https:\/\/fernwehkinder.de\/index.php?rest_route=%2Fwp%2Fv2%2Ftags&post=895"}],"curies":[{"name":"wp","href":"https:\/\/api.w.org\/{rel}","templated":true}]}}